{"id":136805,"date":"2021-06-15T15:46:24","date_gmt":"2021-06-15T12:46:24","guid":{"rendered":"https:\/\/www.enerjigazetesi.ist\/?p=136805"},"modified":"2021-06-15T15:46:24","modified_gmt":"2021-06-15T12:46:24","slug":"is-dunyasi-bm-ve-hukumet-temsilcileri-un-global-compact-liderler-zirvesi-nde","status":"publish","type":"post","link":"https:\/\/www.enerjigazetesi.ist\/en\/is-dunyasi-bm-ve-hukumet-temsilcileri-un-global-compact-liderler-zirvesi-nde\/","title":{"rendered":"(Turkish) \u0130\u015f D\u00fcnyas\u0131, BM ve H\u00fck\u00fcmet Temsilcileri UN Global Compact Liderler Zirvesi&#8217;nde"},"content":{"rendered":"<p class=\"qtranxs-available-languages-message qtranxs-available-languages-message-en\">Sorry, this entry is only available in <a href=\"https:\/\/www.enerjigazetesi.ist\/tr\/wp-json\/wp\/v2\/posts\/136805\" class=\"qtranxs-available-language-link qtranxs-available-language-link-tr\" title=\"Turkish\">Turkish<\/a>. For the sake of viewer convenience, the content is shown below in the alternative language. You may click the link to switch the active language.<\/p><p><strong>K\u00fcresel salg\u0131n\u0131n ard\u0131ndan daha iyi bir gelece\u011fi in\u015fa etmek i\u00e7in 15- 16 Haziran 2021\u2019de d\u00fcnyan\u0131n d\u00f6rt bir yan\u0131ndan 13.000\u2019den fazla i\u015f d\u00fcnyas\u0131 lideri; aralar\u0131nda Birle\u015fmi\u015f Milletler, h\u00fck\u00fcmetler, sivil toplum ve akademiden temsilcilerin yer ald\u0131\u011f\u0131 s\u00fcrd\u00fcr\u00fclebilirlik liderleri ile UN Global Compact Liderler Zirvesi\u2019nde bulu\u015facak. <\/strong><\/p>\n<p><strong>Dijital platformlar<\/strong> \u00fczerinden yay\u0131nlanacak zirvenin 2&#8217;inci g\u00fcn\u00fcnde <strong>Global Compact T\u00fcrkiye<\/strong> taraf\u0131ndan <strong>\u0130\u015f D\u00fcnyas\u0131 Plastik Giri\u015fimi<\/strong> hakk\u0131nda T\u00fcrk\u00e7e bir oturum d\u00fczenlenecek. Global Compact <img loading=\"lazy\" class=\"alignright wp-image-136807\" src=\"https:\/\/www.enerjigazetesi.ist\/wp-content\/uploads\/2021\/06\/is-dunyasi-bm-ve-hukumet-temsilcileri-un-global-compact-liderler-zirvesi-nde.jpg\" alt=\"\" width=\"320\" height=\"180\" srcset=\"https:\/\/www.enerjigazetesi.ist\/wp-content\/uploads\/2021\/06\/is-dunyasi-bm-ve-hukumet-temsilcileri-un-global-compact-liderler-zirvesi-nde.jpg 550w, https:\/\/www.enerjigazetesi.ist\/wp-content\/uploads\/2021\/06\/is-dunyasi-bm-ve-hukumet-temsilcileri-un-global-compact-liderler-zirvesi-nde-300x169.jpg 300w, https:\/\/www.enerjigazetesi.ist\/wp-content\/uploads\/2021\/06\/is-dunyasi-bm-ve-hukumet-temsilcileri-un-global-compact-liderler-zirvesi-nde-500x281.jpg 500w, https:\/\/www.enerjigazetesi.ist\/wp-content\/uploads\/2021\/06\/is-dunyasi-bm-ve-hukumet-temsilcileri-un-global-compact-liderler-zirvesi-nde-80x45.jpg 80w\" sizes=\"(max-width: 320px) 100vw, 320px\" \/>T\u00fcrkiye \u00c7evre \u00c7al\u0131\u015fma Grubu E\u015fba\u015fkan\u0131 <strong>Ebru Bakkalo\u011flu<\/strong> T\u00fczecan moderat\u00f6rl\u00fc\u011f\u00fcnde ve Anadolu Efes CEO\u2019su Can \u00c7aka, Kibar Holding CEO\u2019su <strong>Haluk Kayaba\u015f\u0131<\/strong> ve Vestel Grup \u015eirketleri CEO\u2019su <strong>Turan Erdo\u011fan<\/strong>\u2019\u0131n kat\u0131l\u0131m\u0131yla ger\u00e7ekle\u015fecek oturumda, Giri\u015fimde yer alan \u015firketler<strong> taahh\u00fct verme s\u00fcrecindeki deneyimlerini<\/strong> payla\u015facaklar.<\/p>\n<p><strong>15 \u2013 16 Haziran 2021<\/strong> tarihlerinde online olarak d\u00fczenlenecek <strong>UN Global Compact Liderler Zirvesi<\/strong> d\u00fcnya genelindeki yerel a\u011flar\u0131n\u0131n da ev sahipli\u011fi yapaca\u011f\u0131 oturumlarla toplamda<strong> 26 saat<\/strong> s\u00fcrecek. Zirve\u2019de <strong>iklim de\u011fi\u015fikli\u011fi krizleri<\/strong>nin, COVID-19 salg\u0131n\u0131n\u0131n, <strong>derinle\u015fen sosyal<\/strong> ve <strong>ekonomik<\/strong> e\u015fitsizliklerin masaya yat\u0131r\u0131lmas\u0131 ve <strong>s\u00fcrd\u00fcr\u00fclebilir bir toparlanma<\/strong> i\u00e7in yol haritas\u0131 sunulmas\u0131 hedefleniyor.<\/p>\n<p><strong>2 g\u00fcn s\u00fcrecek Zirve<\/strong>\u2019ye kat\u0131laca\u011f\u0131 kesinle\u015fen konu\u015fmac\u0131lar aras\u0131nda <em>Singapur Cumhurba\u015fkan\u0131 Halimah Yacob, Jamaika Ba\u015fbakan\u0131, Andrew Holness, Kore Cumhuriyeti Ba\u015fbakan\u0131 \u00a0Kim Boo-kyum, Katar D\u0131\u015fi\u015fleri Bakan\u0131 Soltan bin Saad Al-Muraikhi; BM Genel Sekreteri Ant\u00f3nio Guterres; BM Genel Sekreter Yard\u0131mc\u0131s\u0131 Amina J. Muhammed; UNEP Genel M\u00fcd\u00fcr\u00fc Inger Andersen; BM \u0130nsan Haklar\u0131 Y\u00fcksek Komiseri Michelle Bachelet; Uluslararas\u0131 Sendikalar Konfederasyonu Genel Sekreteri Sharan Burrow, Ford Vakf\u0131 Ba\u015fkan\u0131 Darren Walker ve UN Global Compact CEO&#8217;su Sanda Ojiambo<\/em> bulunuyor.<\/p>\n<p><strong>15 Haziran 2021<\/strong> T\u00fcrkiye saatiyle <strong>20.15\u2019de<\/strong> <em>T\u00fcrkiye, \u0130ngiltere, Meksika ve Sri Lanka<\/em> yerel a\u011flar\u0131ndan temsilcilerle i\u015f d\u00fcnyas\u0131nda \u00e7e\u015fitlilik ve kapsay\u0131c\u0131l\u0131k uygulamalar\u0131n\u0131n masaya yat\u0131r\u0131laca\u011f\u0131 <strong>\u201cResponsible Business: Diversity and Inclusion at Worksplace\u201d<\/strong> oturumunda Global Compact T\u00fcrkiye Ba\u015fkan Yard\u0131mc\u0131s\u0131 ve \u00c7e\u015fitlilik ve Kapsay\u0131c\u0131l\u0131k \u00c7al\u0131\u015fma Grubu E\u015fba\u015fkan\u0131 Demet \u0130kiler yer alacak.<\/p>\n<p><strong>16 Haziran 2021<\/strong> T\u00fcrkiye saatiyle<strong> 9:00<\/strong>\u2019da <strong>Global Compact T\u00fcrkiye, SKD T\u00fcrkiye<\/strong> ve <strong>T\u00dcS\u0130AD<\/strong> i\u015fbirli\u011fiyle hayata ge\u00e7irilen \u0130\u015f D\u00fcnyas\u0131 Plastik Giri\u015fimi hakk\u0131nda bir panel ger\u00e7ekle\u015fecek. Global Compact T\u00fcrkiye \u00c7evre \u00c7al\u0131\u015fma Grubu E\u015fba\u015fkan\u0131 <strong>Ebru T\u00fczecan<\/strong> moderat\u00f6rl\u00fc\u011f\u00fcnde T\u00fcrk\u00e7e olarak ger\u00e7ekle\u015fecek panelde <em>Anadolu Efes CEO\u2019su Can \u00c7aka, Kibar Holding CEO\u2019su Haluk Kayaba\u015f\u0131 ve Vestel Grup \u015eirketleri CEO\u2019su Turan Erdo\u011fan<\/em> <strong>plastik taahh\u00fctlerini belirleme s\u00fcre\u00e7leri<\/strong>ndeki deneyimleri ve stratejik yakla\u015f\u0131mlar\u0131n\u0131 payla\u015facaklar.<\/p>\n<p><strong>16 Haziran 2021<\/strong> T\u00fcrkiye saatiyle <strong>14:00\u2019te<\/strong><em> T\u00fcrkiye, Bulgaristan, G\u00fcrcistan, Polonya, Rusya, S\u0131rbistan Ukrayna i\u015fbirli\u011fiyle<\/em> ger\u00e7ekle\u015fecek <strong>\u201cCapitalizing on Innovation to fast-track SDGs in Eastern Europe\u201d<\/strong> ba\u015fl\u0131kl\u0131 b\u00f6lgesel oturumda Unilever T\u00fcrkiye, Orta Asya ve \u0130ran Y\u00f6netim Kurulu \u00dcyesi Kamuran U\u00e7ar<strong> panelist olarak<\/strong> yer alacak.<\/p>\n<p><strong>Liderler Zirvesi hakk\u0131nda bilgi almak i\u00e7in:<\/strong>\u00a0<a href=\"https:\/\/na.eventscloud.com\/website\/23790\/\">https:\/\/na.eventscloud.com\/website\/23790\/<\/a>\u00a0adresini ziyaret edebilir,<\/p>\n<p><strong>Etkinli\u011fe kay\u0131t olmak i\u00e7in ise:<\/strong>\u00a0<a href=\"https:\/\/hopin.com\/events\/ungc_leaderssummit2021?code=96AZyQ3Rfeps9wn67oOJYQqaH\">https:\/\/hopin.com\/events\/ungc_leaderssummit2021?code=96AZyQ3Rfeps9wn67oOJYQqaH<\/a>\u00a0linkini ziyaret edebilirsiniz.<\/p>","protected":false},"excerpt":{"rendered":"<p>Sorry, this entry is only available in Turkish. For the sake of viewer convenience, the content is shown below in the alternative language. You may click the link to switch the active language.K\u00fcresel salg\u0131n\u0131n ard\u0131ndan daha iyi bir gelece\u011fi in\u015fa etmek i\u00e7in 15- 16 Haziran 2021\u2019de d\u00fcnyan\u0131n d\u00f6rt bir yan\u0131ndan 13.000\u2019den fazla i\u015f d\u00fcnyas\u0131 lideri; [&hellip;]<\/p>\n","protected":false},"author":1,"featured_media":136807,"comment_status":"open","ping_status":"open","sticky":false,"template":"","format":"standard","meta":[],"categories":[53],"tags":[91997,76848,91998,57125,91996],"views":115,"_links":{"self":[{"href":"https:\/\/www.enerjigazetesi.ist\/en\/wp-json\/wp\/v2\/posts\/136805"}],"collection":[{"href":"https:\/\/www.enerjigazetesi.ist\/en\/wp-json\/wp\/v2\/posts"}],"about":[{"href":"https:\/\/www.enerjigazetesi.ist\/en\/wp-json\/wp\/v2\/types\/post"}],"author":[{"embeddable":true,"href":"https:\/\/www.enerjigazetesi.ist\/en\/wp-json\/wp\/v2\/users\/1"}],"replies":[{"embeddable":true,"href":"https:\/\/www.enerjigazetesi.ist\/en\/wp-json\/wp\/v2\/comments?post=136805"}],"version-history":[{"count":0,"href":"https:\/\/www.enerjigazetesi.ist\/en\/wp-json\/wp\/v2\/posts\/136805\/revisions"}],"wp:featuredmedia":[{"embeddable":true,"href":"https:\/\/www.enerjigazetesi.ist\/en\/wp-json\/wp\/v2\/media\/136807"}],"wp:attachment":[{"href":"https:\/\/www.enerjigazetesi.ist\/en\/wp-json\/wp\/v2\/media?parent=136805"}],"wp:term":[{"taxonomy":"category","embeddable":true,"href":"https:\/\/www.enerjigazetesi.ist\/en\/wp-json\/wp\/v2\/categories?post=136805"},{"taxonomy":"post_tag","embeddable":true,"href":"https:\/\/www.enerjigazetesi.ist\/en\/wp-json\/wp\/v2\/tags?post=136805"}],"curies":[{"name":"wp","href":"https:\/\/api.w.org\/{rel}","templated":true}]}}