{"id":136776,"date":"2021-06-15T13:09:25","date_gmt":"2021-06-15T10:09:25","guid":{"rendered":"https:\/\/www.enerjigazetesi.ist\/?p=136776"},"modified":"2021-06-15T13:09:37","modified_gmt":"2021-06-15T10:09:37","slug":"socar-turkiye-nin-yonetim-binalari-enerjisini-yesil-enerjiden-alacak","status":"publish","type":"post","link":"https:\/\/www.enerjigazetesi.ist\/en\/socar-turkiye-nin-yonetim-binalari-enerjisini-yesil-enerjiden-alacak\/","title":{"rendered":"(Turkish) &#8217;SOCAR T\u00fcrkiye&#8217;nin Y\u00f6netim Binalar\u0131 Enerjisini \u2018Ye\u015fil Enerji\u2019den Alacak"},"content":{"rendered":"<p class=\"qtranxs-available-languages-message qtranxs-available-languages-message-en\">Sorry, this entry is only available in <a href=\"https:\/\/www.enerjigazetesi.ist\/tr\/wp-json\/wp\/v2\/posts\/136776\" class=\"qtranxs-available-language-link qtranxs-available-language-link-tr\" title=\"Turkish\">Turkish<\/a>. For the sake of viewer convenience, the content is shown below in the alternative language. You may click the link to switch the active language.<\/p><p><strong>T\u00fcrkiye\u2019nin en b\u00fcy\u00fck do\u011frudan d\u0131\u015f yat\u0131r\u0131mc\u0131s\u0131 SOCAR T\u00fcrkiye, karbon ayak izini azaltma hedefiyle, i\u00e7inde Vadistanbul\u2019daki Genel Merkezi\u2019nin de bulundu\u011fu i\u015ftiraklerine ait y\u00f6netim binalar\u0131nda ve baz\u0131 tesislerinde \u2018ye\u015fil enerji\u2019 kullanacak. 2021 y\u0131l\u0131nda 14,5 milyon kilovat saatlik toplam 22 elektrik t\u00fcketim noktas\u0131 ye\u015fil enerjiye d\u00f6necek.<\/strong><\/p>\n<p>S\u00fcrd\u00fcr\u00fclebilir bir gelecek i\u00e7in yenilenebilir enerjinin \u00f6nemi her ge\u00e7en g\u00fcn artarken T\u00fcrkiye\u2019nin en b\u00fcy\u00fck do\u011frudan d\u0131\u015f yat\u0131r\u0131mc\u0131s\u0131 SOCAR T\u00fcrkiye, Vadistanbul\u2019daki genel merkez ve i\u015ftiraklerine ait<strong> 4<\/strong> y\u00f6netim binas\u0131, <strong>10<\/strong> istasyon, <strong>2<\/strong> depo ve depolama tesisi,<strong> 3<\/strong> acil m\u00fcdahale birim ofisi, <strong>2<\/strong> vana grubu ve 1 <img loading=\"lazy\" class=\"alignright wp-image-136778\" src=\"https:\/\/www.enerjigazetesi.ist\/wp-content\/uploads\/2021\/06\/socar-turkiye-nin-yonetim-binalari-enerjisini-yesil-enerjiden-alacak-2.jpg\" alt=\"\" width=\"320\" height=\"239\" srcset=\"https:\/\/www.enerjigazetesi.ist\/wp-content\/uploads\/2021\/06\/socar-turkiye-nin-yonetim-binalari-enerjisini-yesil-enerjiden-alacak-2.jpg 550w, https:\/\/www.enerjigazetesi.ist\/wp-content\/uploads\/2021\/06\/socar-turkiye-nin-yonetim-binalari-enerjisini-yesil-enerjiden-alacak-2-300x224.jpg 300w, https:\/\/www.enerjigazetesi.ist\/wp-content\/uploads\/2021\/06\/socar-turkiye-nin-yonetim-binalari-enerjisini-yesil-enerjiden-alacak-2-500x374.jpg 500w, https:\/\/www.enerjigazetesi.ist\/wp-content\/uploads\/2021\/06\/socar-turkiye-nin-yonetim-binalari-enerjisini-yesil-enerjiden-alacak-2-67x50.jpg 67w\" sizes=\"(max-width: 320px) 100vw, 320px\" \/>ar\u015fiv binas\u0131 olmak \u00fczere toplam<strong> 22 t\u00fcketim noktas\u0131nda<\/strong> kullan\u0131lan elektri\u011fi<strong> \u2018ye\u015fil enerji\u2019<\/strong>den kar\u015f\u0131layacak.<\/p>\n<p><strong>SOCAR T\u00fcrkiye CEO\u2019su Zaur Gahramanov,\u00a0<\/strong><em>\u201cGrubumuzun stratejik \u00f6ncelikleri aras\u0131nda s\u00fcrd\u00fcr\u00fclebilirlik ba\u015fl\u0131\u011f\u0131 alt\u0131nda <strong>d\u00fc\u015f\u00fck karbon, d\u00f6ng\u00fcsel ekonomi<\/strong> ve<strong> \u00e7evre dostu operasyonlar\u0131n<\/strong> geli\u015ftirilmesi bulunuyor. <strong>S\u00fcrd\u00fcr\u00fclebilir enerjide<\/strong> elektri\u011fin hangi kaynaktan \u00fcretildi\u011fi, <strong>t\u00fcketiciler<\/strong> ve<strong> kurumlar<\/strong> i\u00e7in art\u0131k \u00e7ok daha \u00f6nemli. <strong>SOCAR T\u00fcrkiye<\/strong> olarak biz de bu y\u00f6nde bir ad\u0131m att\u0131k ve<strong> i\u015ftiraklerimizin merkezlerinin<\/strong> de bulundu\u011fu <strong>4<\/strong> y\u00f6netim binas\u0131 ile birlikte toplam<strong> 22 t\u00fcketim noktas\u0131nda<\/strong> t\u00fcketti\u011fimiz elektri\u011fi <strong>ye\u015fil enerjiye d\u00f6n\u00fc\u015ft\u00fcrmeye<\/strong> karar verdik. 2021 y\u0131l\u0131nda \u0130stanbul\u2019daki genel merkezimiz de dahil t\u00fcm bu noktalarda t\u00fcketilen elektri\u011fin toplam <strong>14,5 milyon kilovat saati<\/strong> bulaca\u011f\u0131 d\u00fc\u015f\u00fcn\u00fcld\u00fc\u011f\u00fcnde, her y\u0131l yakla\u015f\u0131k bu kadarl\u0131k elektrik t\u00fcketimimizin art\u0131k <strong>yenilenebilir kaynaklardan<\/strong> kar\u015f\u0131lanaca\u011f\u0131n\u0131 s\u00f6yleyebiliriz\u201d<\/em> dedi.<\/p>\n<h2><strong>YE\u015e\u0130L SERT\u0130F\u0130KALI ELEKTR\u0130K VE KARBON N\u00d6TR \u00dcR\u00dcNLER\u0130N\u0130N SATI\u015eINI YAPMAYA BA\u015eLADI<\/strong><\/h2>\n<p>Di\u011fer yandan SOCAR T\u00fcrkiye\u2019nin bir i\u015ftiraki olarak hem <strong>do\u011fal gaz<\/strong> hem de <strong>elektrik sat\u0131\u015f\u0131<\/strong> yaparak m\u00fc\u015fterilerinin enerji \u00e7\u00f6z\u00fcm orta\u011f\u0131 olan<strong> SOCAR Enerji Ticaret A.\u015e<\/strong>, nihai t\u00fcketicilerin <strong>karbon ayak izlerini azaltmak<\/strong> ve <strong>n\u00f6trle\u015ftirmek<\/strong> ad\u0131na yenilenebilir enerji kayna\u011f\u0131ndan \u00fcretilen ve <strong>Uluslararas\u0131 Yenilenebilir Enerji Sertifikas\u0131 (I-REC)<\/strong> ile belgelendirilmi\u015f ye\u015fil enerji ve Gold Standard, VCS gibi uluslararas\u0131 karbon sertifikas\u0131 sat\u0131\u015flar\u0131na ba\u015flad\u0131. Bu ba\u011flamda, SOCAR T\u00fcrkiye Enerji Ticaret A.\u015e, 2021 y\u0131l\u0131nda mevcut elektrik m\u00fc\u015fteri portf\u00f6y\u00fcn\u00fcn <strong>% 1,6<\/strong>\u2019s\u0131n\u0131, yani yakla\u015f\u0131k<strong> 33 milyon kilovat saatlik<\/strong> k\u0131sm\u0131n\u0131,<strong> \u201cye\u015fil enerji\u201d sat\u0131\u015f\u0131<\/strong> olarak ger\u00e7ekle\u015ftirdi. SOCAR Enerji Ticaret A.\u015e, m\u00fc\u015fterilerinin enerji \u00e7\u00f6z\u00fcm orta\u011f\u0131 olma vizyonu ile yenilenebilir enerji santrallerinin y\u00f6netimi, <strong>\u00fc\u00e7 fazdan<\/strong> olu\u015fan karbon n\u00f6trle\u015ftirme hizmeti <strong>Gold Standard<\/strong> ve <strong>VCS karbon sertifikasyon<\/strong> ve<strong> I-REC proje geli\u015ftirme hizmeti<\/strong> sunuyor.<\/p>\n<p>\u00d6zellikle AB\u2019ye ihracat yapan \u015firketler ve T\u00fcrkiye\u2019deki AB merkezli \u015firketlerin, <strong>karbon ayak izi azalt\u0131m\u0131<\/strong> veya s\u0131f\u0131rlamas\u0131 hedefiyle, <strong>ye\u015fil enerji t\u00fcketiminin ispat\u0131<\/strong> ve<strong> karbon emisyonlar\u0131n\u0131n n\u00f6trle\u015fmeye<\/strong> y\u00f6nelik ad\u0131mlar\u0131; <strong>ye\u015fil enerji<\/strong> ve <strong>karbon emisyon sertifikas\u0131<\/strong> ve bunlara ili\u015fkin proje geli\u015ftirmeye y\u00f6nelik talebi de art\u0131r\u0131yor. Geli\u015fmi\u015f \u00fclkelerle i\u015f yapmak isteyen, yurtd\u0131\u015f\u0131nda ihalelere kat\u0131lmak isteyen \u015firketler i\u00e7in de <strong>ye\u015fil enerji kullan\u0131m\u0131<\/strong> ve <strong>karbon emisyonlar\u0131n n\u00f6trle\u015fmi\u015f<\/strong> olmas\u0131 kendilerine pek \u00e7ok alanda <strong>\u00f6ncelik<\/strong> ve <strong>rekabet<\/strong> avantaj\u0131 sa\u011fl\u0131yor.<\/p>","protected":false},"excerpt":{"rendered":"<p>Sorry, this entry is only available in Turkish. For the sake of viewer convenience, the content is shown below in the alternative language. You may click the link to switch the active language.T\u00fcrkiye\u2019nin en b\u00fcy\u00fck do\u011frudan d\u0131\u015f yat\u0131r\u0131mc\u0131s\u0131 SOCAR T\u00fcrkiye, karbon ayak izini azaltma hedefiyle, i\u00e7inde Vadistanbul\u2019daki Genel Merkezi\u2019nin de bulundu\u011fu i\u015ftiraklerine ait y\u00f6netim binalar\u0131nda [&hellip;]<\/p>\n","protected":false},"author":1,"featured_media":136779,"comment_status":"open","ping_status":"open","sticky":false,"template":"","format":"standard","meta":[],"categories":[46,51,53],"tags":[3804,52259,33927,11399,41871,91971,1567,57125,88429,91970,3769,38657],"views":550,"_links":{"self":[{"href":"https:\/\/www.enerjigazetesi.ist\/en\/wp-json\/wp\/v2\/posts\/136776"}],"collection":[{"href":"https:\/\/www.enerjigazetesi.ist\/en\/wp-json\/wp\/v2\/posts"}],"about":[{"href":"https:\/\/www.enerjigazetesi.ist\/en\/wp-json\/wp\/v2\/types\/post"}],"author":[{"embeddable":true,"href":"https:\/\/www.enerjigazetesi.ist\/en\/wp-json\/wp\/v2\/users\/1"}],"replies":[{"embeddable":true,"href":"https:\/\/www.enerjigazetesi.ist\/en\/wp-json\/wp\/v2\/comments?post=136776"}],"version-history":[{"count":0,"href":"https:\/\/www.enerjigazetesi.ist\/en\/wp-json\/wp\/v2\/posts\/136776\/revisions"}],"wp:featuredmedia":[{"embeddable":true,"href":"https:\/\/www.enerjigazetesi.ist\/en\/wp-json\/wp\/v2\/media\/136779"}],"wp:attachment":[{"href":"https:\/\/www.enerjigazetesi.ist\/en\/wp-json\/wp\/v2\/media?parent=136776"}],"wp:term":[{"taxonomy":"category","embeddable":true,"href":"https:\/\/www.enerjigazetesi.ist\/en\/wp-json\/wp\/v2\/categories?post=136776"},{"taxonomy":"post_tag","embeddable":true,"href":"https:\/\/www.enerjigazetesi.ist\/en\/wp-json\/wp\/v2\/tags?post=136776"}],"curies":[{"name":"wp","href":"https:\/\/api.w.org\/{rel}","templated":true}]}}