{"id":136749,"date":"2021-06-14T14:26:53","date_gmt":"2021-06-14T11:26:53","guid":{"rendered":"https:\/\/www.enerjigazetesi.ist\/?p=136749"},"modified":"2021-06-14T14:26:53","modified_gmt":"2021-06-14T11:26:53","slug":"zorbaligi-birak-kampanyasi-ile-gencler-siber-zorbaliga-karsi-el-ele-veriyor","status":"publish","type":"post","link":"https:\/\/www.enerjigazetesi.ist\/en\/zorbaligi-birak-kampanyasi-ile-gencler-siber-zorbaliga-karsi-el-ele-veriyor\/","title":{"rendered":"(Turkish) #Zorbal\u0131\u011f\u0131B\u0131rak Kampanyas\u0131 ile Gen\u00e7ler Siber Zorbal\u0131\u011fa Kar\u015f\u0131 El Ele Veriyor"},"content":{"rendered":"<p class=\"qtranxs-available-languages-message qtranxs-available-languages-message-en\">Sorry, this entry is only available in <a href=\"https:\/\/www.enerjigazetesi.ist\/tr\/wp-json\/wp\/v2\/posts\/136749\" class=\"qtranxs-available-language-link qtranxs-available-language-link-tr\" title=\"Turkish\">Turkish<\/a>. For the sake of viewer convenience, the content is shown below in the alternative language. You may click the link to switch the active language.<\/p><p><strong>Facebook, T\u00fcrkiye\u2019deki sivil toplum kurulu\u015flar\u0131 ile kreatif ajanslar\u0131 bir araya getirdi\u011fi yarat\u0131c\u0131 fikir yar\u0131\u015fmas\u0131 Hack for Good (yeni ad\u0131yla Brand For Good) ile her y\u0131l beraber \u00e7al\u0131\u015ft\u0131\u011f\u0131 bir sivil toplum kurulu\u015funun toplumsal fayda sa\u011flayan kampanyas\u0131na destek oluyor. <\/strong><\/p>\n<p><strong>Sanal \u015fiddeti<\/strong> de i\u00e7ererek, genel olarak <strong>gen\u00e7ler<\/strong> ve <strong>\u015fiddet alg\u0131s\u0131<\/strong> \u00fczerinde detayl\u0131 bir analizi konu alan\u00a0<strong><a href=\"http:\/\/genchayat.org\/wp-content\/uploads\/2015\/11\/AkranZorbaligiRapor.09.10.15.pdf\">Akran Zorbal\u0131\u011f\u0131 Ara\u015ft\u0131rmas\u0131<\/a><\/strong>\u2019ndan yola \u00e7\u0131karak Facebook\u2019un bu sene birlikte \u00e7al\u0131\u015ft\u0131\u011f\u0131 sivil <img loading=\"lazy\" class=\"alignright wp-image-136751\" src=\"https:\/\/www.enerjigazetesi.ist\/wp-content\/uploads\/2021\/06\/zorbaligi-birak-kampanyasi-ile-gencler-siber-zorbaliga-karsi-el-ele-veriyor.jpg\" alt=\"\" width=\"320\" height=\"223\" srcset=\"https:\/\/www.enerjigazetesi.ist\/wp-content\/uploads\/2021\/06\/zorbaligi-birak-kampanyasi-ile-gencler-siber-zorbaliga-karsi-el-ele-veriyor.jpg 550w, https:\/\/www.enerjigazetesi.ist\/wp-content\/uploads\/2021\/06\/zorbaligi-birak-kampanyasi-ile-gencler-siber-zorbaliga-karsi-el-ele-veriyor-300x209.jpg 300w, https:\/\/www.enerjigazetesi.ist\/wp-content\/uploads\/2021\/06\/zorbaligi-birak-kampanyasi-ile-gencler-siber-zorbaliga-karsi-el-ele-veriyor-500x349.jpg 500w, https:\/\/www.enerjigazetesi.ist\/wp-content\/uploads\/2021\/06\/zorbaligi-birak-kampanyasi-ile-gencler-siber-zorbaliga-karsi-el-ele-veriyor-72x50.jpg 72w\" sizes=\"(max-width: 320px) 100vw, 320px\" \/>toplum kurulu\u015fu Gen\u00e7 hayat <strong>Vakf\u0131<\/strong> oldu. <strong>Gen\u00e7 Hayat Vakf\u0131<\/strong>&#8216;n\u0131n <strong>\u201cAkran Zorbal\u0131\u011f\u0131\u201d projesine<\/strong> destek vermek \u00fczere d\u00fczenlenen fikir yar\u0131\u015fmas\u0131n\u0131n kazanan projesi ise <strong>Rafineri\u2019den<\/strong> geldi. Kazanan proje; <strong>Instagram filtreleri<\/strong> ya da<strong> Instagram Hikayeleri<\/strong> \u00fczerinden gen\u00e7lere, <strong>\u201czorbal\u0131\u011f\u0131n haval\u0131 bir \u015fey olmad\u0131\u011f\u0131\u201d<\/strong> bilincini a\u015f\u0131layarak onlar\u0131n, <strong>\u201cBen Kendim Olmay\u0131 B\u0131rakmam Sen #Zorbal\u0131\u011f\u0131B\u0131rak\u201d<\/strong> diyebilme cesaretine katk\u0131 sunmay\u0131 ama\u00e7l\u0131yor.<\/p>\n<p>Gen\u00e7lerin <strong>siber zorbal\u0131\u011fa<\/strong> kar\u015f\u0131 \u00f6zg\u00fcven odakl\u0131 bir<strong> cesaret sergilemesi fikrinden<\/strong> hareketle Rafineri ekibi, <strong>PLUG<\/strong> (Depofilm\u2019den Ender Sevim\u2019in kurucu orta\u011f\u0131 oldu\u011fu) prod\u00fcksiyon \u015firketi ve <strong>Facebook Creative Shop ekibi<\/strong> ile \u00e7al\u0131\u015farak bir <strong>sosyal sorumluluk reklam kampanyas\u0131<\/strong> hayata ge\u00e7irdi. Fatih Y\u0131lmaz y\u00f6netmenli\u011finde siber zorbal\u0131k konusunda fark\u0131ndal\u0131k yaratan <strong>iki reklam filmini<\/strong> i\u00e7eren kampanyan\u0131n en b\u00fcy\u00fck destek\u00e7isi ise hem d\u00fcnyada hem<strong> T\u00fcrkiye\u2019de siber zorbal\u0131\u011fa<\/strong> kar\u015f\u0131 iyi kalpli bir duru\u015f ortaya koyarak, herkesi siber zorbal\u0131\u011fa kar\u015f\u0131 <strong>iyi kalpli olmaya davet eden<\/strong> <strong>Simple\u00a0<\/strong>markas\u0131 oldu.<\/p>\n<p><strong>14 Haziran 2021\u00a0<\/strong>tarihinde ba\u015flayacak<strong>\u00a0#Zorbal\u0131\u011f\u0131B\u0131rak Kampanyas\u0131\u00a0<\/strong>kapsam\u0131nda <em>\u201cBen kendim olmay\u0131 b\u0131rakmam. Sen zorbal\u0131\u011f\u0131 b\u0131rak!\u201d<\/em> mesaj\u0131n\u0131 veren filmler <strong>Facebook<\/strong> ve<strong> Instagram<\/strong> \u00fczerinden g\u00f6sterilecek, detayl\u0131 bilgi i\u00e7in<strong> Gen\u00e7 Hayat Vakf\u0131<\/strong>\u2019n\u0131n <strong>klinik psikologlarla<\/strong> birlikte haz\u0131rlad\u0131\u011f\u0131 <strong>siber zorbal\u0131k<\/strong> hakk\u0131nda detayl\u0131 bilgi i\u00e7eren\u00a0<strong><a href=\"http:\/\/genchayat.org\/portfolio\/siber-zorbalik\/\" target=\"_blank\" rel=\"nofollow noopener\">web sayfas\u0131na<\/a><\/strong>\u00a0y\u00f6nlendirilecek. Ayr\u0131ca bu sayfada <strong>gen\u00e7ler<\/strong> ve <strong>ebeveynler, siber zorbal\u0131k davran\u0131\u015flar\u0131n\u0131n<\/strong> ne oldu\u011funu \u00f6\u011frenebilecekleri, hem<strong> siber zorbal\u0131k<\/strong> yapan hem de <strong>zorbal\u0131k ma\u011fduru olundu\u011funda<\/strong> neler yap\u0131labilece\u011finin anlat\u0131ld\u0131\u011f\u0131 rehberlere eri\u015filebilecek. Kampanya s\u00fcresince <strong>sosyal medya \u00fczerinden<\/strong> payla\u015f\u0131lan i\u00e7eriklerle konuya dair fark\u0131ndal\u0131k sa\u011flanacak; haz\u0131rlanacak <strong>AR effect<\/strong> ile kampanyan\u0131n yayg\u0131nla\u015ft\u0131r\u0131lmas\u0131 sa\u011flanacak.<\/p>","protected":false},"excerpt":{"rendered":"<p>Sorry, this entry is only available in Turkish. For the sake of viewer convenience, the content is shown below in the alternative language. You may click the link to switch the active language.Facebook, T\u00fcrkiye\u2019deki sivil toplum kurulu\u015flar\u0131 ile kreatif ajanslar\u0131 bir araya getirdi\u011fi yarat\u0131c\u0131 fikir yar\u0131\u015fmas\u0131 Hack for Good (yeni ad\u0131yla Brand For Good) ile [&hellip;]<\/p>\n","protected":false},"author":1,"featured_media":136751,"comment_status":"open","ping_status":"open","sticky":false,"template":"","format":"standard","meta":[],"categories":[53],"tags":[91954,52259,91956,91955,67447,65918],"views":153,"_links":{"self":[{"href":"https:\/\/www.enerjigazetesi.ist\/en\/wp-json\/wp\/v2\/posts\/136749"}],"collection":[{"href":"https:\/\/www.enerjigazetesi.ist\/en\/wp-json\/wp\/v2\/posts"}],"about":[{"href":"https:\/\/www.enerjigazetesi.ist\/en\/wp-json\/wp\/v2\/types\/post"}],"author":[{"embeddable":true,"href":"https:\/\/www.enerjigazetesi.ist\/en\/wp-json\/wp\/v2\/users\/1"}],"replies":[{"embeddable":true,"href":"https:\/\/www.enerjigazetesi.ist\/en\/wp-json\/wp\/v2\/comments?post=136749"}],"version-history":[{"count":0,"href":"https:\/\/www.enerjigazetesi.ist\/en\/wp-json\/wp\/v2\/posts\/136749\/revisions"}],"wp:featuredmedia":[{"embeddable":true,"href":"https:\/\/www.enerjigazetesi.ist\/en\/wp-json\/wp\/v2\/media\/136751"}],"wp:attachment":[{"href":"https:\/\/www.enerjigazetesi.ist\/en\/wp-json\/wp\/v2\/media?parent=136749"}],"wp:term":[{"taxonomy":"category","embeddable":true,"href":"https:\/\/www.enerjigazetesi.ist\/en\/wp-json\/wp\/v2\/categories?post=136749"},{"taxonomy":"post_tag","embeddable":true,"href":"https:\/\/www.enerjigazetesi.ist\/en\/wp-json\/wp\/v2\/tags?post=136749"}],"curies":[{"name":"wp","href":"https:\/\/api.w.org\/{rel}","templated":true}]}}