{"id":136743,"date":"2021-06-14T14:13:18","date_gmt":"2021-06-14T11:13:18","guid":{"rendered":"https:\/\/www.enerjigazetesi.ist\/?p=136743"},"modified":"2021-06-14T14:17:26","modified_gmt":"2021-06-14T11:17:26","slug":"yesil-enerji-uretmek-icin-madenlere-ihtiyacimiz-var","status":"publish","type":"post","link":"https:\/\/www.enerjigazetesi.ist\/en\/yesil-enerji-uretmek-icin-madenlere-ihtiyacimiz-var\/","title":{"rendered":"(Turkish) Ye\u015fil Enerji \u00dcretmek \u0130\u00e7in Madenlere \u0130htiyac\u0131m\u0131z Var"},"content":{"rendered":"<p class=\"qtranxs-available-languages-message qtranxs-available-languages-message-en\">Sorry, this entry is only available in <a href=\"https:\/\/www.enerjigazetesi.ist\/tr\/wp-json\/wp\/v2\/posts\/136743\" class=\"qtranxs-available-language-link qtranxs-available-language-link-tr\" title=\"Turkish\">Turkish<\/a>. For the sake of viewer convenience, the content is shown below in the alternative language. You may click the link to switch the active language.<\/p><p><strong>Enerji ve Tabii Kaynaklar Bakanl\u0131\u011f\u0131n\u0131n destekleri ile ger\u00e7ekle\u015ftirilen 4. Enerji ve Do\u011fal Kaynaklar Zirvesi; sekt\u00f6rdeki \u00fcst d\u00fczey \u015firket y\u00f6neticilerini, sivil toplum kurulu\u015flar\u0131n\u0131, akademisyenleri ve d\u00fczenleyici kurulu\u015flar\u0131 bir araya getirdi. Etkinli\u011fin \u201cPandemi Sonras\u0131 Madencilik\u201d temal\u0131 panelinde konu\u015fmac\u0131 olan T\u0130M Maden Sekt\u00f6r Kurulu Ba\u015fkan\u0131 ve \u0130M\u0130B Y\u00f6netim Kurulu Ba\u015fkan\u0131 Ayd\u0131n Din\u00e7er, karbon sal\u0131m\u0131n\u0131 en d\u00fc\u015f\u00fck olan zemin kaplama \u00fcr\u00fcn\u00fcn\u00fcn do\u011fal ta\u015f oldu\u011funa dikkat \u00e7ekti. Din\u00e7er ayr\u0131ca kamuoyundaki yanl\u0131\u015f alg\u0131n\u0131n maden sekt\u00f6r\u00fcn\u00fcn d\u0131\u015fa ba\u011f\u0131ml\u0131\u011f\u0131n\u0131 art\u0131rmaya y\u00f6nelik \u00e7al\u0131\u015fmalar oldu\u011funa ve ye\u015fil d\u00f6ng\u00fcy\u00fc sa\u011flayabilmek i\u00e7in maden \u00fcretiminin zorunlulu\u011funa de\u011findi.<\/strong><\/p>\n<p>T\u00fcrkiye\u2019nin sahip oldu\u011fu <strong>enerji<\/strong> ve <strong>do\u011fal kaynaklar\u0131n<\/strong> t\u00fcm boyutlar\u0131yla de\u011ferlendirilmesi ve sekt\u00f6rde <img loading=\"lazy\" class=\"alignright wp-image-136745\" src=\"https:\/\/www.enerjigazetesi.ist\/wp-content\/uploads\/2021\/06\/yesil-enerji-uretmek-icin-madenlere-ihtiyacimiz-var-2.jpg\" alt=\"\" width=\"320\" height=\"197\" srcset=\"https:\/\/www.enerjigazetesi.ist\/wp-content\/uploads\/2021\/06\/yesil-enerji-uretmek-icin-madenlere-ihtiyacimiz-var-2.jpg 550w, https:\/\/www.enerjigazetesi.ist\/wp-content\/uploads\/2021\/06\/yesil-enerji-uretmek-icin-madenlere-ihtiyacimiz-var-2-300x184.jpg 300w, https:\/\/www.enerjigazetesi.ist\/wp-content\/uploads\/2021\/06\/yesil-enerji-uretmek-icin-madenlere-ihtiyacimiz-var-2-500x307.jpg 500w, https:\/\/www.enerjigazetesi.ist\/wp-content\/uploads\/2021\/06\/yesil-enerji-uretmek-icin-madenlere-ihtiyacimiz-var-2-80x50.jpg 80w\" sizes=\"(max-width: 320px) 100vw, 320px\" \/>gelece\u011fe y\u00f6nelik beklentilerin ele al\u0131nmas\u0131 amac\u0131yla d\u00fczenlenen <strong>4. Enerji ve Do\u011fal Kaynaklar Zirvesi<\/strong>, <strong>07 Haziran 2021<\/strong>&#8216;de ger\u00e7ekle\u015ftirildi. Zirveye konu\u015fmac\u0131 olarak kat\u0131lan <strong>T\u00fcrkiye<\/strong> <strong>\u0130hracat\u00e7\u0131lar Meclisi (T\u0130M) Maden Sekt\u00f6r Kurulu Ba\u015fkan\u0131 ve \u0130stanbul Maden \u0130hracat\u00e7\u0131lar\u0131 Birli\u011fi (\u0130M\u0130B) Y\u00f6netim Kurulu Ba\u015fkan\u0131 Ayd\u0131n Din\u00e7er<\/strong>, \u201cPandemi Sonras\u0131 Madencilik\u201d konusunun i\u015flendi\u011fi panelde maden sekt\u00f6r\u00fcndeki son geli\u015fmeleri aktard\u0131.<\/p>\n<h2><strong>\u201cKarbon sal\u0131n\u0131m\u0131 en d\u00fc\u015f\u00fck zemin kaplama \u00fcr\u00fcn\u00fc do\u011fal ta\u015f\u201d<\/strong><\/h2>\n<p>Y\u0131ll\u0131k yakla\u015f\u0131k <strong>5 milyar dolar<\/strong> olarak ger\u00e7ekle\u015ftirilen<strong> maden ihracat\u0131n\u0131n yar\u0131s\u0131n\u0131<\/strong> do\u011fal ta\u015flar\u0131n olu\u015fturdu\u011funu vurgulayan <strong>Ayd\u0131n Din\u00e7er<\/strong>, T\u00fcrkiye\u2019nin 650 farkl\u0131 renk ve \u00e7e\u015fitlilikte do\u011fal ta\u015fa sahip oldu\u011funun alt\u0131n\u0131 \u00e7izdi. <strong>Din\u00e7er<\/strong>, <strong>\u201c<\/strong><strong>T\u00fcrkiye d\u00fcnya rezervlerinin b\u00fcy\u00fck b\u00f6l\u00fcm\u00fcn\u00fc kendi i\u00e7erisinde bar\u0131nd\u0131r\u0131yor. Bilimsel \u00e7al\u0131\u015fmalara g\u00f6re karbon sal\u0131n\u0131m\u0131 en d\u00fc\u015f\u00fck olan zemin kaplama \u00fcr\u00fcn\u00fc do\u011fal ta\u015f olarak tespit edildi. \u00c7\u00fcnk\u00fc do\u011fal ta\u015f milyonlarca y\u0131l \u00f6nce olu\u015fmu\u015f bir \u00fcr\u00fcn ve olu\u015fumunda herhangi bir enerji harcanm\u0131yor. Dolay\u0131s\u0131yla karbon sal\u0131m\u0131n\u0131n \u00e7ok \u00f6nemli oldu\u011fu g\u00fcn\u00fcm\u00fczde en verimli kullan\u0131labilecek \u00fcr\u00fcnlerin ba\u015f\u0131nda do\u011fal ta\u015f geliyor\u201d <\/strong>dedi.<\/p>\n<h2><strong>\u201cYanl\u0131\u015f y\u00f6nlendirmeler, d\u0131\u015fa ba\u011f\u0131ml\u0131l\u0131\u011f\u0131 art\u0131rmaya y\u00f6nelik \u00e7al\u0131\u015fmalar\u201d<\/strong><\/h2>\n<p>Madencilik<strong> arama faaliyetleri<\/strong> ve <strong>i\u015fletme ruhsat<\/strong> say\u0131lar\u0131nda ya\u015fanan d\u00fc\u015f\u00fc\u015fe dikkat \u00e7eken <strong>Din\u00e7er<\/strong>, \u015f\u00f6yle devam etti: <em><strong>\u201cMadencilik arama faaliyetleri % 84, i\u015fletme ruhsat say\u0131s\u0131 ise % 14 azald\u0131. Her yerde maden arama faaliyetlerinin oldu\u011fu s\u00f6yleniyor fakat bu bilgiler tamamen as\u0131ls\u0131z. Bunu rakamlardan da g\u00f6rebiliyoruz. \u00d6rne\u011fin do\u011fal sit alan\u0131 \u00fczerinde arama yap\u0131lmas\u0131 konusunda bilgiler yay\u0131l\u0131yor. Ba\u015fvurulan koordinatlar i\u00e7inde arama ruhsat\u0131 veriliyor fakat o koordinatlarda yasakl\u0131 alanlar var ve zaten o alanlara dokunulam\u0131yor. Dolay\u0131s\u0131yla ka\u011f\u0131t \u00fczerinde b\u00f6yle bir \u00e7al\u0131\u015fma olmas\u0131, orada i\u015fletme yap\u0131laca\u011f\u0131 anlam\u0131 ta\u015f\u0131m\u0131yor. Yanl\u0131\u015f y\u00f6nlendirmeleri T\u00fcrkiye\u2019de madencilik faaliyetlerinin yap\u0131lmas\u0131n\u0131 engellemeye ve d\u0131\u015fa ba\u011f\u0131ml\u0131l\u0131\u011f\u0131 art\u0131rmaya y\u00f6nelik \u00e7al\u0131\u015fmalar olarak de\u011ferlendiriyoruz.\u201d<\/strong><\/em><\/p>\n<p>Sekt\u00f6r\u00fcn orman izinleri al\u0131nmas\u0131 konusunda sorunlar ya\u015fad\u0131\u011f\u0131n\u0131 belirten <strong>Din\u00e7er<\/strong>, <em><strong>\u201cOrman alanlar\u0131nda uzun y\u0131llar maden aranabilecek ve sonras\u0131nda ekonomiye kazand\u0131r\u0131labilecek yani rehabilite edilebilecek potansiyel var. Bu alanlarda yeni ormanlar \u00fcretildi\u011fini g\u00f6rd\u00fck. B\u00fcy\u00fck bir alan kullanmadan ekonomi ve sanayiye \u00f6nemli katk\u0131lar sunan bir sekt\u00f6r\u00fcz. \u00dcretti\u011fimiz \u00fcr\u00fcnleri k\u0131sa bir s\u00fcre dahi sanayiye tedarik etmezsek T\u00fcrkiye sanayisi durma noktas\u0131na gelir. \u00c7\u00fcnk\u00fc maden olmadan sanayi \u00e7al\u0131\u015famaz. \u00dcr\u00fcnleri ithal etti\u011fimiz takdirde ise hizmet verdi\u011fimiz sekt\u00f6rler d\u00fcnyada rekabet edemez. Dolay\u0131s\u0131yla \u00f6nemli olan maden \u00fcretmek, \u00fcr\u00fcnleri sekt\u00f6rlere kazand\u0131rmak ve sonras\u0131nda maden sahalar\u0131n\u0131 rehabilite etmek. B\u00f6yle oldu\u011fu takdirde kamunun ve sivil toplum kurulu\u015flar\u0131n\u0131n da deste\u011fiyle ormanlar\u0131n geli\u015fmesi i\u00e7in m\u00fccadele etti\u011fimizi ortaya koymu\u015f oluruz.\u201d<\/strong><\/em><\/p>\n<h2><strong>Ye\u015fil enerji i\u00e7in madenlerin \u00f6nemi<\/strong><\/h2>\n<p>\u00dclkemizin <strong>mobilya, ka\u011f\u0131t<\/strong> gibi sekt\u00f6rler i\u00e7in her y\u0131l <strong>32 milyon metrek\u00fcp<\/strong> a\u011faca ihtiyac\u0131 oldu\u011funu belirten<strong> Ayd\u0131n Din\u00e7er<\/strong>, s\u00f6zlerini \u015f\u00f6yle noktalad\u0131<strong>: <em>\u201cMadencilik i\u00e7in kesilen a\u011fa\u00e7lar bunun % 5\u2019ini ge\u00e7miyor ve kesilen a\u011fa\u00e7lar zaten bu ihtiya\u00e7 i\u00e7in kullan\u0131l\u0131yor. Bunun da fark\u0131na varmal\u0131y\u0131z. Tabii ki a\u011fa\u00e7lar kesilsin demiyoruz. Yang\u0131nlar\u0131n \u00f6nlenmesi de en b\u00fcy\u00fck hedeflerimizden biri ancak madencili\u011fin de \u00e7ok \u00f6nemli oldu\u011funu her f\u0131rsatta vurguluyoruz. \u00d6zellikle ye\u015fil enerji \u00fcretmek i\u00e7in madenlere ihtiyac\u0131m\u0131z var. Dolay\u0131s\u0131yla ye\u015fil d\u00f6ng\u00fcy\u00fc sa\u011flayabilmek i\u00e7in madenleri \u00e7\u0131karmak zorunday\u0131z.\u201d<\/em><\/strong><\/p>","protected":false},"excerpt":{"rendered":"<p>Sorry, this entry is only available in Turkish. For the sake of viewer convenience, the content is shown below in the alternative language. You may click the link to switch the active language.Enerji ve Tabii Kaynaklar Bakanl\u0131\u011f\u0131n\u0131n destekleri ile ger\u00e7ekle\u015ftirilen 4. Enerji ve Do\u011fal Kaynaklar Zirvesi; sekt\u00f6rdeki \u00fcst d\u00fczey \u015firket y\u00f6neticilerini, sivil toplum kurulu\u015flar\u0131n\u0131, akademisyenleri [&hellip;]<\/p>\n","protected":false},"author":1,"featured_media":136746,"comment_status":"open","ping_status":"open","sticky":false,"template":"","format":"standard","meta":[],"categories":[51,53],"tags":[91950,91952,5885,39889,52125,52259,58242,51154,75968,16908,53315,91951,61701,40780,91953],"views":104,"_links":{"self":[{"href":"https:\/\/www.enerjigazetesi.ist\/en\/wp-json\/wp\/v2\/posts\/136743"}],"collection":[{"href":"https:\/\/www.enerjigazetesi.ist\/en\/wp-json\/wp\/v2\/posts"}],"about":[{"href":"https:\/\/www.enerjigazetesi.ist\/en\/wp-json\/wp\/v2\/types\/post"}],"author":[{"embeddable":true,"href":"https:\/\/www.enerjigazetesi.ist\/en\/wp-json\/wp\/v2\/users\/1"}],"replies":[{"embeddable":true,"href":"https:\/\/www.enerjigazetesi.ist\/en\/wp-json\/wp\/v2\/comments?post=136743"}],"version-history":[{"count":0,"href":"https:\/\/www.enerjigazetesi.ist\/en\/wp-json\/wp\/v2\/posts\/136743\/revisions"}],"wp:featuredmedia":[{"embeddable":true,"href":"https:\/\/www.enerjigazetesi.ist\/en\/wp-json\/wp\/v2\/media\/136746"}],"wp:attachment":[{"href":"https:\/\/www.enerjigazetesi.ist\/en\/wp-json\/wp\/v2\/media?parent=136743"}],"wp:term":[{"taxonomy":"category","embeddable":true,"href":"https:\/\/www.enerjigazetesi.ist\/en\/wp-json\/wp\/v2\/categories?post=136743"},{"taxonomy":"post_tag","embeddable":true,"href":"https:\/\/www.enerjigazetesi.ist\/en\/wp-json\/wp\/v2\/tags?post=136743"}],"curies":[{"name":"wp","href":"https:\/\/api.w.org\/{rel}","templated":true}]}}