{"id":136728,"date":"2021-06-14T13:19:58","date_gmt":"2021-06-14T10:19:58","guid":{"rendered":"https:\/\/www.enerjigazetesi.ist\/?p=136728"},"modified":"2021-06-14T13:19:58","modified_gmt":"2021-06-14T10:19:58","slug":"edirne-bayiri-ndaki-telsiz-vericileri-enerjisini-artik-gunesten-aliyor","status":"publish","type":"post","link":"https:\/\/www.enerjigazetesi.ist\/en\/edirne-bayiri-ndaki-telsiz-vericileri-enerjisini-artik-gunesten-aliyor\/","title":{"rendered":"(Turkish) Edirne Bay\u0131r\u0131\u2019ndaki Telsiz Vericileri Enerjisini Art\u0131k G\u00fcne\u015f&#8217;ten Al\u0131yor"},"content":{"rendered":"<p class=\"qtranxs-available-languages-message qtranxs-available-languages-message-en\">Sorry, this entry is only available in <a href=\"https:\/\/www.enerjigazetesi.ist\/tr\/wp-json\/wp\/v2\/posts\/136728\" class=\"qtranxs-available-language-link qtranxs-available-language-link-tr\" title=\"Turkish\">Turkish<\/a>. For the sake of viewer convenience, the content is shown below in the alternative language. You may click the link to switch the active language.<\/p><p><strong>L\u00fcleburgaz Belediyesi yenilenebilir enerji kaynaklar\u0131n\u0131n kullan\u0131m\u0131nda \u00f6nemli bir ad\u0131m att\u0131. Bu kapsamda Edirne Bay\u0131r\u0131\u2019nda bulunan telsiz vericileri g\u00fcne\u015f panelleriyle kesintisiz enerjiye kavu\u015ftu. Bu sayede itfaiye, zab\u0131ta ve emniyet birimleri taraf\u0131ndan kullan\u0131lan telsizler olas\u0131 bir afette ya\u015fanabilecek elektrik kesintilerinden etkilenmeyecek. L\u00fcleburgaz Belediyesi bu \u00e7al\u0131\u015fman\u0131n yan\u0131 s\u0131ra, yenilenebilir enerji kaynaklar\u0131n\u0131 ilerleyen s\u00fcre\u00e7te yayg\u0131nla\u015ft\u0131rmay\u0131 planl\u0131yor.<\/strong><\/p>\n<p><strong><img loading=\"lazy\" class=\"alignright wp-image-136730\" src=\"https:\/\/www.enerjigazetesi.ist\/wp-content\/uploads\/2021\/06\/edirne-bayiri-ndaki-telsiz-vericileri-enerjisini-artik-gunesten-aliyor-2.jpg\" alt=\"\" width=\"320\" height=\"205\" srcset=\"https:\/\/www.enerjigazetesi.ist\/wp-content\/uploads\/2021\/06\/edirne-bayiri-ndaki-telsiz-vericileri-enerjisini-artik-gunesten-aliyor-2.jpg 550w, https:\/\/www.enerjigazetesi.ist\/wp-content\/uploads\/2021\/06\/edirne-bayiri-ndaki-telsiz-vericileri-enerjisini-artik-gunesten-aliyor-2-300x192.jpg 300w, https:\/\/www.enerjigazetesi.ist\/wp-content\/uploads\/2021\/06\/edirne-bayiri-ndaki-telsiz-vericileri-enerjisini-artik-gunesten-aliyor-2-500x320.jpg 500w, https:\/\/www.enerjigazetesi.ist\/wp-content\/uploads\/2021\/06\/edirne-bayiri-ndaki-telsiz-vericileri-enerjisini-artik-gunesten-aliyor-2-78x50.jpg 78w\" sizes=\"(max-width: 320px) 100vw, 320px\" \/>2021 \u00c7evre Y\u0131l\u0131<\/strong>\u2019nda \u00f6nemli \u00e7al\u0131\u015fmalara imza atan L\u00fcleburgaz Belediyesi, uzun vadede kent geneline yayg\u0131nla\u015ft\u0131r\u0131lmas\u0131 planlanan<strong> yenilenebilir enerjide<\/strong> \u00f6nemli bir ad\u0131m att\u0131. Y\u0131l\u0131n en az 8 ay\u0131n\u0131n g\u00fcne\u015fli oldu\u011fu L\u00fcleburgaz\u2019da g\u00fcne\u015f enerjisinden faydalanmak i\u00e7in harekete ge\u00e7en L\u00fcleburgaz Belediyesi Destek Hizmetleri M\u00fcd\u00fcrl\u00fc\u011f\u00fc, Edirne Bay\u0131r\u0131\u2019nda bulunan telsiz vericilerinin enerji kayna\u011f\u0131n\u0131 g\u00fcne\u015f enerjisine \u00e7evirdi.<\/p>\n<h2><strong>Kesintisiz enerji!<\/strong><\/h2>\n<p><strong>G\u00fcne\u015f panellerinin yerle\u015ftirilmesiyle<\/strong> birlikte telsiz vericileri <strong>enerjisini g\u00fcne\u015ften almaya<\/strong> ba\u015flad\u0131. Bu sayede kesintisiz \u00e7evreci bir enerji sistemine kavu\u015fulurken,<strong> emniyet, itfaiye<\/strong> ve<strong> zab\u0131ta<\/strong> ekiplerinin telsizleri olas\u0131 bir afet durumunda ya\u015fanabilecek<strong> elektrik kesintilerinden de etkilenmeyecek.\u00a0<\/strong><\/p>\n<h2><strong>\u201cYenilenebilir enerjiyi yayg\u0131nla\u015ft\u0131raca\u011f\u0131z\u201d<\/strong><\/h2>\n<p><strong>L\u00fcleburgaz Belediyesi<\/strong>\u2019nin kentte bir ilki ger\u00e7ekle\u015ftirdi\u011fi \u00e7al\u0131\u015fmay\u0131 yerinde inceleyen L\u00fcleburgaz Belediye Ba\u015fkan\u0131 <strong>Dr. Murat Gerenli<\/strong>, yenilenebilir enerji \u00e7al\u0131\u015fmalar\u0131n\u0131n artarak s\u00fcrece\u011fini m\u00fcjdeledi. S\u00f6z konusu uygulaman\u0131n <strong>pilot uygulama oldu\u011funu<\/strong> hat\u0131rlatan Ba\u015fka<em>n Gerenli, yenilenebilir enerjiyi belediyeye ait bir\u00e7ok yerde hayata ge\u00e7irmeyi planlad\u0131klar\u0131n\u0131 s\u00f6yleyerek, \u201cYenilenebilir enerji kaynaklar\u0131n\u0131 kentimizde daha da yayg\u0131nla\u015ft\u0131rmak i\u00e7in \u00e7al\u0131\u015fmalar\u0131m\u0131z s\u00fcr\u00fcyor\u201d<\/em> ifadelerini kulland\u0131.<\/p>","protected":false},"excerpt":{"rendered":"<p>Sorry, this entry is only available in Turkish. For the sake of viewer convenience, the content is shown below in the alternative language. You may click the link to switch the active language.L\u00fcleburgaz Belediyesi yenilenebilir enerji kaynaklar\u0131n\u0131n kullan\u0131m\u0131nda \u00f6nemli bir ad\u0131m att\u0131. Bu kapsamda Edirne Bay\u0131r\u0131\u2019nda bulunan telsiz vericileri g\u00fcne\u015f panelleriyle kesintisiz enerjiye kavu\u015ftu. Bu [&hellip;]<\/p>\n","protected":false},"author":1,"featured_media":136731,"comment_status":"open","ping_status":"open","sticky":false,"template":"","format":"standard","meta":[],"categories":[51,53,49],"tags":[90647,91947,69979,53157,75340,84103,54979],"views":196,"_links":{"self":[{"href":"https:\/\/www.enerjigazetesi.ist\/en\/wp-json\/wp\/v2\/posts\/136728"}],"collection":[{"href":"https:\/\/www.enerjigazetesi.ist\/en\/wp-json\/wp\/v2\/posts"}],"about":[{"href":"https:\/\/www.enerjigazetesi.ist\/en\/wp-json\/wp\/v2\/types\/post"}],"author":[{"embeddable":true,"href":"https:\/\/www.enerjigazetesi.ist\/en\/wp-json\/wp\/v2\/users\/1"}],"replies":[{"embeddable":true,"href":"https:\/\/www.enerjigazetesi.ist\/en\/wp-json\/wp\/v2\/comments?post=136728"}],"version-history":[{"count":0,"href":"https:\/\/www.enerjigazetesi.ist\/en\/wp-json\/wp\/v2\/posts\/136728\/revisions"}],"wp:featuredmedia":[{"embeddable":true,"href":"https:\/\/www.enerjigazetesi.ist\/en\/wp-json\/wp\/v2\/media\/136731"}],"wp:attachment":[{"href":"https:\/\/www.enerjigazetesi.ist\/en\/wp-json\/wp\/v2\/media?parent=136728"}],"wp:term":[{"taxonomy":"category","embeddable":true,"href":"https:\/\/www.enerjigazetesi.ist\/en\/wp-json\/wp\/v2\/categories?post=136728"},{"taxonomy":"post_tag","embeddable":true,"href":"https:\/\/www.enerjigazetesi.ist\/en\/wp-json\/wp\/v2\/tags?post=136728"}],"curies":[{"name":"wp","href":"https:\/\/api.w.org\/{rel}","templated":true}]}}