{"id":136582,"date":"2021-06-11T17:40:39","date_gmt":"2021-06-11T14:40:39","guid":{"rendered":"https:\/\/www.enerjigazetesi.ist\/?p=136582"},"modified":"2021-06-11T17:41:24","modified_gmt":"2021-06-11T14:41:24","slug":"zorlu-enerjinin-zes-markasi-enerjimiz-gelecegimiz-odulune-layik-goruldu","status":"publish","type":"post","link":"https:\/\/www.enerjigazetesi.ist\/en\/zorlu-enerjinin-zes-markasi-enerjimiz-gelecegimiz-odulune-layik-goruldu\/","title":{"rendered":"(Turkish) Zorlu Enerji\u2019nin ZES markas\u0131 &#8216;Enerjimiz Gelece\u011fimiz&#8217; \u00d6d\u00fcl\u00fcne Lay\u0131k G\u00f6r\u00fcld\u00fc"},"content":{"rendered":"<p class=\"qtranxs-available-languages-message qtranxs-available-languages-message-en\">Sorry, this entry is only available in <a href=\"https:\/\/www.enerjigazetesi.ist\/tr\/wp-json\/wp\/v2\/posts\/136582\" class=\"qtranxs-available-language-link qtranxs-available-language-link-tr\" title=\"Turkish\">Turkish<\/a>. For the sake of viewer convenience, the content is shown below in the alternative language. You may click the link to switch the active language.<\/p><p><strong>Gelece\u011fin enerji \u015firketi olma vizyonuyla, s\u00fcrd\u00fcr\u00fclebilirlik alan\u0131ndaki ba\u015far\u0131l\u0131 \u00e7al\u0131\u015fmalar\u0131 ile dikkat \u00e7eken Zorlu Enerji\u2019nin \u015fehirlerdeki karbon sal\u0131m\u0131n\u0131 azaltmak amac\u0131yla 2018 y\u0131l\u0131nda kurdu\u011fu ve bug\u00fcn yavru vatan da dahil olmak \u00fczere T\u00fcrkiye\u2019de 81 ilde bin noktaya ula\u015fan<\/strong>\u00a0<strong>elektrikli ara\u00e7 \u015farj istasyonu a\u011f\u0131 ZES (Zorlu Energy Solutions) markas\u0131 \u201cEnerjimiz Gelece\u011fimiz\u201d \u00f6d\u00fcl\u00fcne lay\u0131k g\u00f6r\u00fcld\u00fc.<\/strong><\/p>\n<p><strong>T\u00fcrkiye Cumhuriyeti Enerji ve Tabii Kaynaklar Bakanl\u0131\u011f\u0131<\/strong> himayesinde \u0130stanbul\u2019da d\u00fczenlenen <strong>4. T\u00fcrkiye Enerji ve Do\u011fal Kaynaklar Zirvesi<\/strong> kapsam\u0131nda s\u00fcrd\u00fcr\u00fclebilirlik alan\u0131nda bu y\u0131l <strong><img loading=\"lazy\" class=\"alignright wp-image-136584\" src=\"https:\/\/www.enerjigazetesi.ist\/wp-content\/uploads\/2021\/06\/zorlu-enerjinin-zes-markasi-enerjimiz-gelecegimiz-odulune-layik-goruldu.jpg\" alt=\"\" width=\"320\" height=\"225\" srcset=\"https:\/\/www.enerjigazetesi.ist\/wp-content\/uploads\/2021\/06\/zorlu-enerjinin-zes-markasi-enerjimiz-gelecegimiz-odulune-layik-goruldu.jpg 550w, https:\/\/www.enerjigazetesi.ist\/wp-content\/uploads\/2021\/06\/zorlu-enerjinin-zes-markasi-enerjimiz-gelecegimiz-odulune-layik-goruldu-300x211.jpg 300w, https:\/\/www.enerjigazetesi.ist\/wp-content\/uploads\/2021\/06\/zorlu-enerjinin-zes-markasi-enerjimiz-gelecegimiz-odulune-layik-goruldu-500x352.jpg 500w, https:\/\/www.enerjigazetesi.ist\/wp-content\/uploads\/2021\/06\/zorlu-enerjinin-zes-markasi-enerjimiz-gelecegimiz-odulune-layik-goruldu-71x50.jpg 71w\" sizes=\"(max-width: 320px) 100vw, 320px\" \/>2&#8217;incisi<\/strong> ger\u00e7ekle\u015ftirilen <strong>\u201cEnerjimiz Gelece\u011fimiz\u201d \u00f6d\u00fclleri<\/strong> sahiplerini buldu. S\u00fcrd\u00fcr\u00fclebilirlik alan\u0131nda enerji \u015firketlerinin ger\u00e7ekle\u015ftirdi\u011fi ba\u015far\u0131l\u0131 projelerin \u00f6d\u00fcllendirildi\u011fi Zirvede, <strong>Zorlu Enerji<\/strong>\u2019nin <strong>karbon n\u00f6tr<\/strong> bir gelecek i\u00e7in <strong>elektrikli ara\u00e7lar\u0131n yayg\u0131nla\u015fmas\u0131na<\/strong> katk\u0131 sa\u011flamak amac\u0131yla 2018 y\u0131l\u0131nda kurdu\u011fu elektrikli ara\u00e7 \u015farj istasyonu a\u011f\u0131 ZES (Zorlu Energy Solutions) markas\u0131\u00a0\u00f6d\u00fcle lay\u0131k bulundu.\u00a0<strong>Zorlu Enerji CEO\u2019su Sinan Ak<\/strong>, bug\u00fcn yavru vatan da dahil olmak \u00fczere T\u00fcrkiye\u2019de 81 ilde, bin noktada \u00e7evre dostu elektrikli otomobillerin devinimini h\u0131zland\u0131rmak i\u00e7in faaliyetlerini s\u00fcrd\u00fcren ZES markas\u0131na adanan \u00f6d\u00fcl\u00fc, <strong>Enerji ve Tabii Kaynaklar Bakan\u0131 Fatih D\u00f6nmez<\/strong>\u2019in elinden ald\u0131.<\/p>\n<p>T\u00fcrkiye\u2019nin <strong>elektrikli \u015farj istasyonu a\u011f\u0131<\/strong> ZES\u2019i <strong>s\u00fcrd\u00fcr\u00fclebilir bir ekosistem<\/strong> amac\u0131yla hayata ge\u00e7irdiklerini, bundan sonraki t\u00fcm yat\u0131r\u0131mlar\u0131nda da yenilenebilir enerji kaynaklar\u0131n\u0131 merkezlerinde tutacaklar\u0131n\u0131 vurgulayan Sinan Ak: <em>\u201c<strong>\u00c7evre dostu, enerji tasarruflu, d\u00fc\u015f\u00fck emisyonlu<\/strong> ve ayn\u0131 zamanda sessiz olmalar\u0131 nedeniyle t\u00fcm d\u00fcnyada kullan\u0131m oran\u0131 artan <strong>elektrikli otomobillerin<\/strong> \u00fclkemizde de yayg\u0131nla\u015fmas\u0131na destek olmak i\u00e7in \u00e7al\u0131\u015fmalar\u0131m\u0131za devam ediyoruz. Elektrik t\u00fcketiminin<strong> % 100<\/strong>\u2019\u00fcn\u00fc yenilenebilir enerji kaynaklar\u0131ndan sa\u011flad\u0131\u011f\u0131m\u0131z\u0131 ve bunu<strong> IREC sertifikas\u0131<\/strong> ile belgeledi\u011fimiz\u00a0<\/em><strong>elektrikli ara\u00e7 \u015farj istasyonu a\u011f\u0131\u00a0<\/strong><em>ZES markam\u0131z\u0131n T\u00fcrkiye i\u00e7inde pazar pay\u0131n\u0131 %60\u2019a ula\u015ft\u0131rm\u0131\u015f bulunuyoruz. Bu alandaki yat\u0131r\u0131mlar\u0131m\u0131z\u0131 h\u0131zla s\u00fcrd\u00fcr\u00fcyor ve dileyen elektrikli ara\u00e7 sahiplerinin <strong>evlerine<\/strong> veya <strong>i\u015f yerlerine \u00f6zel<\/strong> ya da payla\u015f\u0131ml\u0131 olarak <strong>\u015farj istasyonu kurulumu<\/strong> ger\u00e7ekle\u015ftirebiliyoruz. T\u00fcm faaliyetlerimizde s\u00fcrd\u00fcr\u00fclebilirli\u011fi i\u015f modelimizin merkezine koyuyoruz\u201d<\/em>\u00a0dedi.<\/p>\n<h2><strong>\u201cDijitalizasyonda d\u00f6n\u00fc\u015f\u00fcm\u00fc yakalamak \u00fclkenin cari a\u00e7\u0131\u011f\u0131na katk\u0131 sa\u011flayabilir\u201d<\/strong><\/h2>\n<p>Sinan Ak,\u00a02020 y\u0131l\u0131nda\u00a0elektrikli ara\u00e7\u00a0sat\u0131\u015flar\u0131 ge\u00e7ti\u011fimiz y\u0131l d\u00fcnyadaki<strong> toplam ara\u00e7 sat\u0131\u015flar\u0131n\u0131n<\/strong> yakla\u015f\u0131k y\u00fczde\u00a0%5\u2019ini olu\u015fturdu\u011funu belirterek, <span style=\"text-decoration: underline;\">s\u00f6zlerini \u015f\u00f6yle s\u00fcrd\u00fcrd\u00fc:<\/span> <em>\u201cAvrupa\u2019da elektrikli ara\u00e7lar konusunda ciddi bir d\u00f6n\u00fc\u015f\u00fcm var. Ge\u00e7en y\u0131l pandemi d\u00f6neminde Avrupa\u2019daki toplam otomotiv pazar\u0131 <strong>%20<\/strong> daralm\u0131\u015f olmas\u0131na ra\u011fmen elektrikli ara\u00e7 sat\u0131\u015flar\u0131 <strong>%117<\/strong> art\u0131\u015f g\u00f6sterdi. \u00dclkemizdeki f\u0131rsatlar\u0131 da bu bak\u0131\u015f a\u00e7\u0131s\u0131 ile, bu d\u00f6n\u00fc\u015f\u00fcm\u00fcn bir par\u00e7as\u0131 olmay\u0131 hedefleyerek de\u011ferlendirmemiz gerekiyor. Bu sayede \u00fclkemizin cari a\u00e7\u0131\u011f\u0131na da katk\u0131 sa\u011flayabiliriz. Zorlu Enerji olarak pazardaki bu f\u0131rsatlar\u0131 en iyi \u015fekilde de\u011ferlendirmek i\u00e7in<strong> dijitalizasyon \u00e7al\u0131\u015fmalar\u0131m\u0131z<\/strong> do\u011frultusunda kurdu\u011fumuz elektrikli ara\u00e7 \u015farj altyap\u0131m\u0131zla \u00e7al\u0131\u015fmalar\u0131m\u0131za devam ediyoruz. Halihaz\u0131rda T\u00fcrkiye\u2019de <strong>elektirikli \u015farj istasyonu<\/strong> say\u0131m\u0131z bine ula\u015fm\u0131\u015f durumda. geli\u015ftirmi\u015f oldu\u011fumuz bilgi birikimini Avrupa ba\u015fta olmak \u00fczere, \u00e7evre co\u011frafyalara ta\u015f\u0131ma hedefi i\u00e7indeyiz. \u00d6n\u00fcm\u00fczdeki <strong>10 senelik s\u00fcre\u00e7te<\/strong> teknolojiyi yakalamak ve dijital d\u00f6n\u00fc\u015f\u00fcmle uyumlanmak gerekiyor. Biz de bu y\u00f6ndeki \u00e7al\u0131\u015fmalar\u0131m\u0131za h\u0131z vermi\u015f bulunuyoruz\u201d dedi.<\/em><\/p>","protected":false},"excerpt":{"rendered":"<p>Sorry, this entry is only available in Turkish. For the sake of viewer convenience, the content is shown below in the alternative language. You may click the link to switch the active language.Gelece\u011fin enerji \u015firketi olma vizyonuyla, s\u00fcrd\u00fcr\u00fclebilirlik alan\u0131ndaki ba\u015far\u0131l\u0131 \u00e7al\u0131\u015fmalar\u0131 ile dikkat \u00e7eken Zorlu Enerji\u2019nin \u015fehirlerdeki karbon sal\u0131m\u0131n\u0131 azaltmak amac\u0131yla 2018 y\u0131l\u0131nda kurdu\u011fu ve [&hellip;]<\/p>\n","protected":false},"author":1,"featured_media":136585,"comment_status":"open","ping_status":"open","sticky":false,"template":"","format":"standard","meta":[],"categories":[53],"tags":[91835,91836,53114,53290,57127,83235,84138,82553],"views":90,"_links":{"self":[{"href":"https:\/\/www.enerjigazetesi.ist\/en\/wp-json\/wp\/v2\/posts\/136582"}],"collection":[{"href":"https:\/\/www.enerjigazetesi.ist\/en\/wp-json\/wp\/v2\/posts"}],"about":[{"href":"https:\/\/www.enerjigazetesi.ist\/en\/wp-json\/wp\/v2\/types\/post"}],"author":[{"embeddable":true,"href":"https:\/\/www.enerjigazetesi.ist\/en\/wp-json\/wp\/v2\/users\/1"}],"replies":[{"embeddable":true,"href":"https:\/\/www.enerjigazetesi.ist\/en\/wp-json\/wp\/v2\/comments?post=136582"}],"version-history":[{"count":0,"href":"https:\/\/www.enerjigazetesi.ist\/en\/wp-json\/wp\/v2\/posts\/136582\/revisions"}],"wp:featuredmedia":[{"embeddable":true,"href":"https:\/\/www.enerjigazetesi.ist\/en\/wp-json\/wp\/v2\/media\/136585"}],"wp:attachment":[{"href":"https:\/\/www.enerjigazetesi.ist\/en\/wp-json\/wp\/v2\/media?parent=136582"}],"wp:term":[{"taxonomy":"category","embeddable":true,"href":"https:\/\/www.enerjigazetesi.ist\/en\/wp-json\/wp\/v2\/categories?post=136582"},{"taxonomy":"post_tag","embeddable":true,"href":"https:\/\/www.enerjigazetesi.ist\/en\/wp-json\/wp\/v2\/tags?post=136582"}],"curies":[{"name":"wp","href":"https:\/\/api.w.org\/{rel}","templated":true}]}}