{"id":13647,"date":"2013-08-01T09:50:31","date_gmt":"2013-08-01T06:50:31","guid":{"rendered":"https:\/\/www.enerjigazetesi.ist\/?p=13647"},"modified":"2013-08-01T09:50:40","modified_gmt":"2013-08-01T06:50:40","slug":"musulun-elektrigini-calik-enerji-karsilayacak","status":"publish","type":"post","link":"https:\/\/www.enerjigazetesi.ist\/en\/musulun-elektrigini-calik-enerji-karsilayacak\/","title":{"rendered":"(Turkish) Musul\u2019un Elektri\u011fini \u00c7al\u0131k Enerji Kar\u015f\u0131layacak&#8230;"},"content":{"rendered":"<p class=\"qtranxs-available-languages-message qtranxs-available-languages-message-en\">Sorry, this entry is only available in <a href=\"https:\/\/www.enerjigazetesi.ist\/tr\/wp-json\/wp\/v2\/posts\/13647\" class=\"qtranxs-available-language-link qtranxs-available-language-link-tr\" title=\"Turkish\">Turkish<\/a>. For the sake of viewer convenience, the content is shown below in the alternative language. You may click the link to switch the active language.<\/p><p><strong>\u00c7al\u0131k Enerji taraf\u0131ndan Irak\u2019\u0131n Musul kentinde yap\u0131m\u0131 \u00fcstlenilen 750 megavatl\u0131k (MW) Nainawa santralinde sona yakla\u015f\u0131l\u0131yor. Musul\u2019un elektrik ihtiyac\u0131n\u0131 kar\u015f\u0131layacak santralin iki t\u00fcrbini ate\u015flendi. Kalan 4 t\u00fcrbinin eyl\u00fcl ay\u0131na kadar tamamlanmas\u0131 hedefleniyor.<\/strong><\/p>\n<p>Proje M\u00fcd\u00fcr\u00fc Abdullah Ba\u015f yapt\u0131\u011f\u0131 a\u00e7\u0131klamada, Nainawa\u2019n\u0131n Irak\u2019\u0131n en b\u00fcy\u00fck d\u00f6rd\u00fcnc\u00fc santrali olaca\u011f\u0131n\u0131 belirterek, \u201cAllaha \u015f\u00fck\u00fcr Irak\u2019\u0131n en b\u00fcy\u00fck santralini Kerbela\u2019da yine biz yap\u0131yoruz. Kerbela Al-Khairat santrali, \u015fu an 8 t\u00fcrbiniyle 1000 MW elektrik \u00fcretiyor. K\u0131smet olursa bayramdan sonra iki t\u00fcrbini daha aktif hale getirip, bunu 1.250 MW\u2019a \u00e7\u0131karaca\u011f\u0131z. \u0130ki santralden toplam 2 bin MW elektrik \u00fcretece\u011fiz. Irak\u2019\u0131n ihtiyac\u0131n\u0131n 8\u2032de birini kar\u015f\u0131lam\u0131\u015f olaca\u011f\u0131z\u201d dedi.<\/p>\n<p>Nainawa santralinde 6 t\u00fcrbin oldu\u011funu belirten Ba\u015f, \u201c\u0130ki t\u00fcrbini ate\u015fledik, bayramdan sonra iki t\u00fcrbini daha ate\u015fleyece\u011fiz. Eyl\u00fclde ise son iki t\u00fcrbin bitmi\u015f olacak. T\u00fcrbinlerin \u00e7al\u0131\u015fmas\u0131nda gaz, LDO ve ham petrol kullan\u0131l\u0131yor. Proje, Musul\u2019un elektrik ihtiyac\u0131n\u0131 kar\u015f\u0131layacak\u201d diye k<a href=\"https:\/\/www.enerjigazetesi.ist\/wp-content\/uploads\/2013\/04\/elektrik-uretimi-ve-tuketimi.jpg\"><img loading=\"lazy\" class=\"alignleft size-medium wp-image-9408\" title=\"musul-un-elektrigini-calik-enerji-karsilayacak\" src=\"https:\/\/www.enerjigazetesi.ist\/wp-content\/uploads\/2013\/04\/elektrik-uretimi-ve-tuketimi-300x191.jpg\" alt=\"\" width=\"300\" height=\"191\" srcset=\"https:\/\/www.enerjigazetesi.ist\/wp-content\/uploads\/2013\/04\/elektrik-uretimi-ve-tuketimi-300x191.jpg 300w, https:\/\/www.enerjigazetesi.ist\/wp-content\/uploads\/2013\/04\/elektrik-uretimi-ve-tuketimi-500x319.jpg 500w, https:\/\/www.enerjigazetesi.ist\/wp-content\/uploads\/2013\/04\/elektrik-uretimi-ve-tuketimi-78x50.jpg 78w, https:\/\/www.enerjigazetesi.ist\/wp-content\/uploads\/2013\/04\/elektrik-uretimi-ve-tuketimi.jpg 556w\" sizes=\"(max-width: 300px) 100vw, 300px\" \/><\/a>onu\u015ftu. Ba\u015f, 388.5 milyon dolarl\u0131k projede, 110 m\u00fchendis ve bin i\u015f\u00e7inin \u00e7al\u0131\u015ft\u0131\u011f\u0131n\u0131 s\u00f6yledi.<\/p>\n<p>\u201cBu co\u011frafyada i\u015f yapmak \u00e7ok zor\u201d diyen Abdullah Ba\u015f, ya\u015fad\u0131klar\u0131 s\u0131k\u0131nt\u0131lar\u0131 \u015f\u00f6yle anlatt\u0131:<\/p>\n<p>\u201cBiz her gitti\u011fimiz yere z\u0131rhl\u0131 ara\u00e7larla gittik. Burada olsun, Kerbela\u2019da olsun lojistikte \u00e7ok s\u0131k\u0131nt\u0131 ya\u015fad\u0131k. T\u00fcrkiye\u2019de 36 saatte yap\u0131labilecek bir sevkiyat, burada bazen 48 g\u00fcnde yap\u0131labiliyor. G\u00fcvenlik noktalar\u0131 \u00e7ok fazla. Kontrol noktas\u0131ndaki askerler, ta\u015f\u0131d\u0131\u011f\u0131m\u0131z kimyasal maddeleri, kontrol ve kumanda kartlar\u0131n\u0131, elektronik cihazlar\u0131 ve pompalar\u0131 tan\u0131may\u0131nca hemen el koyuyorlar. Santralin bulundu\u011fu Geyyara b\u00f6lgesi, Dicle nehrinin \u00fczerindeki k\u00f6pr\u00fcyle K\u00fcrt b\u00f6lgesinden ayr\u0131l\u0131yor. Geyyaral\u0131 olmayan hi\u00e7bir K\u00fcrt ve Arap, k\u00f6pr\u00fcn\u00fcn Musul taraf\u0131na ge\u00e7mek istemiyor. Biz 6,5 ay i\u015f makineleri bakt\u0131k.\u201d<\/p>\n<p>B\u00f6lgede \u00f6zellikle t\u0131rlar i\u00e7in \u00e7ok ciddi s\u0131k\u0131nt\u0131lar ya\u015fand\u0131\u011f\u0131n\u0131 belirten Ba\u015f, \u201cBu projeye, T\u00fcrkiye\u2019de 12 fabrikan\u0131n kurulu\u015f maliyeti kadar bir b\u00fct\u00e7e ay\u0131rd\u0131k. Buna ra\u011fmen hala malzeme getirmekte ciddi s\u0131k\u0131nt\u0131 ya\u015f\u0131yoruz. Bu santral, K\u00fcrt b\u00f6lgesinde olsayd\u0131 8 ay \u00f6nce biterdi. Biz T\u00fcrkmenistan\u2019da 4,5 ayda bir santrali bitirdik.\u201d<\/p>\n<p>Ba\u015f, \u201czorluklara ra\u011fmen Irak halk\u0131n\u0131n elektrik ihtiyac\u0131n\u0131 kar\u015f\u0131layacak dev bir projeyi daha hayata ge\u00e7irmenin mutlulu\u011funu ya\u015fad\u0131klar\u0131n\u0131\u201d dile getirdi.<\/p>\n<p>Santralin temeli 24 May\u0131s 2011\u2032de \u00c7al\u0131k Holding Y\u00f6netim Kurulu Ba\u015fkan\u0131 Ahmet \u00c7al\u0131k, \u00c7al\u0131k Enerji Genel M\u00fcd\u00fcr\u00fc Dr. Osman Saim Din\u00e7, Musul Valisi Esil Nuceyfi ve Irak Elektrik Bakan Yard\u0131mc\u0131s\u0131 Saad \u0130brahim Hammudi\u2019nin kat\u0131l\u0131m\u0131yla at\u0131lm\u0131\u015ft\u0131.<\/p>\n<p>Kaynak: <a href=\"http:\/\/enerjienstitusu.com\/2013\/07\/31\/musulun-elektrigini-calik-enerji-karsilayacak\/\" target=\"_blank\">Enerji Enstit\u00fcs\u00fc<\/a><\/p>","protected":false},"excerpt":{"rendered":"<p>Sorry, this entry is only available in Turkish. For the sake of viewer convenience, the content is shown below in the alternative language. You may click the link to switch the active language.\u00c7al\u0131k Enerji taraf\u0131ndan Irak\u2019\u0131n Musul kentinde yap\u0131m\u0131 \u00fcstlenilen 750 megavatl\u0131k (MW) Nainawa santralinde sona yakla\u015f\u0131l\u0131yor. Musul\u2019un elektrik ihtiyac\u0131n\u0131 kar\u015f\u0131layacak santralin iki t\u00fcrbini ate\u015flendi. [&hellip;]<\/p>\n","protected":false},"author":1,"featured_media":9408,"comment_status":"open","ping_status":"open","sticky":false,"template":"","format":"standard","meta":[],"categories":[51,53],"tags":[598,1478,63,67,165,7319,7320],"views":684,"_links":{"self":[{"href":"https:\/\/www.enerjigazetesi.ist\/en\/wp-json\/wp\/v2\/posts\/13647"}],"collection":[{"href":"https:\/\/www.enerjigazetesi.ist\/en\/wp-json\/wp\/v2\/posts"}],"about":[{"href":"https:\/\/www.enerjigazetesi.ist\/en\/wp-json\/wp\/v2\/types\/post"}],"author":[{"embeddable":true,"href":"https:\/\/www.enerjigazetesi.ist\/en\/wp-json\/wp\/v2\/users\/1"}],"replies":[{"embeddable":true,"href":"https:\/\/www.enerjigazetesi.ist\/en\/wp-json\/wp\/v2\/comments?post=13647"}],"version-history":[{"count":2,"href":"https:\/\/www.enerjigazetesi.ist\/en\/wp-json\/wp\/v2\/posts\/13647\/revisions"}],"predecessor-version":[{"id":13649,"href":"https:\/\/www.enerjigazetesi.ist\/en\/wp-json\/wp\/v2\/posts\/13647\/revisions\/13649"}],"wp:featuredmedia":[{"embeddable":true,"href":"https:\/\/www.enerjigazetesi.ist\/en\/wp-json\/wp\/v2\/media\/9408"}],"wp:attachment":[{"href":"https:\/\/www.enerjigazetesi.ist\/en\/wp-json\/wp\/v2\/media?parent=13647"}],"wp:term":[{"taxonomy":"category","embeddable":true,"href":"https:\/\/www.enerjigazetesi.ist\/en\/wp-json\/wp\/v2\/categories?post=13647"},{"taxonomy":"post_tag","embeddable":true,"href":"https:\/\/www.enerjigazetesi.ist\/en\/wp-json\/wp\/v2\/tags?post=13647"}],"curies":[{"name":"wp","href":"https:\/\/api.w.org\/{rel}","templated":true}]}}