{"id":136389,"date":"2021-06-09T14:52:30","date_gmt":"2021-06-09T11:52:30","guid":{"rendered":"https:\/\/www.enerjigazetesi.ist\/?p=136389"},"modified":"2021-06-09T14:53:09","modified_gmt":"2021-06-09T11:53:09","slug":"enerji-ve-iklim-sohbetleri-18de-denizustu-ruzgar-santralleri-konusulacak","status":"publish","type":"post","link":"https:\/\/www.enerjigazetesi.ist\/en\/enerji-ve-iklim-sohbetleri-18de-denizustu-ruzgar-santralleri-konusulacak\/","title":{"rendered":"(Turkish) Enerji ve \u0130klim Sohbetleri-18&#8217;de &#8216;Deniz\u00fcst\u00fc R\u00fczgar Santralleri&#8217; Konu\u015fulacak"},"content":{"rendered":"<p class=\"qtranxs-available-languages-message qtranxs-available-languages-message-en\">Sorry, this entry is only available in <a href=\"https:\/\/www.enerjigazetesi.ist\/tr\/wp-json\/wp\/v2\/posts\/136389\" class=\"qtranxs-available-language-link qtranxs-available-language-link-tr\" title=\"Turkish\">Turkish<\/a>. For the sake of viewer convenience, the content is shown below in the alternative language. You may click the link to switch the active language.<\/p><p><\/p>\n<h1>Kadir Has \u00dcniversitesi <strong>Enerji ve S\u00fcrd\u00fcr\u00fclebilir Kalk\u0131nma Merkezi (CESD)<\/strong> ile <strong>Enerji ve \u0130klim De\u011fi\u015fikli\u011fi Vakf\u0131 (EN\u0130VA)<\/strong> taraf\u0131ndan d\u00fczenlenen <strong>Enerji ve \u0130klim <img loading=\"lazy\" class=\"alignright wp-image-136391\" src=\"https:\/\/www.enerjigazetesi.ist\/wp-content\/uploads\/2021\/06\/enerji-ve-iklim-sohbetleri-18de-denizustu-ruzgar-santralleri-konusulacak.jpg\" alt=\"\" width=\"320\" height=\"241\" srcset=\"https:\/\/www.enerjigazetesi.ist\/wp-content\/uploads\/2021\/06\/enerji-ve-iklim-sohbetleri-18de-denizustu-ruzgar-santralleri-konusulacak.jpg 550w, https:\/\/www.enerjigazetesi.ist\/wp-content\/uploads\/2021\/06\/enerji-ve-iklim-sohbetleri-18de-denizustu-ruzgar-santralleri-konusulacak-300x226.jpg 300w, https:\/\/www.enerjigazetesi.ist\/wp-content\/uploads\/2021\/06\/enerji-ve-iklim-sohbetleri-18de-denizustu-ruzgar-santralleri-konusulacak-500x376.jpg 500w, https:\/\/www.enerjigazetesi.ist\/wp-content\/uploads\/2021\/06\/enerji-ve-iklim-sohbetleri-18de-denizustu-ruzgar-santralleri-konusulacak-66x50.jpg 66w\" sizes=\"(max-width: 320px) 100vw, 320px\" \/>Sohbetleri-18,\u00a015 Haziran Sal\u0131<\/strong> g\u00fcn\u00fc saat <strong>18.00-19.00<\/strong> aras\u0131nda ger\u00e7ekle\u015ftirilecektir.<\/h1>\n<p><strong>Good4Turst.org Kurucusu ve EN\u0130VA YK Ba\u015fkan Yard\u0131mc\u0131s\u0131 Uygar \u00d6zesmi <\/strong>moderat\u00f6rl\u00fc\u011f\u00fcnde, konu\u011fumuz <strong>Deniz\u00fcst\u00fc R\u00fczgar Enerjisi Derne\u011fi (D\u00dcRED) Y\u00f6netim Kurulu Ba\u015fkan\u0131 Dr. Murat Durak <\/strong>ile \u201c<strong>Deniz\u00fcst\u00fc R\u00fczgar Santralleri<\/strong>\u201d hakk\u0131nda sohbet edilecektir.<\/p>\n<p><em><strong>Tarih:<\/strong> 15 Haziran Sal\u0131<\/em><\/p>\n<p><em style=\"font-weight: inherit;\"><strong>Saat:<\/strong> 18.00-19.00<\/em><\/p>\n<p><strong>Program Zoom uygulamas\u0131<\/strong> \u00fczerinden ger\u00e7ekle\u015ftirilecektir ve kat\u0131l\u0131m i\u00e7in <strong>kay\u0131t zorunludur. \u00a0<\/strong><\/p>\n<p><strong>Kay\u0131t olmak i\u00e7in:<\/strong> <a href=\"https:\/\/bit.ly\/2RHZETO\" target=\"_blank\" rel=\"nofollow noopener\">https:\/\/bit.ly\/2RHZETO<\/a> linkinde yer alan kay\u0131t formunun doldurulmas\u0131 zorunludur.<\/p>","protected":false},"excerpt":{"rendered":"<p>Sorry, this entry is only available in Turkish. For the sake of viewer convenience, the content is shown below in the alternative language. You may click the link to switch the active language. Kadir Has \u00dcniversitesi Enerji ve S\u00fcrd\u00fcr\u00fclebilir Kalk\u0131nma Merkezi (CESD) ile Enerji ve \u0130klim De\u011fi\u015fikli\u011fi Vakf\u0131 (EN\u0130VA) taraf\u0131ndan d\u00fczenlenen Enerji ve \u0130klim Sohbetleri-18,\u00a015 [&hellip;]<\/p>\n","protected":false},"author":1,"featured_media":136391,"comment_status":"open","ping_status":"open","sticky":false,"template":"","format":"standard","meta":[],"categories":[51,53,50],"tags":[48657,52259,82053,82051,53282,54979],"views":323,"_links":{"self":[{"href":"https:\/\/www.enerjigazetesi.ist\/en\/wp-json\/wp\/v2\/posts\/136389"}],"collection":[{"href":"https:\/\/www.enerjigazetesi.ist\/en\/wp-json\/wp\/v2\/posts"}],"about":[{"href":"https:\/\/www.enerjigazetesi.ist\/en\/wp-json\/wp\/v2\/types\/post"}],"author":[{"embeddable":true,"href":"https:\/\/www.enerjigazetesi.ist\/en\/wp-json\/wp\/v2\/users\/1"}],"replies":[{"embeddable":true,"href":"https:\/\/www.enerjigazetesi.ist\/en\/wp-json\/wp\/v2\/comments?post=136389"}],"version-history":[{"count":0,"href":"https:\/\/www.enerjigazetesi.ist\/en\/wp-json\/wp\/v2\/posts\/136389\/revisions"}],"wp:featuredmedia":[{"embeddable":true,"href":"https:\/\/www.enerjigazetesi.ist\/en\/wp-json\/wp\/v2\/media\/136391"}],"wp:attachment":[{"href":"https:\/\/www.enerjigazetesi.ist\/en\/wp-json\/wp\/v2\/media?parent=136389"}],"wp:term":[{"taxonomy":"category","embeddable":true,"href":"https:\/\/www.enerjigazetesi.ist\/en\/wp-json\/wp\/v2\/categories?post=136389"},{"taxonomy":"post_tag","embeddable":true,"href":"https:\/\/www.enerjigazetesi.ist\/en\/wp-json\/wp\/v2\/tags?post=136389"}],"curies":[{"name":"wp","href":"https:\/\/api.w.org\/{rel}","templated":true}]}}