{"id":136355,"date":"2021-06-09T11:47:48","date_gmt":"2021-06-09T08:47:48","guid":{"rendered":"https:\/\/www.enerjigazetesi.ist\/?p=136355"},"modified":"2021-06-09T11:48:12","modified_gmt":"2021-06-09T08:48:12","slug":"enerji-ve-dogal-kaynaklar-zirvesi-nde-sedas-odule-layik-goruldu","status":"publish","type":"post","link":"https:\/\/www.enerjigazetesi.ist\/en\/enerji-ve-dogal-kaynaklar-zirvesi-nde-sedas-odule-layik-goruldu\/","title":{"rendered":"(Turkish) Enerji ve Do\u011fal Kaynaklar Zirvesi\u2019nde &#8216;SEDA\u015e&#8217; \u00d6d\u00fcle Lay\u0131k G\u00f6r\u00fcld\u00fc"},"content":{"rendered":"<p class=\"qtranxs-available-languages-message qtranxs-available-languages-message-en\">Sorry, this entry is only available in <a href=\"https:\/\/www.enerjigazetesi.ist\/tr\/wp-json\/wp\/v2\/posts\/136355\" class=\"qtranxs-available-language-link qtranxs-available-language-link-tr\" title=\"Turkish\">Turkish<\/a>. For the sake of viewer convenience, the content is shown below in the alternative language. You may click the link to switch the active language.<\/p><p><\/p>\n<h1><strong>T\u00fcrkiye Cumhuriyeti Enerji ve Tabii Kaynaklar Bakanl\u0131\u011f\u0131 himayelerinde bu y\u0131l 4&#8217;\u00fcnc\u00fcs\u00fc d\u00fczenlenen Enerji ve Do\u011fal Kaynaklar Zirvesi\u2019nde \u201cEnerjimiz Gelece\u011fimiz\u201d \u00f6d\u00fclleri sahiplerini buldu. S\u00fcrd\u00fcr\u00fclebilirlik anlay\u0131\u015f\u0131yla hayat\u0131n her alan\u0131na enerji katan SEDA\u015e, \u201cForget the Gender\u201d projesiyle \u00f6d\u00fcle lay\u0131k bulundu.<\/strong><\/h1>\n<p><strong>T\u00fcrkiye Cumhuriyeti Enerji <\/strong>ve<strong> Tabii Kaynaklar Bakanl\u0131\u011f\u0131<\/strong> himayelerinde d\u00fczenlenen <strong>4. Enerji <img loading=\"lazy\" class=\"alignright wp-image-136357\" src=\"https:\/\/www.enerjigazetesi.ist\/wp-content\/uploads\/2021\/06\/enerji-ve-dogal-kaynaklar-zirvesi-nde-sedas-odule-layik-goruldu-2.jpg\" alt=\"\" width=\"320\" height=\"214\" srcset=\"https:\/\/www.enerjigazetesi.ist\/wp-content\/uploads\/2021\/06\/enerji-ve-dogal-kaynaklar-zirvesi-nde-sedas-odule-layik-goruldu-2.jpg 550w, https:\/\/www.enerjigazetesi.ist\/wp-content\/uploads\/2021\/06\/enerji-ve-dogal-kaynaklar-zirvesi-nde-sedas-odule-layik-goruldu-2-300x200.jpg 300w, https:\/\/www.enerjigazetesi.ist\/wp-content\/uploads\/2021\/06\/enerji-ve-dogal-kaynaklar-zirvesi-nde-sedas-odule-layik-goruldu-2-500x334.jpg 500w, https:\/\/www.enerjigazetesi.ist\/wp-content\/uploads\/2021\/06\/enerji-ve-dogal-kaynaklar-zirvesi-nde-sedas-odule-layik-goruldu-2-75x50.jpg 75w, https:\/\/www.enerjigazetesi.ist\/wp-content\/uploads\/2021\/06\/enerji-ve-dogal-kaynaklar-zirvesi-nde-sedas-odule-layik-goruldu-2-450x300.jpg 450w\" sizes=\"(max-width: 320px) 100vw, 320px\" \/>ve Do\u011fal Kaynaklar Zirvesi<\/strong>, 07 Haziran 2021 Pazartesi g\u00fcn\u00fc ger\u00e7ekle\u015fti. Bakan Fatih D\u00f6nmez\u2019in de kat\u0131l\u0131m g\u00f6sterdi\u011fi <strong>zirve kapsam\u0131nda<\/strong>, bu y\u0131l <strong>2&#8217;inci<\/strong> kez verilen <strong>\u201cEnerjimiz Gelece\u011fimiz\u201d \u00f6d\u00fclleri<\/strong>nin kazananlar\u0131 a\u00e7\u0131kland\u0131. <strong>S\u00fcrd\u00fcr\u00fclebilir enerji<\/strong> ana temas\u0131na sahip programda, <strong>Sakarya Elektrik Da\u011f\u0131t\u0131m A.\u015e. (SEDA\u015e)<\/strong> taraf\u0131ndan hayata ge\u00e7irilen <strong>\u201cForget the Gender\u201d isimli proje<\/strong> \u00f6d\u00fcllendirildi. SEDA\u015e Y\u00f6netim Kurulu ve \u0130cra Ba\u015fkan\u0131 <strong>Dr. Necmi Odyakmaz<\/strong>, \u00f6d\u00fcl\u00fc Bakan D\u00f6nmez\u2019in elinden ald\u0131.<\/p>\n<h2><strong>\u201cKad\u0131nlar\u0131n i\u015f g\u00fcc\u00fcne kat\u0131l\u0131m\u0131n\u0131 art\u0131rmay\u0131 hedefliyoruz\u201d<\/strong><\/h2>\n<p>\u00d6d\u00fcll\u00fc projede eme\u011fi ge\u00e7en <strong>SEDA\u015e<\/strong>\u2019l\u0131lar\u0131 tebrik eden <strong>Odyakmaz,<\/strong> enerji sekt\u00f6r\u00fcnde <strong>s\u00fcrd\u00fcr\u00fclebilirli\u011fin \u00f6nem kazand\u0131\u011f\u0131n\u0131<\/strong> belirtti. Odyakmaz, \u015funlar\u0131 <span style=\"text-decoration: underline;\">dile getirdi;<\/span><em> \u201cS\u00fcrd\u00fcr\u00fclebilirlik ekseninde hayata ge\u00e7irdi\u011fimiz proje ve uygulamalar\u0131n \u00e7al\u0131\u015fanlar\u0131m\u0131z ve payda\u015flar\u0131m\u0131z taraf\u0131ndan da benimsenip i\u00e7selle\u015ftirilmesi bizim i\u00e7in mutluluk verici. <strong>Kad\u0131nlar\u0131n i\u015f g\u00fcc\u00fcne kat\u0131l\u0131m\u0131n\u0131 desteklemek<\/strong> amac\u0131yla y\u00fcr\u00fctt\u00fc\u011f\u00fcm\u00fcz<strong> \u2018Forget the Gender\u2019 projemizin<\/strong> ba\u015far\u0131ya ula\u015farak \u00f6d\u00fclle ta\u00e7land\u0131r\u0131lmas\u0131, sekt\u00f6r\u00fcm\u00fcz ad\u0131na de\u011ferli bir ad\u0131m. <strong>WEPs Kad\u0131n\u0131n G\u00fc\u00e7lendirilmesi Prensipleri<\/strong> ve <strong>Birle\u015fmi\u015f Milletler Global Compact \u00fcyeli\u011fimiz<\/strong> ile bu alandaki s\u00fcrd\u00fcr\u00fclebilirlik taahh\u00fctlerimizi yerine getirmeye devam edece\u011fiz\u201d.<\/em><\/p>\n<h2><strong>Herkes ad\u0131na f\u0131rsat e\u015fitli\u011fi ilkesi<\/strong><\/h2>\n<p>\u201cForget the Gender\u201d <strong>Kocaeli, Sakarya, Bolu<\/strong> ve<strong> D\u00fczce<\/strong>\u2019yi i\u00e7ine alan <strong>20 bin kilometrekarelik<\/strong> alanda <strong>3,7 milyon<\/strong> n\u00fcfus ve<strong> 1,9 milyon<\/strong> ki\u015fiye elektrik hizmeti sunan SEDA\u015e taraf\u0131ndan 2019 y\u0131l\u0131nda ba\u015flat\u0131ld\u0131. Kad\u0131n istihdam\u0131n\u0131n art\u0131r\u0131lmas\u0131, <strong>kariyer olanaklar\u0131n\u0131n geni\u015fletilmesi<\/strong> ve herkes i\u00e7in f\u0131rsat e\u015fitli\u011finin sa\u011flanmas\u0131 amac\u0131n\u0131 ta\u015f\u0131yan proje ile <strong>4<\/strong> kad\u0131n ve <strong>4<\/strong> erkekten olu\u015fan<strong> F\u0131rsat E\u015fitli\u011fi Komitesi<\/strong> kurularak <strong>toplumsal d\u00fczeyde \u00e7al\u0131\u015fmalara<\/strong> imza at\u0131ld\u0131. T\u00fcm \u015firket \u00e7al\u0131\u015fanlar\u0131 taraf\u0131ndan benimsenen proje kapsam\u0131nda \u00e7al\u0131\u015fanlara \u015fu ana dek toplam <strong>877 saat<\/strong> toplumsal <strong>cinsiyet e\u015fitli\u011fi e\u011fitimi<\/strong> verilirken <strong>i\u015f<\/strong> ve <strong>akademi<\/strong> d\u00fcnyas\u0131yla da i\u015f birliklerine gidildi. \u015eirket y\u00f6netimi taraf\u0131ndan desteklenen projede y\u00f6netim seviyelerinde <strong>kad\u0131n say\u0131s\u0131n\u0131n art\u0131r\u0131lmas\u0131<\/strong>, g\u00fcnl\u00fck dil kullan\u0131mlar\u0131nda <strong>cinsiyet\u00e7i s\u00f6ylemlerden uzakla\u015ft\u0131r\u0131lmas\u0131<\/strong> gibi konulara b\u00fcy\u00fck \u00f6nem verilirken uluslararas\u0131 kat\u0131l\u0131mc\u0131lar\u0131n da yer ald\u0131\u011f\u0131 paneller ile at\u0131lan ad\u0131mlar\u0131n s\u00fcreklili\u011fi sa\u011flan\u0131yor.<\/p>","protected":false},"excerpt":{"rendered":"<p>Sorry, this entry is only available in Turkish. For the sake of viewer convenience, the content is shown below in the alternative language. You may click the link to switch the active language. T\u00fcrkiye Cumhuriyeti Enerji ve Tabii Kaynaklar Bakanl\u0131\u011f\u0131 himayelerinde bu y\u0131l 4&#8217;\u00fcnc\u00fcs\u00fc d\u00fczenlenen Enerji ve Do\u011fal Kaynaklar Zirvesi\u2019nde \u201cEnerjimiz Gelece\u011fimiz\u201d \u00f6d\u00fclleri sahiplerini buldu. [&hellip;]<\/p>\n","protected":false},"author":1,"featured_media":136358,"comment_status":"open","ping_status":"open","sticky":false,"template":"","format":"standard","meta":[],"categories":[51,53],"tags":[91650,53114,52259,91649,70608,66356,64561],"views":62,"_links":{"self":[{"href":"https:\/\/www.enerjigazetesi.ist\/en\/wp-json\/wp\/v2\/posts\/136355"}],"collection":[{"href":"https:\/\/www.enerjigazetesi.ist\/en\/wp-json\/wp\/v2\/posts"}],"about":[{"href":"https:\/\/www.enerjigazetesi.ist\/en\/wp-json\/wp\/v2\/types\/post"}],"author":[{"embeddable":true,"href":"https:\/\/www.enerjigazetesi.ist\/en\/wp-json\/wp\/v2\/users\/1"}],"replies":[{"embeddable":true,"href":"https:\/\/www.enerjigazetesi.ist\/en\/wp-json\/wp\/v2\/comments?post=136355"}],"version-history":[{"count":0,"href":"https:\/\/www.enerjigazetesi.ist\/en\/wp-json\/wp\/v2\/posts\/136355\/revisions"}],"wp:featuredmedia":[{"embeddable":true,"href":"https:\/\/www.enerjigazetesi.ist\/en\/wp-json\/wp\/v2\/media\/136358"}],"wp:attachment":[{"href":"https:\/\/www.enerjigazetesi.ist\/en\/wp-json\/wp\/v2\/media?parent=136355"}],"wp:term":[{"taxonomy":"category","embeddable":true,"href":"https:\/\/www.enerjigazetesi.ist\/en\/wp-json\/wp\/v2\/categories?post=136355"},{"taxonomy":"post_tag","embeddable":true,"href":"https:\/\/www.enerjigazetesi.ist\/en\/wp-json\/wp\/v2\/tags?post=136355"}],"curies":[{"name":"wp","href":"https:\/\/api.w.org\/{rel}","templated":true}]}}