{"id":13617,"date":"2013-07-31T17:11:45","date_gmt":"2013-07-31T14:11:45","guid":{"rendered":"https:\/\/www.enerjigazetesi.ist\/?p=13617"},"modified":"2013-07-31T17:13:25","modified_gmt":"2013-07-31T14:13:25","slug":"konutlarda-isi-yalitimi-ve-enerji-verimliliginin-saglanmasi","status":"publish","type":"post","link":"https:\/\/www.enerjigazetesi.ist\/en\/konutlarda-isi-yalitimi-ve-enerji-verimliliginin-saglanmasi\/","title":{"rendered":"(Turkish) Konutlarda Is\u0131 Yal\u0131t\u0131m\u0131 Ve Enerji Verimlili\u011finin Sa\u011flanmas\u0131"},"content":{"rendered":"<p class=\"qtranxs-available-languages-message qtranxs-available-languages-message-en\">Sorry, this entry is only available in <a href=\"https:\/\/www.enerjigazetesi.ist\/tr\/wp-json\/wp\/v2\/posts\/13617\" class=\"qtranxs-available-language-link qtranxs-available-language-link-tr\" title=\"Turkish\">Turkish<\/a>. For the sake of viewer convenience, the content is shown below in the alternative language. You may click the link to switch the active language.<\/p><p><\/p>\n<ul>\n<li>Pencere ve kap\u0131lar\u0131n hava s\u0131zd\u0131rmazl\u0131\u011f\u0131 kontrol edilmelidir. Hava s\u0131z\u0131nt\u0131s\u0131 olabilecek yerler, s\u00fcnger ve benzeri bantlarla kapat\u0131lmal\u0131d\u0131r.<\/li>\n<li>Gev\u015fek camlar\u0131n \u00e7er\u00e7eveye birle\u015fti\u011fi yerler bant veya macunla t\u0131kanmal\u0131 veya bantlanmal\u0131d\u0131r. Pencere \u00e7er\u00e7evesi ile duvar aras\u0131nda bo\u015fluk olmamas\u0131 sa\u011flamal\u0131d\u0131r. \u00c7ift cam yapacak maddi g\u00fcc\u00fcm\u00fcz yoksa, k\u0131\u015f aylar\u0131nda pencereler \u015feffaf tabaka naylon ile kaplanabilirse, \u0131s\u0131 kayb\u0131 bir miktar daha \u00f6nlenmi\u015f olur.<\/li>\n<li>Tamirat\u0131 m\u00fcmk\u00fcn olmayan eskimi\u015f do\u011framalar mutlaka yenilenmelidir.<\/li>\n<li>K\u0131\u015f aylar\u0131nda geceleri pencerelerin perdeleri kapal\u0131 tutulmal\u0131d\u0131r (radyat\u00f6r vb. \u0131s\u0131t\u0131c\u0131lar\u0131n \u00fcst\u00fcnde \u0131s\u0131 dola\u015f\u0131m\u0131n\u0131 da engellemeyecek \u015fekilde).<\/li>\n<li>G\u00fcnd\u00fczleri g\u00fcne\u015f \u0131\u015f\u0131\u011f\u0131n\u0131 direkt alan pencerelerin perdeleri a\u00e7\u0131lmal\u0131d\u0131r.<\/li>\n<li>Enerjiyi etkin, verimli kullanan projeler, teknolojiler uygulanmal\u0131d\u0131r; yeni yap\u0131lan konutlarda \u0131s\u0131 yal\u0131t\u0131m kurallar\u0131 standard\u0131 olan TS 825\u2019in ve Is\u0131 Yal\u0131t\u0131m Y\u00f6netmeli\u011finin uyguland\u0131\u011f\u0131ndan emin olunmal\u0131d\u0131r.<\/li>\n<li>Yal\u0131t\u0131ms\u0131z veya yetersiz yal\u0131t\u0131ml\u0131 ise; \u00e7at\u0131n\u0131n, duvarlar\u0131n ve d\u00f6\u015femelerin \u0131s\u0131t\u0131lmayan mekanlarla kom\u015fu olmas\u0131 durumunda yal\u0131t\u0131lmal\u0131d\u0131r. Yal\u0131t\u0131rken de; TSE 825\u2019 te belirtilen iklim b\u00f6lgelerine uygun malzemeler se\u00e7ilmelidir.<\/li>\n<li>Konutlarda uygun yal\u0131t\u0131m ile \u0131s\u0131 kay\u0131plar\u0131n\u0131n en az a\u015fa\u011f\u0131daki oranlarda azalt\u0131labilece\u011fi unutmamal\u0131d\u0131r. &#8211; \u00c7at\u0131 izolasyonu yap\u0131ld\u0131\u011f\u0131 takdirde : ~%20 &#8211; D\u0131\u015f duvar izolasyonu yap\u0131ld\u0131\u011f\u0131 takdirde : ~% 15 &#8211; Pencere \u2013 kap\u0131 izolasyonu yap\u0131ld\u0131\u011f\u0131 takdirde : ~%15 &#8211; S\u0131zd\u0131rmazl\u0131k \u00f6nlemleri al\u0131nd\u0131\u011f\u0131 takdirde : ~%10<a href=\"https:\/\/www.enerjigazetesi.ist\/wp-content\/uploads\/2013\/04\/konutlarda-enerji-tasarrufu-ve-verimliligi.jpg\"><img loading=\"lazy\" class=\"alignright size-medium wp-image-9602\" title=\"konutlarda-enerji-tasarrufu-verimlili\u011fi-ve-\u0131s\u0131-yal\u0131t\u0131m\u0131\" src=\"https:\/\/www.enerjigazetesi.ist\/wp-content\/uploads\/2013\/04\/konutlarda-enerji-tasarrufu-ve-verimliligi-300x200.jpg\" alt=\"\" width=\"300\" height=\"200\" srcset=\"https:\/\/www.enerjigazetesi.ist\/wp-content\/uploads\/2013\/04\/konutlarda-enerji-tasarrufu-ve-verimliligi-300x200.jpg 300w, https:\/\/www.enerjigazetesi.ist\/wp-content\/uploads\/2013\/04\/konutlarda-enerji-tasarrufu-ve-verimliligi-75x50.jpg 75w, https:\/\/www.enerjigazetesi.ist\/wp-content\/uploads\/2013\/04\/konutlarda-enerji-tasarrufu-ve-verimliligi.jpg 480w\" sizes=\"(max-width: 300px) 100vw, 300px\" \/><\/a><\/li>\n<li>Is\u0131t\u0131lmayan b\u00f6lgelerden ge\u00e7en s\u0131cak su borular\u0131 yal\u0131t\u0131lmal\u0131d\u0131r.<\/li>\n<li>Radyat\u00f6rlerden ta\u015f\u0131n\u0131m ve \u0131\u015f\u0131n\u0131m yoluyla \u00e7\u0131kan \u0131s\u0131 radyat\u00f6r\u00fcn arkas\u0131ndaki duvar\u0131 \u0131s\u0131t\u0131r. D\u0131\u015far\u0131ya olan \u0131s\u0131 kayb\u0131n\u0131 \u00f6nlemek i\u00e7in radyat\u00f6rle duvar aras\u0131na al\u00fcminyum folyo kapl\u0131 \u0131s\u0131 yal\u0131t\u0131m levhalar\u0131 yerle\u015ftirmeli ve radyat\u00f6rlerin \u00fcstleri ve \u00f6nleri dekoratif ama\u00e7la da olsa kapat\u0131lmamal\u0131d\u0131r.<\/li>\n<li>Kare taban planl\u0131 olan binalar, \u0131s\u0131 kaybeden y\u00fczeyleri daha az oldu\u011fundan dikd\u00f6rtgenlere nazaran daha enerji verimlidirler.<\/li>\n<li>M\u00fcmk\u00fcnse s\u0131cak su elde etmek i\u00e7in, g\u00fcne\u015f panellerini kullan\u0131lmal\u0131d\u0131r.<\/li>\n<li>Evde kullan\u0131lacak \u0131s\u0131tma sistemleri ve cihazlar\u0131 en y\u00fcksek enerji verimlili\u011fi ve tasarrufu sa\u011flanacak \u015fekilde se\u00e7ilmelidir.<\/li>\n<li>Cihaz kapasitesi (soba, kombi, elektrikli \u0131s\u0131t\u0131c\u0131, kat kaloriferi, kalorifer kazan\u0131, klima vb.), \u0131s\u0131t\u0131lacak\/so\u011futulacak yerin gereksinimine g\u00f6re se\u00e7ilmelidir. Cihaz kapasiteleri belirlenirken geni\u015f alanlarda veya b\u00fcy\u00fck kentlerde co\u011frafi \u015fartlar ile in\u015faat malzeme yap\u0131lar\u0131 dikkate al\u0131nmal\u0131d\u0131r.<\/li>\n<li>Elektrik ve yak\u0131t t\u00fcketimleri d\u00fc\u015f\u00fck, verimlili\u011fi y\u00fcksek cihazlar tercih edilmelidir.<\/li>\n<li>\u00c7evreci cihazlar \u00f6n planda tutulmal\u0131d\u0131r (d\u00fc\u015f\u00fck yanma emisyonuna sahip cihazlar).<\/li>\n<li>Cihazlar\u0131n yanma ve \u0131s\u0131l verimleri (anma \u0131s\u0131 g\u00fcc\u00fc), so\u011futma ve \u0131s\u0131tma kapasiteleri (klima) y\u00fcksek olmal\u0131d\u0131r.<\/li>\n<li>Cihazlar\u0131n katalog, bro\u015f\u00fcr ve etiketlerinde; hem \u201cyanma verimi\u201d hem de \u201c\u0131s\u0131l verimi\u201d de\u011ferlerinin ayr\u0131 ayr\u0131 belirtilmi\u015f olmas\u0131na dikkat edilmelidir.<\/li>\n<li>R\u00fczgarl\u0131 havalarda \u0131s\u0131t\u0131c\u0131, s\u00f6nmez \u00f6zellikte olmal\u0131d\u0131r.<\/li>\n<li>Is\u0131t\u0131c\u0131n\u0131n\/so\u011futucunun, m\u00fcmk\u00fcnse elektronik \u0131s\u0131 ayarl\u0131 (termostatl\u0131) olanlar\u0131 tercih edilmelidir.<\/li>\n<li>Sessiz \u00e7al\u0131\u015fan cihazlar tercih edilmelidir.<\/li>\n<li>Buzdolab\u0131, \u00e7ama\u015f\u0131r makinesi, bula\u015f\u0131k makinesi gibi elektrikli cihazlar\u0131n A s\u0131n\u0131f\u0131ndan olanlar\u0131 se\u00e7ilmelidir.<\/li>\n<li>Ocak-f\u0131r\u0131n, elektrik s\u00fcp\u00fcrgesi, \u00fct\u00fc gibi elektrikli cihazlar\u0131n enerji kullan\u0131m\u0131nda verimlili\u011fi en y\u00fcksek olanlar tercih edilmelidir.<\/li>\n<li>Ayd\u0131nlatmada enerji t\u00fcketimi az, uzun \u00f6m\u00fcrl\u00fc, kompakt elektrik lambalar\u0131 kullan\u0131lmal\u0131d\u0131r.<\/li>\n<\/ul>\n<p>Kaynak: <a href=\"http:\/\/www.enver.org.tr\/tr\/icerik\/konutta\/16\" target=\"_blank\">Enver<\/a><\/p>","protected":false},"excerpt":{"rendered":"<p>Sorry, this entry is only available in Turkish. For the sake of viewer convenience, the content is shown below in the alternative language. You may click the link to switch the active language. Pencere ve kap\u0131lar\u0131n hava s\u0131zd\u0131rmazl\u0131\u011f\u0131 kontrol edilmelidir. Hava s\u0131z\u0131nt\u0131s\u0131 olabilecek yerler, s\u00fcnger ve benzeri bantlarla kapat\u0131lmal\u0131d\u0131r. Gev\u015fek camlar\u0131n \u00e7er\u00e7eveye birle\u015fti\u011fi yerler bant [&hellip;]<\/p>\n","protected":false},"author":1,"featured_media":9602,"comment_status":"open","ping_status":"open","sticky":false,"template":"","format":"standard","meta":[],"categories":[53,52],"tags":[1804,63,67,165,103,12,1416,793],"views":1355,"_links":{"self":[{"href":"https:\/\/www.enerjigazetesi.ist\/en\/wp-json\/wp\/v2\/posts\/13617"}],"collection":[{"href":"https:\/\/www.enerjigazetesi.ist\/en\/wp-json\/wp\/v2\/posts"}],"about":[{"href":"https:\/\/www.enerjigazetesi.ist\/en\/wp-json\/wp\/v2\/types\/post"}],"author":[{"embeddable":true,"href":"https:\/\/www.enerjigazetesi.ist\/en\/wp-json\/wp\/v2\/users\/1"}],"replies":[{"embeddable":true,"href":"https:\/\/www.enerjigazetesi.ist\/en\/wp-json\/wp\/v2\/comments?post=13617"}],"version-history":[{"count":3,"href":"https:\/\/www.enerjigazetesi.ist\/en\/wp-json\/wp\/v2\/posts\/13617\/revisions"}],"predecessor-version":[{"id":13619,"href":"https:\/\/www.enerjigazetesi.ist\/en\/wp-json\/wp\/v2\/posts\/13617\/revisions\/13619"}],"wp:featuredmedia":[{"embeddable":true,"href":"https:\/\/www.enerjigazetesi.ist\/en\/wp-json\/wp\/v2\/media\/9602"}],"wp:attachment":[{"href":"https:\/\/www.enerjigazetesi.ist\/en\/wp-json\/wp\/v2\/media?parent=13617"}],"wp:term":[{"taxonomy":"category","embeddable":true,"href":"https:\/\/www.enerjigazetesi.ist\/en\/wp-json\/wp\/v2\/categories?post=13617"},{"taxonomy":"post_tag","embeddable":true,"href":"https:\/\/www.enerjigazetesi.ist\/en\/wp-json\/wp\/v2\/tags?post=13617"}],"curies":[{"name":"wp","href":"https:\/\/api.w.org\/{rel}","templated":true}]}}