{"id":136144,"date":"2021-06-04T12:18:39","date_gmt":"2021-06-04T09:18:39","guid":{"rendered":"https:\/\/www.enerjigazetesi.ist\/?p=136144"},"modified":"2021-06-04T12:21:19","modified_gmt":"2021-06-04T09:21:19","slug":"hava-kirliliginin-azalmasinda-binalarda-isi-yalitiminin-onemli-etkisi-var","status":"publish","type":"post","link":"https:\/\/www.enerjigazetesi.ist\/en\/hava-kirliliginin-azalmasinda-binalarda-isi-yalitiminin-onemli-etkisi-var\/","title":{"rendered":"(Turkish) Hava Kirlili\u011fini Azaltmada Binalar\u0131n Is\u0131 Yal\u0131t\u0131m\u0131n\u0131n \u00d6nemli Etkisi Var"},"content":{"rendered":"<p class=\"qtranxs-available-languages-message qtranxs-available-languages-message-en\">Sorry, this entry is only available in <a href=\"https:\/\/www.enerjigazetesi.ist\/tr\/wp-json\/wp\/v2\/posts\/136144\" class=\"qtranxs-available-language-link qtranxs-available-language-link-tr\" title=\"Turkish\">Turkish<\/a>. For the sake of viewer convenience, the content is shown below in the alternative language. You may click the link to switch the active language.<\/p><p><\/p>\n<h1><strong>\u20185 Haziran D\u00fcnya \u00c7evre G\u00fcn\u00fc\u2019 dolay\u0131s\u0131yla bir a\u00e7\u0131klama yapan \u0130ZODER Ba\u015fkan\u0131 Levent G\u00f6k\u00e7e, \u201c\u00c7evresel sorunlarla m\u00fccadelede en etkin uygulamalardan biri binalarda enerji verimlili\u011fini, yani \u0131s\u0131 yal\u0131t\u0131m\u0131 uygulamalar\u0131n\u0131 art\u0131rmakt\u0131r. \u0130stanbul\u2019da son 5 y\u0131lda hava kirlili\u011finin azald\u0131\u011f\u0131n\u0131n tespit edildi\u011fi ara\u015ft\u0131rma sonu\u00e7lar\u0131 da, binalarda \u0131s\u0131 yal\u0131t\u0131m\u0131n\u0131n \u00f6nemini ortaya \u00e7\u0131kard\u0131\u201d dedi.<\/strong><\/h1>\n<p>T\u00fcrkiye\u2019deki binalar\u0131n t\u00fcm\u00fcn\u00fcn, daha az enerji harcayan <strong>\u00e7evre dostu bir yap\u0131ya kavu\u015fmas\u0131<\/strong> gerekti\u011fini belirten\u00a0<strong>Is\u0131 Su Ses ve Yang\u0131n Yal\u0131t\u0131mc\u0131lar\u0131 Derne\u011fi (\u0130ZODER) Y\u00f6netim Kurulu Ba\u015fkan\u0131 Levent G\u00f6k\u00e7e<\/strong>, \u201c2019 y\u0131l\u0131 Gelir ve Ya\u015fam Ko\u015fullar\u0131 Ara\u015ft\u0131rmas\u0131\u2019nda, n\u00fcfusun y\u00fczde <strong>39,3<\/strong>\u2019\u00fcn\u00fcn konutunda yal\u0131t\u0131mdan dolay\u0131 <strong>\u0131s\u0131nma sorunu<\/strong> ya\u015fad\u0131\u011f\u0131, % <strong>26,1<\/strong>\u2019inin de <strong>trafik<\/strong> veya <img loading=\"lazy\" class=\"alignright wp-image-136148\" src=\"https:\/\/www.enerjigazetesi.ist\/wp-content\/uploads\/2021\/06\/hava-kirliliginin-azalmasinda-binalarda-isi-yalitiminin-onemli-etkisi-var-1.jpg\" alt=\"\" width=\"320\" height=\"190\" srcset=\"https:\/\/www.enerjigazetesi.ist\/wp-content\/uploads\/2021\/06\/hava-kirliliginin-azalmasinda-binalarda-isi-yalitiminin-onemli-etkisi-var-1.jpg 550w, https:\/\/www.enerjigazetesi.ist\/wp-content\/uploads\/2021\/06\/hava-kirliliginin-azalmasinda-binalarda-isi-yalitiminin-onemli-etkisi-var-1-300x178.jpg 300w, https:\/\/www.enerjigazetesi.ist\/wp-content\/uploads\/2021\/06\/hava-kirliliginin-azalmasinda-binalarda-isi-yalitiminin-onemli-etkisi-var-1-500x296.jpg 500w, https:\/\/www.enerjigazetesi.ist\/wp-content\/uploads\/2021\/06\/hava-kirliliginin-azalmasinda-binalarda-isi-yalitiminin-onemli-etkisi-var-1-80x47.jpg 80w\" sizes=\"(max-width: 320px) 100vw, 320px\" \/><strong>end\u00fcstrinin<\/strong> neden oldu\u011fu <strong>hava kirlili\u011fi, \u00e7evre kirlili\u011fi<\/strong> veya di\u011fer <strong>\u00e7evresel sorunlarla kar\u015f\u0131la\u015ft\u0131\u011f\u0131<\/strong> ortaya \u00e7\u0131kt\u0131. Binalar\u0131m\u0131z\u0131 <strong>\u0131s\u0131 yal\u0131t\u0131ml\u0131 hale getirerek<\/strong> k\u0131\u015f\u0131n <strong>\u0131s\u0131tma<\/strong>, yaz\u0131n ise <strong>so\u011futma<\/strong> i\u00e7in harcanan enerji t\u00fcketimini d\u00fc\u015f\u00fcrebilir, b\u00f6ylece\u00a0atmosfere yay\u0131lan <strong>sera gaz\u0131 sal\u0131m\u0131n\u0131<\/strong> da azaltm\u0131\u015f oluruz. Fosil yak\u0131t t\u00fcketiminin azalmas\u0131n\u0131 sa\u011flayan <strong>standart \u0131s\u0131 yal\u0131t\u0131m\u0131 uygulamalar\u0131<\/strong>,\u00a0\u00e7evresel sorunlar ile m\u00fccadelede en etkin uygulamalardan biridir\u201d diye konu\u015ftu.<\/p>\n<p><strong>Is\u0131 yal\u0131t\u0131ml\u0131 binalar\u0131n<\/strong> say\u0131s\u0131n\u0131 art\u0131rarak,<strong>\u00a0k\u00fcresel \u0131s\u0131nmaya kar\u015f\u0131 m\u00fccadeleye<\/strong> de katk\u0131 sa\u011flamaman\u0131n m\u00fcmk\u00fcn oldu\u011funu vurgulayan <strong>Levent G\u00f6k\u00e7e<\/strong> \u015funlar\u0131 s\u00f6yledi: <em>\u201cG\u00fcn\u00fcm\u00fczde ne kadar az fosil yak\u0131t t\u00fcketirsek o seviyede <strong>karbon sal\u0131m\u0131n\u0131<\/strong> azalt\u0131r, <strong>hava kirlili\u011fi<\/strong> ve <strong>k\u00fcresel \u0131s\u0131nmaya<\/strong> kar\u015f\u0131 daha etkin rol alabiliriz. Nitekim\u00a0<strong>\u0130stanbul Teknik \u00dcniversitesi (\u0130T\u00dc)<\/strong> b\u00fcnyesinde, \u0130stanbul&#8217;da son <strong>5\u00a0<\/strong>y\u0131ldaki hava kirlili\u011fi oran\u0131 \u00fczerine yap\u0131lan ara\u015ft\u0131rman\u0131n sonu\u00e7lar\u0131 da \u0131s\u0131 yal\u0131t\u0131m\u0131n\u0131n \u00f6nemini ortaya \u00e7\u0131kard\u0131. \u0130stanbul&#8217;da son <strong>5\u00a0<\/strong>y\u0131lda hava kirlili\u011finin y\u00fczde <strong>21\u00a0<\/strong>azald\u0131\u011f\u0131n\u0131n tespit edildi\u011fi ara\u015ft\u0131rmada; \u0130stanbul&#8217;da \u2018<strong>do\u011fal gaz kullan\u0131m\u0131n\u0131n artmas\u0131<\/strong>\u2019, \u2018sanayi tesislerinde yap\u0131lan iyile\u015ftirme \u00e7al\u0131\u015fmalar\u0131\u2019, \u2018konutlarda \u0131s\u0131 yal\u0131t\u0131m\u0131n\u0131n yap\u0131lmas\u0131\u2019, \u2018\u00e7evreye daha az zarar veren ara\u00e7lar\u0131n oran\u0131n\u0131n artt\u0131\u011f\u0131\u2019 ve t\u00fcm bu fakt\u00f6rlerin <strong>hava kirlili\u011finin azalt\u0131lmas\u0131na<\/strong> olumlu y\u00f6nde etki etti\u011fi vurguland\u0131.\u201d<\/em><\/p>\n<h2><strong>Binalar\u0131m\u0131z \u00e7evre dostu olmal\u0131<\/strong><\/h2>\n<p>T\u00fcrkiye\u2019de bir metrekarelik <strong>bir alan\u0131n \u0131s\u0131t\u0131lmas\u0131<\/strong> i\u00e7in harcanan <strong>y\u0131ll\u0131k enerji miktar\u0131n\u0131n<\/strong> geli\u015fmi\u015f \u00fclkelerin \u00e7ok \u00fczerinde oldu\u011funa dikkat \u00e7eken\u00a0<strong>Levent G\u00f6k\u00e7e<\/strong>, <em>\u201cOysa gerek <strong>enerji verimlili\u011fi<\/strong> gerekse <strong>k\u00fcresel \u0131s\u0131nma<\/strong> ve <strong>iklim de\u011fi\u015fikli\u011fi<\/strong> ile ilgili hedeflere ula\u015fmam\u0131z i\u00e7in daha <strong>kal\u0131n yal\u0131t\u0131m malzemesi<\/strong> kullanarak verimlilik sa\u011flamal\u0131y\u0131z. Geli\u015fmi\u015f \u00fclkelerde tan\u0131mlanm\u0131\u015f <strong>U de\u011ferleri<\/strong> (\u0131s\u0131l ge\u00e7irgenlik de\u011feri) ile \u00fclkemizde tavsiye edilen<strong> U de\u011ferlerini mukayese<\/strong> etti\u011fimizde, \u00fclke olarak U de\u011ferlerimizin iyile\u015ftirilmesi gereklili\u011fini a\u00e7\u0131k\u00e7a g\u00f6r\u00fcyoruz. T\u00fcrkiye\u2019deki binalar\u0131n t\u00fcm\u00fcn\u00fcn, daha az enerji harcayan<strong> \u00e7evre dostu<\/strong> bir yap\u0131ya kavu\u015fmas\u0131 \u00f6ncelikli hedefimiz olmal\u0131\u201d<\/em> \u015feklinde konu\u015ftu.<\/p>","protected":false},"excerpt":{"rendered":"<p>Sorry, this entry is only available in Turkish. For the sake of viewer convenience, the content is shown below in the alternative language. You may click the link to switch the active language. \u20185 Haziran D\u00fcnya \u00c7evre G\u00fcn\u00fc\u2019 dolay\u0131s\u0131yla bir a\u00e7\u0131klama yapan \u0130ZODER Ba\u015fkan\u0131 Levent G\u00f6k\u00e7e, \u201c\u00c7evresel sorunlarla m\u00fccadelede en etkin uygulamalardan biri binalarda enerji [&hellip;]<\/p>\n","protected":false},"author":1,"featured_media":136147,"comment_status":"open","ping_status":"open","sticky":false,"template":"","format":"standard","meta":[],"categories":[51,53,52],"tags":[23065,488,766,7576,58103,16400,87305,18551,793],"views":145,"_links":{"self":[{"href":"https:\/\/www.enerjigazetesi.ist\/en\/wp-json\/wp\/v2\/posts\/136144"}],"collection":[{"href":"https:\/\/www.enerjigazetesi.ist\/en\/wp-json\/wp\/v2\/posts"}],"about":[{"href":"https:\/\/www.enerjigazetesi.ist\/en\/wp-json\/wp\/v2\/types\/post"}],"author":[{"embeddable":true,"href":"https:\/\/www.enerjigazetesi.ist\/en\/wp-json\/wp\/v2\/users\/1"}],"replies":[{"embeddable":true,"href":"https:\/\/www.enerjigazetesi.ist\/en\/wp-json\/wp\/v2\/comments?post=136144"}],"version-history":[{"count":0,"href":"https:\/\/www.enerjigazetesi.ist\/en\/wp-json\/wp\/v2\/posts\/136144\/revisions"}],"wp:featuredmedia":[{"embeddable":true,"href":"https:\/\/www.enerjigazetesi.ist\/en\/wp-json\/wp\/v2\/media\/136147"}],"wp:attachment":[{"href":"https:\/\/www.enerjigazetesi.ist\/en\/wp-json\/wp\/v2\/media?parent=136144"}],"wp:term":[{"taxonomy":"category","embeddable":true,"href":"https:\/\/www.enerjigazetesi.ist\/en\/wp-json\/wp\/v2\/categories?post=136144"},{"taxonomy":"post_tag","embeddable":true,"href":"https:\/\/www.enerjigazetesi.ist\/en\/wp-json\/wp\/v2\/tags?post=136144"}],"curies":[{"name":"wp","href":"https:\/\/api.w.org\/{rel}","templated":true}]}}