{"id":136106,"date":"2021-06-03T13:56:41","date_gmt":"2021-06-03T10:56:41","guid":{"rendered":"https:\/\/www.enerjigazetesi.ist\/?p=136106"},"modified":"2021-06-03T13:56:41","modified_gmt":"2021-06-03T10:56:41","slug":"luleburgaz-belediyesi-nden-3-haziran-dunya-bisiklet-gununde-anlamli-etkinlik","status":"publish","type":"post","link":"https:\/\/www.enerjigazetesi.ist\/en\/luleburgaz-belediyesi-nden-3-haziran-dunya-bisiklet-gununde-anlamli-etkinlik\/","title":{"rendered":"(Turkish) L\u00fcleburgaz Belediyesi&#8217;nden 3 Haziran D\u00fcnya Bisiklet G\u00fcn\u00fc\u2019nde Anlaml\u0131 Etkinlik"},"content":{"rendered":"<p class=\"qtranxs-available-languages-message qtranxs-available-languages-message-en\">Sorry, this entry is only available in <a href=\"https:\/\/www.enerjigazetesi.ist\/tr\/wp-json\/wp\/v2\/posts\/136106\" class=\"qtranxs-available-language-link qtranxs-available-language-link-tr\" title=\"Turkish\">Turkish<\/a>. For the sake of viewer convenience, the content is shown below in the alternative language. You may click the link to switch the active language.<\/p><p><\/p>\n<h1>L\u00fcleburgaz Belediye Ba\u015fkan\u0131 Dr. Murat Gerenli, 3 Haziran D\u00fcnya Bisiklet G\u00fcn\u00fc kapsam\u0131nda L\u00fcleburgazl\u0131 bisiklet derneklerinden kat\u0131l\u0131mc\u0131larla birlikte bisikletle \u015fehir turu ger\u00e7ekle\u015ftirdi. Ba\u015fkan Gerenli, yakla\u015f\u0131k 6 kilometrelik parkurda \u201c\u00c7evre i\u00e7in pedall\u0131yoruz\u201d slogan\u0131yla bisiklet s\u00fcr\u00fcc\u00fclerine e\u015flik etti.<\/h1>\n<p><strong>2021 y\u0131l\u0131n\u0131<\/strong> \u00c7evre Y\u0131l\u0131 olarak kutlayan ve bu kapsamda <strong>\u00e7evre fark\u0131ndal\u0131\u011f\u0131na y\u00f6nelik<\/strong> ad\u0131mlar atan L\u00fcleburgaz Belediyesi, <strong>3 Haziran D\u00fcnya Bisiklet G\u00fcn\u00fc<\/strong>\u2019nde anlaml\u0131 bir etkinli\u011fe imza att\u0131. <em>\u201c\u00c7evre <img loading=\"lazy\" class=\"alignright wp-image-136108\" src=\"https:\/\/www.enerjigazetesi.ist\/wp-content\/uploads\/2021\/06\/luleburgaz-belediyesi-nden-3-haziran-dunya-bisiklet-gununde-anlamli-etkinlik-1.jpg\" alt=\"\" width=\"320\" height=\"220\" srcset=\"https:\/\/www.enerjigazetesi.ist\/wp-content\/uploads\/2021\/06\/luleburgaz-belediyesi-nden-3-haziran-dunya-bisiklet-gununde-anlamli-etkinlik-1.jpg 449w, https:\/\/www.enerjigazetesi.ist\/wp-content\/uploads\/2021\/06\/luleburgaz-belediyesi-nden-3-haziran-dunya-bisiklet-gununde-anlamli-etkinlik-1-300x206.jpg 300w, https:\/\/www.enerjigazetesi.ist\/wp-content\/uploads\/2021\/06\/luleburgaz-belediyesi-nden-3-haziran-dunya-bisiklet-gununde-anlamli-etkinlik-1-73x50.jpg 73w\" sizes=\"(max-width: 320px) 100vw, 320px\" \/>i\u00e7in pedall\u0131yoruz\u201d<\/em> slogan\u0131yla <strong>bisiklet derneklerinden<\/strong> \u00e7ok say\u0131da bisiklet tutkununun bir araya geldi\u011fi etkinlikte, bisiklet s\u00fcr\u00fcc\u00fcleri <strong>Ba\u015fkan Gerenli\u2019<\/strong>yle birlikte yakla\u015f\u0131k <strong>6 kilometrelik \u015fehir turu<\/strong> ger\u00e7ekle\u015ftirdi.<\/p>\n<h2><strong>Gerenli\u2019den bisiklet yolu m\u00fcjdesi<\/strong><\/h2>\n<p>Kongre Meydan\u0131\u2019ndan ba\u015flay\u0131p s\u0131ras\u0131yla<strong> \u0130stasyon Caddesi, Nazif Balkan Caddesi, B\u00fckl\u00fcm Caddesi, \u0130stanbul Caddesi, Fatih Caddesi<\/strong> ve <strong>yeniden ba\u015flang\u0131\u00e7 noktas\u0131nda<\/strong> sona eren bisiklet turunun sonunda Ba\u015fkan Gerenli \u00f6nemli a\u00e7\u0131klamalarda bulundu. Ba\u015fkan Gerenli L\u00fcleburgaz\u2019\u0131 tamamen bisiklet kenti yapmak i\u00e7in yeni \u00e7al\u0131\u015fmalar\u0131 oldu\u011funu s\u00f6yleyerek m\u00fcjdeyi verdi. Ba\u015fkan Gerenli,<em> \u201c<strong>Yenice Caddesi\u2019nden Durak Mahallesi\u2019ne<\/strong> kadar<strong> bisiklet yolu yapmak<\/strong> i\u00e7in \u00e7al\u0131\u015fmalara ba\u015flayaca\u011f\u0131z. L\u00fcleburgaz,<strong> prosed\u00fcrlere uygun, modern bisiklet yollar\u0131yla<\/strong> bir bisiklet kenti olmaya devam edecek. L\u00fcleburgaz\u2019\u0131 ileriye ta\u015f\u0131yacak \u00e7al\u0131\u015fmalar\u0131m\u0131za devam edece\u011fiz\u201d<\/em> dedi.<\/p>\n<h2><strong>Sa\u011fl\u0131kl\u0131 bir \u00e7evre i\u00e7in pedalla!<\/strong><\/h2>\n<p><strong>3 Haziran D\u00fcnya Bisiklet G\u00fcn\u00fc<\/strong> ilk kez 2018 y\u0131l\u0131nda Birle\u015fmi\u015f Milletler Genel Kurulu taraf\u0131ndan al\u0131nan kararla kutlanmaya ba\u015fland\u0131. \u00c7evreye zarar veren, <strong>emisyon oranlar\u0131n\u0131<\/strong> art\u0131ran otomobillerden daha eski ge\u00e7mi\u015fi olan <strong>bisiklet<\/strong>, <strong>temiz, \u00e7evreyle uyumlu<\/strong> ve <strong>s\u00fcrd\u00fcr\u00fclebilir bir ula\u015f\u0131m arac\u0131<\/strong> olarak \u00f6n plana \u00e7\u0131k\u0131yor. Geli\u015fmi\u015f \u00fclkelerin bir\u00e7o\u011funda bisiklet yollar\u0131yla birlikte bisiklet kullan\u0131m\u0131 b\u00fcy\u00fck bir orana sahipken, \u00fclkemizde L\u00fcleburgaz Belediyesi 2018\u2019de ilk kez uygulamaya koydu\u011fu <strong>bisiklet taksileriyle<\/strong> \u00e7evreci bir ad\u0131m att\u0131. Bunun devam\u0131nda L\u00fcleburgaz Belediyesi d\u00fczenledi\u011fi <strong>L\u00fcleburgaz Bisiklet Festivalleri<\/strong>yle bisiklet kullan\u0131m\u0131na fark\u0131ndal\u0131k olu\u015fturdu. T\u00fcm bunlarla s\u0131n\u0131rl\u0131 kalmayan L\u00fcleburgaz Belediyesi ilk uygulamas\u0131n\u0131 <strong>\u00d6zg\u00fcrl\u00fck Caddesi\u2019<\/strong>nde hayata ge\u00e7irdi\u011fi <strong>bisiklet yolunun<\/strong> d\u0131\u015f\u0131nda, kentin kuzeyinden g\u00fcneyine<strong> yapaca\u011f\u0131 bisiklet yollar\u0131yla \u00e7evreci yat\u0131r\u0131mlar\u0131n\u0131<\/strong> s\u00fcrd\u00fcrecek.<\/p>","protected":false},"excerpt":{"rendered":"<p>Sorry, this entry is only available in Turkish. For the sake of viewer convenience, the content is shown below in the alternative language. You may click the link to switch the active language. L\u00fcleburgaz Belediye Ba\u015fkan\u0131 Dr. Murat Gerenli, 3 Haziran D\u00fcnya Bisiklet G\u00fcn\u00fc kapsam\u0131nda L\u00fcleburgazl\u0131 bisiklet derneklerinden kat\u0131l\u0131mc\u0131larla birlikte bisikletle \u015fehir turu ger\u00e7ekle\u015ftirdi. Ba\u015fkan [&hellip;]<\/p>\n","protected":false},"author":1,"featured_media":136109,"comment_status":"open","ping_status":"open","sticky":false,"template":"","format":"standard","meta":[],"categories":[53],"tags":[91463,55941,91462,90647,91460,52259,91459,91461],"views":175,"_links":{"self":[{"href":"https:\/\/www.enerjigazetesi.ist\/en\/wp-json\/wp\/v2\/posts\/136106"}],"collection":[{"href":"https:\/\/www.enerjigazetesi.ist\/en\/wp-json\/wp\/v2\/posts"}],"about":[{"href":"https:\/\/www.enerjigazetesi.ist\/en\/wp-json\/wp\/v2\/types\/post"}],"author":[{"embeddable":true,"href":"https:\/\/www.enerjigazetesi.ist\/en\/wp-json\/wp\/v2\/users\/1"}],"replies":[{"embeddable":true,"href":"https:\/\/www.enerjigazetesi.ist\/en\/wp-json\/wp\/v2\/comments?post=136106"}],"version-history":[{"count":0,"href":"https:\/\/www.enerjigazetesi.ist\/en\/wp-json\/wp\/v2\/posts\/136106\/revisions"}],"wp:featuredmedia":[{"embeddable":true,"href":"https:\/\/www.enerjigazetesi.ist\/en\/wp-json\/wp\/v2\/media\/136109"}],"wp:attachment":[{"href":"https:\/\/www.enerjigazetesi.ist\/en\/wp-json\/wp\/v2\/media?parent=136106"}],"wp:term":[{"taxonomy":"category","embeddable":true,"href":"https:\/\/www.enerjigazetesi.ist\/en\/wp-json\/wp\/v2\/categories?post=136106"},{"taxonomy":"post_tag","embeddable":true,"href":"https:\/\/www.enerjigazetesi.ist\/en\/wp-json\/wp\/v2\/tags?post=136106"}],"curies":[{"name":"wp","href":"https:\/\/api.w.org\/{rel}","templated":true}]}}