{"id":13606,"date":"2013-07-31T10:05:24","date_gmt":"2013-07-31T07:05:24","guid":{"rendered":"https:\/\/www.enerjigazetesi.ist\/?p=13606"},"modified":"2013-07-31T10:09:01","modified_gmt":"2013-07-31T07:09:01","slug":"yildiz-ced-gecikse-de-nukleer-programi-aksamaz","status":"publish","type":"post","link":"https:\/\/www.enerjigazetesi.ist\/en\/yildiz-ced-gecikse-de-nukleer-programi-aksamaz\/","title":{"rendered":"(Turkish) Y\u0131ld\u0131z: \u00c7ED Gecikse de N\u00fckleer Program\u0131 Aksamaz!"},"content":{"rendered":"<p class=\"qtranxs-available-languages-message qtranxs-available-languages-message-en\">Sorry, this entry is only available in <a href=\"https:\/\/www.enerjigazetesi.ist\/tr\/wp-json\/wp\/v2\/posts\/13606\" class=\"qtranxs-available-language-link qtranxs-available-language-link-tr\" title=\"Turkish\">Turkish<\/a>. For the sake of viewer convenience, the content is shown below in the alternative language. You may click the link to switch the active language.<\/p><p><strong>Enerji ve Tabii Kaynaklar Bakan\u0131 Taner Y\u0131ld\u0131z, \u00c7evre Bakanl\u0131\u011f\u0131`n\u0131n \u00c7ED raporunu iade etti\u011fi Akkuyu N\u00fckleer Santrali\u2019nin planland\u0131\u011f\u0131 gibi 2019`da devreye girece\u011fini s\u00f6yledi.<\/strong><\/p>\n<p>Y\u0131ld\u0131z, Karadeniz Powership Orhan Bey Gemisi`nin Tuzla Sedef Tersanesi`nde d\u00fczenlenen denize indirme t\u00f6reninden sonra gazetecilerin sorular\u0131n\u0131 cevaplad\u0131. Y\u0131ld\u0131z, \u00c7evre ve \u015eehircilik Bakanl\u0131\u011f\u0131 taraf\u0131ndan Akkuyu N\u00fckleer Santrali`nin \u00c7ED raporunun geri g\u00f6nderilmesine ili\u015fkin bir soru \u00fczerine &#8220;Buna red demek do\u011fru de\u011fil&#8221; dedi.<\/p>\n<p><strong>HERHANG\u0130 B\u0130R PROBLEM YOK<\/strong><br \/>\nProje \u015firketinin \u015fekli a\u00e7\u0131dan bir tak\u0131m eksikleri oldu\u011funu ifade eden Y\u0131ld\u0131z,, \u015fekli \u015fartlar\u0131 yerine getirmesi a\u00e7\u0131s\u0131ndan raporun iade edildi\u011fini s\u00f6yledi. \u015eirketin \u015fekli \u015fartlar\u0131<a href=\"https:\/\/www.enerjigazetesi.ist\/wp-content\/uploads\/2013\/02\/enerji-ve-tabii-kaynaklar-bakani-yildiz-aciklamasi-4331863_8098_o.jpg\"><img loading=\"lazy\" class=\"alignleft size-medium wp-image-6681\" title=\"enerji-ve-tabii-kaynaklar-bakani-yildiz-aciklamasi-yildiz:-ced-gecikse-de-nukleer-programi-aksamaz\" src=\"https:\/\/www.enerjigazetesi.ist\/wp-content\/uploads\/2013\/02\/enerji-ve-tabii-kaynaklar-bakani-yildiz-aciklamasi-4331863_8098_o-300x208.jpg\" alt=\"\" width=\"300\" height=\"208\" srcset=\"https:\/\/www.enerjigazetesi.ist\/wp-content\/uploads\/2013\/02\/enerji-ve-tabii-kaynaklar-bakani-yildiz-aciklamasi-4331863_8098_o-300x208.jpg 300w, https:\/\/www.enerjigazetesi.ist\/wp-content\/uploads\/2013\/02\/enerji-ve-tabii-kaynaklar-bakani-yildiz-aciklamasi-4331863_8098_o-71x50.jpg 71w, https:\/\/www.enerjigazetesi.ist\/wp-content\/uploads\/2013\/02\/enerji-ve-tabii-kaynaklar-bakani-yildiz-aciklamasi-4331863_8098_o.jpg 487w\" sizes=\"(max-width: 300px) 100vw, 300px\" \/><\/a> yerine getirmek kayd\u0131yla yeniden \u00c7evre ve \u015eehircilik Bakanl\u0131\u011f\u0131`na m\u00fcracaat\u0131n\u0131 yapaca\u011f\u0131n\u0131 belirten Y\u0131ld\u0131z, \u015fu anda projeyle ilgili herhangi bir problemin olmad\u0131\u011f\u0131n\u0131 vurgulad\u0131.<\/p>\n<p><strong>PROGRAMDA AKSAMA OLMAYACAK<\/strong><br \/>\nBu \u00e7er\u00e7evede, Akkuyu N\u00fckleer G\u00fc\u00e7 Santrali`nin ilk \u00fcnitesinin 2019 da devreye al\u0131nmas\u0131yla ilgili programlar\u0131nda da herhangi bir de\u011fi\u015fiklik olmad\u0131\u011f\u0131n\u0131 aktaran Bakan Taner Y\u0131ld\u0131z, \u015f\u00f6yle konu\u015ftu:<br \/>\n&#8220;Zaman zaman s\u00f6yl\u00fcyorum; bu t\u00fcr projelerin tehditleri ve f\u0131rsatlar\u0131 bitmez. \u00c7ok fazla yap\u0131lacak i\u015f var. 3 bin sayfal\u0131k bir evraktan bahsediyoruz. Bunun belli eksikleri olabilir. O eksikliklerin giderilmesi de proje \u015firketine d\u00fc\u015fer. Bizler b\u00fcrokrasi olarak bu projenin T\u00fcrkiye`ye kazand\u0131r\u0131lmas\u0131yla ilgili gerek Enerji ve Tabii Kaynaklar Bakanl\u0131\u011f\u0131, gerek di\u011fer b\u00fct\u00fcn bakanl\u0131klar olarak hukuk kurallar\u0131 i\u00e7erisinde ve s\u0131n\u0131rlar\u0131n\u0131 yine hukuktan ald\u0131\u011f\u0131m\u0131z gerek\u00e7elerle destek olmaya devam edece\u011fiz.&#8221;<\/p>\n<p><strong>T\u00dcPRA\u015e`I BANA SORMAYIN<\/strong><br \/>\nEnerji ve Tabii Kaynaklar Bakan\u0131 Taner Y\u0131ld\u0131z, T\u00fcpra\u015f, Aygaz ve Turcas`ta y\u00fcr\u00fct\u00fclen vergi denetimleriyle ilgili sorular \u00fczerine &#8220;Maliye bakanl\u0131\u011f\u0131m\u0131z\u0131n uhdesindeki bir konu ile ilgili benim cevap vermem do\u011fru olmaz. Bunun rutin bir kontrol oldu\u011funu da Maliye Bakan\u0131m\u0131z a\u00e7\u0131klad\u0131lar&#8221; demekle yetindi.<\/p>\n<p>Kaynak: <a href=\"http:\/\/enerjigunlugu.net\/yildiz:-ced-gecikse-de-nukleer-programi-aksamaz_4409.html\" target=\"_blank\">Enerji G\u00fcnl\u00fc\u011f\u00fc<\/a><\/p>","protected":false},"excerpt":{"rendered":"<p>Sorry, this entry is only available in Turkish. For the sake of viewer convenience, the content is shown below in the alternative language. You may click the link to switch the active language.Enerji ve Tabii Kaynaklar Bakan\u0131 Taner Y\u0131ld\u0131z, \u00c7evre Bakanl\u0131\u011f\u0131`n\u0131n \u00c7ED raporunu iade etti\u011fi Akkuyu N\u00fckleer Santrali\u2019nin planland\u0131\u011f\u0131 gibi 2019`da devreye girece\u011fini s\u00f6yledi. Y\u0131ld\u0131z, [&hellip;]<\/p>\n","protected":false},"author":1,"featured_media":6681,"comment_status":"open","ping_status":"open","sticky":false,"template":"","format":"standard","meta":[],"categories":[53,43],"tags":[1026,5465,63,67,165,7293,21],"views":536,"_links":{"self":[{"href":"https:\/\/www.enerjigazetesi.ist\/en\/wp-json\/wp\/v2\/posts\/13606"}],"collection":[{"href":"https:\/\/www.enerjigazetesi.ist\/en\/wp-json\/wp\/v2\/posts"}],"about":[{"href":"https:\/\/www.enerjigazetesi.ist\/en\/wp-json\/wp\/v2\/types\/post"}],"author":[{"embeddable":true,"href":"https:\/\/www.enerjigazetesi.ist\/en\/wp-json\/wp\/v2\/users\/1"}],"replies":[{"embeddable":true,"href":"https:\/\/www.enerjigazetesi.ist\/en\/wp-json\/wp\/v2\/comments?post=13606"}],"version-history":[{"count":4,"href":"https:\/\/www.enerjigazetesi.ist\/en\/wp-json\/wp\/v2\/posts\/13606\/revisions"}],"predecessor-version":[{"id":13608,"href":"https:\/\/www.enerjigazetesi.ist\/en\/wp-json\/wp\/v2\/posts\/13606\/revisions\/13608"}],"wp:featuredmedia":[{"embeddable":true,"href":"https:\/\/www.enerjigazetesi.ist\/en\/wp-json\/wp\/v2\/media\/6681"}],"wp:attachment":[{"href":"https:\/\/www.enerjigazetesi.ist\/en\/wp-json\/wp\/v2\/media?parent=13606"}],"wp:term":[{"taxonomy":"category","embeddable":true,"href":"https:\/\/www.enerjigazetesi.ist\/en\/wp-json\/wp\/v2\/categories?post=13606"},{"taxonomy":"post_tag","embeddable":true,"href":"https:\/\/www.enerjigazetesi.ist\/en\/wp-json\/wp\/v2\/tags?post=13606"}],"curies":[{"name":"wp","href":"https:\/\/api.w.org\/{rel}","templated":true}]}}