{"id":135964,"date":"2021-06-02T11:17:11","date_gmt":"2021-06-02T08:17:11","guid":{"rendered":"https:\/\/www.enerjigazetesi.ist\/?p=135964"},"modified":"2021-06-02T11:17:28","modified_gmt":"2021-06-02T08:17:28","slug":"akfen-yenilenebilir-den-562-bin-agacin-havasina-esdeger-karbon-azaltimi","status":"publish","type":"post","link":"https:\/\/www.enerjigazetesi.ist\/en\/akfen-yenilenebilir-den-562-bin-agacin-havasina-esdeger-karbon-azaltimi\/","title":{"rendered":"(Turkish) Akfen Yenilenebilir&#8217;den 562 Bin A\u011fac\u0131n Havas\u0131na E\u015fde\u011fer Karbon Azalt\u0131m\u0131"},"content":{"rendered":"<p class=\"qtranxs-available-languages-message qtranxs-available-languages-message-en\">Sorry, this entry is only available in <a href=\"https:\/\/www.enerjigazetesi.ist\/tr\/wp-json\/wp\/v2\/posts\/135964\" class=\"qtranxs-available-language-link qtranxs-available-language-link-tr\" title=\"Turkish\">Turkish<\/a>. For the sake of viewer convenience, the content is shown below in the alternative language. You may click the link to switch the active language.<\/p><p><\/p>\n<h1><strong>Akfen Yenilenebilir Enerji, sahip oldu\u011fu g\u00fcne\u015f, r\u00fczgar ve hidroelektrik santrallerindeki ye\u015fil enerji \u00fcretimi ile 4 milyon tona yak\u0131n karbon emisyonunun s\u0131f\u0131rlanmas\u0131n\u0131 sa\u011flad\u0131. Bu oran 562 bin a\u011fac\u0131n sa\u011flad\u0131\u011f\u0131 temiz havaya e\u015fde\u011fer olarak kabul ediliyor.<\/strong><\/h1>\n<p><strong>Yerli<\/strong> ve <strong>yenilenebilir enerji<\/strong> kaynaklar\u0131n\u0131 T\u00fcrkiye ekonomisine kazand\u0131rmak \u00fczere yat\u0131r\u0131mlar\u0131n\u0131 <img loading=\"lazy\" class=\"alignright wp-image-135966\" src=\"https:\/\/www.enerjigazetesi.ist\/wp-content\/uploads\/2021\/06\/akfen-yenilenebilir-den-562-bin-agacin-havasina-esdeger-karbon-azaltimi-1.jpg\" alt=\"\" width=\"320\" height=\"180\" srcset=\"https:\/\/www.enerjigazetesi.ist\/wp-content\/uploads\/2021\/06\/akfen-yenilenebilir-den-562-bin-agacin-havasina-esdeger-karbon-azaltimi-1.jpg 550w, https:\/\/www.enerjigazetesi.ist\/wp-content\/uploads\/2021\/06\/akfen-yenilenebilir-den-562-bin-agacin-havasina-esdeger-karbon-azaltimi-1-300x169.jpg 300w, https:\/\/www.enerjigazetesi.ist\/wp-content\/uploads\/2021\/06\/akfen-yenilenebilir-den-562-bin-agacin-havasina-esdeger-karbon-azaltimi-1-500x281.jpg 500w, https:\/\/www.enerjigazetesi.ist\/wp-content\/uploads\/2021\/06\/akfen-yenilenebilir-den-562-bin-agacin-havasina-esdeger-karbon-azaltimi-1-80x45.jpg 80w\" sizes=\"(max-width: 320px) 100vw, 320px\" \/>aral\u0131ks\u0131z s\u00fcrd\u00fcren <strong>Akfen Yenilenebilir Enerji<\/strong>, sahip oldu\u011fu santrallerde \u00fcretti\u011fi <strong>ye\u015fil<\/strong> ve <strong>temiz enerji<\/strong> sayesinde <strong>4 milyon tona yak\u0131n karbondioksite e\u015fde\u011fer azalt\u0131m<\/strong> sa\u011flad\u0131. Bu rakam yakla\u015f\u0131k <strong>562 bin a\u011fac\u0131n sa\u011flad\u0131\u011f\u0131 temiz havaya<\/strong> e\u015fde\u011fer olarak kabul ediliyor.<\/p>\n<p>Santrallerinde d\u00fcnya \u00e7ap\u0131nda tan\u0131n\u0131rl\u0131\u011f\u0131 olan <strong>VCS (Verified Carbon Standard)<\/strong> ve Gold Standard karbon sertifikasyon alma s\u00fcre\u00e7lerine devam eden Akfen Yenilenebilir Enerji, <strong>karbon kredisi sat\u0131\u015f\u0131<\/strong>na da devam ediyor. \u015eirket, <strong>2013 y\u0131l\u0131ndan<\/strong> bu yana <strong>458 bin 18 tonluk karbon kredisi sat\u0131\u015f\u0131<\/strong> ger\u00e7ekle\u015ftirdi.<\/p>\n<h2><strong>\u201cKARBON KRED\u0130S\u0130 SATI\u015eIYLA\u00a0<\/strong><strong>\u00d6NEML\u0130 DE\u011eER YARATIYORUZ\u201d<\/strong><\/h2>\n<p><strong>Karbon azalt\u0131m sertifikalar\u0131<\/strong>, t\u00fcm d\u00fcnyada <strong>operasyonel faaliyetleri<\/strong> nedeniyle yo\u011fun \u015fekilde <strong>sera gaz\u0131 sal\u0131m\u0131n\u0131<\/strong> yapan firmalar taraf\u0131ndan<strong> karbon ayak izlerini g\u00f6n\u00fcll\u00fc<\/strong> olarak s\u0131f\u0131rlamak i\u00e7in <img loading=\"lazy\" class=\"alignleft wp-image-135967\" src=\"https:\/\/www.enerjigazetesi.ist\/wp-content\/uploads\/2021\/06\/akfen-yenilenebilir-den-562-bin-agacin-havasina-esdeger-karbon-azaltimi-3.jpg\" alt=\"\" width=\"320\" height=\"180\" srcset=\"https:\/\/www.enerjigazetesi.ist\/wp-content\/uploads\/2021\/06\/akfen-yenilenebilir-den-562-bin-agacin-havasina-esdeger-karbon-azaltimi-3.jpg 550w, https:\/\/www.enerjigazetesi.ist\/wp-content\/uploads\/2021\/06\/akfen-yenilenebilir-den-562-bin-agacin-havasina-esdeger-karbon-azaltimi-3-300x169.jpg 300w, https:\/\/www.enerjigazetesi.ist\/wp-content\/uploads\/2021\/06\/akfen-yenilenebilir-den-562-bin-agacin-havasina-esdeger-karbon-azaltimi-3-500x281.jpg 500w, https:\/\/www.enerjigazetesi.ist\/wp-content\/uploads\/2021\/06\/akfen-yenilenebilir-den-562-bin-agacin-havasina-esdeger-karbon-azaltimi-3-80x45.jpg 80w\" sizes=\"(max-width: 320px) 100vw, 320px\" \/>sat\u0131n al\u0131n\u0131rken, bir\u00e7ok uluslararas\u0131 firma <strong>2050 y\u0131l\u0131 i\u00e7in net-s\u0131f\u0131r karbon i\u015fletme<\/strong> hedefi koyuyor.<\/p>\n<p>D\u00fcnyadaki <strong>iklim de\u011fi\u015fikli\u011fi fark\u0131ndal\u0131\u011f\u0131n\u0131n artmas\u0131yla<\/strong> d\u00fc\u015f\u00fck<strong> karbon ekonomisi<\/strong>nin \u00f6ne \u00e7\u0131kt\u0131\u011f\u0131n\u0131 ifade eden <strong>Akfen Yenilenebilir Enerji Genel M\u00fcd\u00fcr\u00fc Kayr\u0131l Karabeyo\u011flu,<\/strong><em>\u201cTamam\u0131 yerli ve yenilenebilir enerji kaynaklar\u0131ndan hayata ge\u00e7irdi\u011fimiz <strong>temiz enerji \u00fcretimi<\/strong>miz ile \u015fimdiye dek<strong> 562 bin a\u011fac\u0131n<\/strong> sa\u011flad\u0131\u011f\u0131 temiz havaya <strong>e\u015fde\u011fer karbon azalt\u0131m\u0131<\/strong> sa\u011flad\u0131k. <strong>2013\u2019ten bu yana<\/strong> sera gaz\u0131 emisyonunu azaltmak isteyen firmalara <strong>karbon kredisi sat\u0131\u015f\u0131<\/strong> yap\u0131p \u00f6nemli bir de\u011fer daha yarat\u0131yoruz. Bir\u00e7ok bak\u0131mdan T\u00fcrkiye\u2019nin cari a\u00e7\u0131\u011f\u0131n\u0131 kapatma potansiyeline sahip bu sekt\u00f6rde, <strong>Akfen Holding<\/strong>, <strong>Avrupa \u0130mar ve Kalk\u0131nma Bankas\u0131 (EBRD)<\/strong> ile <strong>Uluslararas\u0131 Finans Kurumu (IFC)<\/strong> gibi g\u00fc\u00e7l\u00fc ortaklar\u0131m\u0131zla yolumuza b\u00fcy\u00fcyerek devam ediyoruz\u201d<\/em> ifadelerine yer verdi.<\/p>","protected":false},"excerpt":{"rendered":"<p>Sorry, this entry is only available in Turkish. For the sake of viewer convenience, the content is shown below in the alternative language. You may click the link to switch the active language. Akfen Yenilenebilir Enerji, sahip oldu\u011fu g\u00fcne\u015f, r\u00fczgar ve hidroelektrik santrallerindeki ye\u015fil enerji \u00fcretimi ile 4 milyon tona yak\u0131n karbon emisyonunun s\u0131f\u0131rlanmas\u0131n\u0131 sa\u011flad\u0131. [&hellip;]<\/p>\n","protected":false},"author":1,"featured_media":135968,"comment_status":"open","ping_status":"open","sticky":false,"template":"","format":"standard","meta":[],"categories":[51,53,49,47,50],"tags":[83115,91317,44699,91319,91318,4531,91320,89401,61271,75199,39209,85812,43952,82405,2907],"views":602,"_links":{"self":[{"href":"https:\/\/www.enerjigazetesi.ist\/en\/wp-json\/wp\/v2\/posts\/135964"}],"collection":[{"href":"https:\/\/www.enerjigazetesi.ist\/en\/wp-json\/wp\/v2\/posts"}],"about":[{"href":"https:\/\/www.enerjigazetesi.ist\/en\/wp-json\/wp\/v2\/types\/post"}],"author":[{"embeddable":true,"href":"https:\/\/www.enerjigazetesi.ist\/en\/wp-json\/wp\/v2\/users\/1"}],"replies":[{"embeddable":true,"href":"https:\/\/www.enerjigazetesi.ist\/en\/wp-json\/wp\/v2\/comments?post=135964"}],"version-history":[{"count":0,"href":"https:\/\/www.enerjigazetesi.ist\/en\/wp-json\/wp\/v2\/posts\/135964\/revisions"}],"wp:featuredmedia":[{"embeddable":true,"href":"https:\/\/www.enerjigazetesi.ist\/en\/wp-json\/wp\/v2\/media\/135968"}],"wp:attachment":[{"href":"https:\/\/www.enerjigazetesi.ist\/en\/wp-json\/wp\/v2\/media?parent=135964"}],"wp:term":[{"taxonomy":"category","embeddable":true,"href":"https:\/\/www.enerjigazetesi.ist\/en\/wp-json\/wp\/v2\/categories?post=135964"},{"taxonomy":"post_tag","embeddable":true,"href":"https:\/\/www.enerjigazetesi.ist\/en\/wp-json\/wp\/v2\/tags?post=135964"}],"curies":[{"name":"wp","href":"https:\/\/api.w.org\/{rel}","templated":true}]}}