{"id":13587,"date":"2013-07-30T17:51:24","date_gmt":"2013-07-30T14:51:24","guid":{"rendered":"https:\/\/www.enerjigazetesi.ist\/?p=13587"},"modified":"2013-07-30T17:54:11","modified_gmt":"2013-07-30T14:54:11","slug":"koctan-tupras-aciklamasi","status":"publish","type":"post","link":"https:\/\/www.enerjigazetesi.ist\/en\/koctan-tupras-aciklamasi\/","title":{"rendered":"(Turkish) Ko\u00e7\u2019tan T\u00fcpra\u015f A\u00e7\u0131klamas\u0131&#8230;"},"content":{"rendered":"<p class=\"qtranxs-available-languages-message qtranxs-available-languages-message-en\">Sorry, this entry is only available in <a href=\"https:\/\/www.enerjigazetesi.ist\/tr\/wp-json\/wp\/v2\/posts\/13587\" class=\"qtranxs-available-language-link qtranxs-available-language-link-tr\" title=\"Turkish\">Turkish<\/a>. For the sake of viewer convenience, the content is shown below in the alternative language. You may click the link to switch the active language.<\/p><p><strong>Ko\u00e7 Holding, ge\u00e7ti\u011fimiz hafta i\u00e7erisinde b\u00fcnyesindeki \u015firketler T\u00fcpra\u015f, Opet ve Aygaz\u2019a Maliye ve emniyet yetkilileri taraf\u0131ndan ani olarak ger\u00e7ekle\u015ftirilen vergi denetimi hakk\u0131nda ilk kez a\u00e7\u0131klama yapt\u0131.<\/strong><\/p>\n<p>Vatan Gazetesinin haberine g\u00f6re, Ko\u00e7 Holding, grup \u015firketleri T\u00fcpra\u015f, Aygaz ve Opet\u2019te ger\u00e7ekle\u015fen vergi ve marker incelemeleri sonras\u0131nda ilk kez dolayl\u0131 yoldan mesajlar verdi. Ko\u00e7 Holding Y\u00f6netim Kurulu \u00dcyesi ve Ford Otosan Y\u00f6netim Kurulu Ba\u015fkan\u0131 Ali Ko\u00e7, Ko\u00e7 Toplulu\u011fu\u2019nun T\u00fcrkiye \u2018nin global bir oyuncu olmas\u0131 d\u0131\u015f\u0131nda hedeflerinin olmad\u0131\u011f\u0131n\u0131 a\u00e7\u0131klad\u0131.<\/p>\n<p>T\u00fcpra\u015f\u2019a yap\u0131lan denetimin Maliye\u2019nin vergi denetimi oldu\u011fu emniyetin de ka\u00e7ak akaryak\u0131t i\u00e7in Maliye ekiplerinin yan\u0131nda bulundu\u011fu belirtilmi\u015fti. T\u00fcpra\u015f\u2019tan Kamuoyu Ayd\u0131nlatma Platformu\u2019na yap\u0131lan a\u00e7\u0131klamada ise \u201cVergi Denetim Kurulu taraf\u0131ndan \u015firketimiz nezdinde akaryak\u0131t ham madde, mamul, yar\u0131 mamul, marker, madeni ya\u011f ve di\u011fer \u00fcr\u00fcnlerle ilgili fiili envanter, marker denetimi ve vergi incelemesine ba\u015flanm\u0131\u015ft\u0131r\u201d denilirken Aygaz da g\u00f6nderdi\u011fi a\u00e7\u0131klama ile \u201d Maliye Bakanl\u0131\u011f\u0131 Vergi Denetim Kurulu taraf\u0131ndan \u015firketimiz nezdinde vergi denetim \u00e7al\u0131\u015fmas\u0131na ba\u015flanm\u0131\u015ft\u0131r\u201d denilerek inceleme kamuoyuna duyurulmu\u015ftu.<\/p>\n<p>Maliye\u2019nin incelemesinin duyulmas\u0131n\u0131n ard\u0131ndan T\u00fcpra\u015f hisseleri ile Enerji Yat\u0131r\u0131mlar\u0131 A\u015e \u00fczerinden ana hissedar konumunda bulunan Ko\u00e7 Holding\u2019in KCHOL.IS hisseleri gerilemi\u015f, T\u00fcpra\u015f hisseleri ise iki g\u00fcnde y\u00fczde 5 de\u011fer kaybederek piyasa de\u011ferinden 551 milyon lira azalm\u0131\u015ft\u0131. Aygaz\u2019da hisseler iki g\u00fcnde y\u00fczde 6\u2019n\u0131n \u00fcst\u00fcnde eridi ve Aygaz\u2019\u0131n piyasa de\u011feri de 175 milyon liraya ula\u015ft\u0131. Ko\u00e7 Holding hisselerindeki kay\u0131p da bask\u0131n haberleri sonras\u0131 y\u00fczde 4\u2019e yak\u0131n kay\u0131p ya\u015fad\u0131. Ko\u00e7 grubuna ba\u011fl\u0131 B\u0130ST 100\u2019de i\u015flem g\u00f6ren \u015firketlerden 5 milyar TL\u2019ye yak\u0131n piyasa de\u011feri kayb\u0131 ya\u015fand\u0131.<\/p>\n<p>Ko\u00e7 Holding Y\u00f6netim Kurulu \u00dcyesi ve Ford Otosan Y\u00f6netim Kurulu Ba\u015fkan\u0131 Ali Ko\u00e7, Hurriyet.com.tr\u2019de yer alan habere g\u00f6re, Ko\u00e7 Toplulu\u011fu\u2019nun kuruldu\u011fu g\u00fcnden itibaren uzun vadeli bir bak\u0131\u015f a\u00e7\u0131s\u0131 ile yat\u0131r\u0131mlar\u0131n\u0131 ger\u00e7ekle\u015ftirirken, T\u00fcrkiye i\u00e7in yaratt\u0131\u011f\u0131 katma de\u011feri s\u00fcrekli art\u0131rmay\u0131 hedefledi\u011fini kaydetti. T\u00fcrkiye ekonomisinin geli\u015fmesi, refah\u0131, b\u00f6lgesinin lideri olmas\u0131 ve d\u00fcnyadaki global ekonomisinin \u00f6nemli bir oyuncu olmas\u0131n\u0131n d\u0131\u015f\u0131nda bir hedef ve arzular\u0131n\u0131n s\u00f6z konusu olmad\u0131\u011f\u0131n\u0131 kaydeden Ko\u00e7, 60 milyon liral\u0131k yat\u0131r\u0131mla \u0130stanbul Sancaktepe\u2019de in\u015fa edilecek Ford Otosan M\u00fchendislik Merkezi\u2019nin a\u00e7\u0131l\u0131\u015f t\u00f6reninde \u015fu mesajlar\u0131 verdi:<\/p>\n<p>\u201cBu hedefle toplulu\u011fun faaliyet g\u00f6sterdi\u011fi b\u00fct\u00fcn alanlarda inovasyon, teknoloji ve Ar-Ge\u2019ye \u00f6nem veriyor<a href=\"https:\/\/www.enerjigazetesi.ist\/wp-content\/uploads\/2013\/07\/koc-tan-tupras-aciklamasi.jpg\"><img loading=\"lazy\" class=\"alignright size-medium wp-image-13588\" title=\"koc-tan-tupras-aciklamasi\" src=\"https:\/\/www.enerjigazetesi.ist\/wp-content\/uploads\/2013\/07\/koc-tan-tupras-aciklamasi-300x154.jpg\" alt=\"\" width=\"300\" height=\"154\" srcset=\"https:\/\/www.enerjigazetesi.ist\/wp-content\/uploads\/2013\/07\/koc-tan-tupras-aciklamasi-300x154.jpg 300w, https:\/\/www.enerjigazetesi.ist\/wp-content\/uploads\/2013\/07\/koc-tan-tupras-aciklamasi-500x257.jpg 500w, https:\/\/www.enerjigazetesi.ist\/wp-content\/uploads\/2013\/07\/koc-tan-tupras-aciklamasi-80x41.jpg 80w, https:\/\/www.enerjigazetesi.ist\/wp-content\/uploads\/2013\/07\/koc-tan-tupras-aciklamasi.jpg 505w\" sizes=\"(max-width: 300px) 100vw, 300px\" \/><\/a>uz. T\u00fcrkiye\u2019nin en \u00e7ok Ar-Ge harcamas\u0131n\u0131 yapan Toplulu\u011fumuzun son 5 y\u0131ldaki harcamas\u0131 toplam 2,7 milyar lira seviyesindedir. Ko\u00e7 Toplulu\u011fu b\u00fcnyesinde, Bilim, Sanayi ve Teknoloji Bakanl\u0131\u011f\u0131 taraf\u0131ndan onaylanm\u0131\u015f 14 Ar-Ge merkezi bulunmaktad\u0131r. \u00dclkemizin ortalama Ar-Ge harcamalar\u0131n\u0131n net ciroya oran\u0131 y\u00fczde 0,9 iken, Ko\u00e7 Toplulu\u011fu\u2019nda bu rakam y\u00fczde 1,73 ile uluslararas\u0131 standartlara yak\u0131n seviyelerdedir. H\u00fck\u00fcmetimizin Ar-Ge\u2019ye verdi\u011fi \u00f6nem bizler i\u00e7in en b\u00fcy\u00fck motivasyon kayna\u011f\u0131 olmu\u015ftur.\u201d<\/p>\n<p>Ko\u00e7, T\u00fcrkiye ekonomisinin y\u00fczde 9\u2019unu, ihracat\u0131n\u0131n y\u00fczde 10\u2019unu, devletin toplam vergi gelirlerinin y\u00fczde 9,4\u2019\u00fcn\u00fc te\u015fkil eden Ko\u00e7 Toplulu\u011fu\u2019nun T\u00fcrkiye\u2019nin \u00f6zel sekt\u00f6r Ar-Ge harcamas\u0131ndaki pay\u0131n\u0131n y\u00fczde 10 seviyesinde bulundu\u011funu anlatt\u0131. Ali Ko\u00e7, \u201cT\u00fcrkiye\u2019nin ekonomisinin geli\u015fmesi, refah\u0131, b\u00f6lgesinin lideri olmas\u0131 ve d\u00fcnyadaki global ekonomisinin \u00f6nemli bir oyuncu olmas\u0131n\u0131n d\u0131\u015f\u0131nda bir hedefimiz ve arzumuzun olmas\u0131 s\u00f6z konusu de\u011fildir\u201d diyerek \u015funlar\u0131 s\u00f6yledi:<\/p>\n<p>\u201cT\u00fcrkiye\u2019nin otomotiv sekt\u00f6r\u00fcn\u00fcn ilk Ar-Ge \u00e7al\u0131\u015fmalar\u0131n\u0131 Ford Otosan ba\u015flatm\u0131\u015ft\u0131. Ford Otosan, d\u00fcnyan\u0131n en prestijli organizasyonlar\u0131ndan \u00f6d\u00fcller alan ara\u00e7 ve motorlar \u00fcretmekle kalmay\u0131p, Ford d\u00fcnyas\u0131nda da \u00fc\u00e7\u00fcnc\u00fc b\u00fcy\u00fck Ar-Ge merkezi olarak b\u00fcy\u00fck \u00f6neme sahiptir. Bu da T\u00fcrk m\u00fchendisli\u011fi ve i\u015f\u00e7ili\u011finin ne kadar ilerledi\u011finin bir g\u00f6stergesidir. Ford Otosan\u2019\u0131n m\u00fchendisli\u011fini yapt\u0131\u011f\u0131 ve \u00fcretti\u011fi ara\u00e7lar 5 k\u0131tada 70 \u00fclkeye ihra\u00e7 edilmektedir.\u201d<\/p>\n<p>Ko\u00e7, 1959 y\u0131l\u0131nda lisans alarak ba\u015flad\u0131klar\u0131 otomotiv faaliyetlerine \u015fimdi d\u00fcnyada farkl\u0131 \u015firketlere lisans vererek devam ettiklerini belirterek, \u201cFord Otosan, beyaz ka\u011f\u0131da \u00e7izilen bir \u00fcr\u00fcn\u00fc \u00fcretim a\u015famas\u0131na ta\u015f\u0131yabilecek m\u00fchendislik g\u00fcc\u00fcne sahiptir. Bununla da kalmay\u0131p \u015firketimiz m\u00fchendislik hizmetlerimizi ihra\u00e7 edecek konuma gelmi\u015ftir\u201d dedi. \u00c7in gibi d\u00fcnyan\u0131n en b\u00fcy\u00fck kamyon pazar\u0131na, ger\u00e7ekle\u015ftirdikleri lisans anla\u015fmas\u0131yla Ford Otosan m\u00fchendisleri taraf\u0131ndan \u00fcretilen motorlar\u0131n \u00c7in\u2019deki GMC firmas\u0131n\u0131n kamyonlar\u0131na kulland\u0131r\u0131laca\u011f\u0131n\u0131 dile getiren Ko\u00e7, Ford Otosan\u2019\u0131n ge\u00e7en y\u0131l itibariyle cirosunun y\u00fczde 2,63\u2019\u00fcn\u00fc Ar-Ge yat\u0131r\u0131mlar\u0131na ay\u0131rd\u0131\u011f\u0131n\u0131, T\u00fcrkiye\u2019nin 2023 hedefini 10 y\u0131l \u00f6nceden yakalad\u0131\u011f\u0131n\u0131 s\u00f6yledi.<\/p>\n<p>Ford Otosan, Gebze\u2019deki Ar-Ge\u2019sini Sancaktepe\u2019deki \u015firket merkezine ta\u015f\u0131yor. Ford\u2019un d\u00fcnyadaki en b\u00fcy\u00fck 3\u2019\u00fcnc\u00fc Ar-Ge merkezi olan Ford Otosan, T\u00fcrkiye\u2019de bir ilke daha imza atarak 1.300 m\u00fchendisini ayn\u0131 \u00e7at\u0131 alt\u0131na toplayacak yeni m\u00fchendislik merkezinin temelini att\u0131. 60 milyon liral\u0131k yat\u0131r\u0131mla in\u015fa edilecek Ford Otosan M\u00fchendislik Merkezi, T\u00fcrkiye\u2019nin \u00f6zel sekt\u00f6rdeki en b\u00fcy\u00fck Ar-Ge \u00fcss\u00fc olacak. Tesis, 2014\u2019\u00fcn ilk \u00e7eyre\u011finde hizmete girecek. Ar-Ge merkezinde T\u00fcrk m\u00fchendisler Ford d\u00fcnyas\u0131 i\u00e7in yeni projeler \u00fczerinde \u00e7al\u0131\u015facak, yeni ara\u00e7lar, yeni motor teknolojileri geli\u015ftirecek.<\/p>\n<p>FORD Otosan Genel M\u00fcd\u00fcr\u00fc Haydar Yenig\u00fcn, Ford Otosan\u2019da 1.240 Ar-Ge m\u00fchendisinin \u00e7al\u0131\u015ft\u0131\u011f\u0131n\u0131, 2013 y\u0131l\u0131 sonunda bu rakam\u0131n 1.300\u2019e, 2014 sonunda 1.400\u2019e ula\u015fmas\u0131n\u0131 hedeflediklerini belirtti. Yenig\u00fcn, \u015funlar\u0131 anlatt\u0131: \u201cTemelini att\u0131\u011f\u0131m\u0131z bu binada 1300 m\u00fchendisimizin tamam\u0131 Ar-Ge odakl\u0131 olarak \u00e7al\u0131\u015fmalar\u0131n\u0131 s\u00fcrd\u00fcrecek. Gelece\u011fimiz i\u00e7in \u00e7al\u0131\u015fan Ar-Ge m\u00fchendislerimizin yan\u0131 s\u0131ra bug\u00fcn\u00fcm\u00fcz i\u00e7in \u00e7al\u0131\u015fan 500\u2019den fazla m\u00fchendisimiz var. Bu rakam toplamda 1.780 m\u00fchendise ula\u015f\u0131yor. Buradan yeni mezun m\u00fchendislerimize sizlerin vas\u0131tas\u0131yla mesaj vermek istiyorum. Ford Otosan olarak T\u00fcrkiye\u2019den d\u00fcnyaya beyin g\u00f6\u00e7\u00fcn\u00fc tersine \u00e7eviriyoruz. Sadece T\u00fcrk m\u00fchendisler de\u011fil, d\u00fcnyan\u0131n pek \u00e7ok yerinden yabanc\u0131 m\u00fchendisler Ford Otosan Ar-Ge b\u00f6l\u00fcm\u00fcnde \u00e7al\u0131\u015fmak i\u00e7in bize ba\u015fvurularda bulunuyor. Ford\u2019un ihtiya\u00e7 duydu\u011fu global m\u00fchendislik i\u00e7in \u00e7al\u0131\u015f\u0131yoruz.\u201d<\/p>\n<p>Kaynak: <a href=\"http:\/\/enerjienstitusu.com\/2013\/07\/30\/koctan-tupras-aciklamasi\/\" target=\"_blank\">Enerji Enstit\u00fcs\u00fc<\/a><\/p>","protected":false},"excerpt":{"rendered":"<p>Sorry, this entry is only available in Turkish. For the sake of viewer convenience, the content is shown below in the alternative language. You may click the link to switch the active language.Ko\u00e7 Holding, ge\u00e7ti\u011fimiz hafta i\u00e7erisinde b\u00fcnyesindeki \u015firketler T\u00fcpra\u015f, Opet ve Aygaz\u2019a Maliye ve emniyet yetkilileri taraf\u0131ndan ani olarak ger\u00e7ekle\u015ftirilen vergi denetimi hakk\u0131nda ilk [&hellip;]<\/p>\n","protected":false},"author":1,"featured_media":13588,"comment_status":"open","ping_status":"open","sticky":false,"template":"","format":"standard","meta":[],"categories":[46,53,44],"tags":[2828,1829,7282,63,67,165,7283,1609,4479,1000,846,7182],"views":768,"_links":{"self":[{"href":"https:\/\/www.enerjigazetesi.ist\/en\/wp-json\/wp\/v2\/posts\/13587"}],"collection":[{"href":"https:\/\/www.enerjigazetesi.ist\/en\/wp-json\/wp\/v2\/posts"}],"about":[{"href":"https:\/\/www.enerjigazetesi.ist\/en\/wp-json\/wp\/v2\/types\/post"}],"author":[{"embeddable":true,"href":"https:\/\/www.enerjigazetesi.ist\/en\/wp-json\/wp\/v2\/users\/1"}],"replies":[{"embeddable":true,"href":"https:\/\/www.enerjigazetesi.ist\/en\/wp-json\/wp\/v2\/comments?post=13587"}],"version-history":[{"count":4,"href":"https:\/\/www.enerjigazetesi.ist\/en\/wp-json\/wp\/v2\/posts\/13587\/revisions"}],"predecessor-version":[{"id":13591,"href":"https:\/\/www.enerjigazetesi.ist\/en\/wp-json\/wp\/v2\/posts\/13587\/revisions\/13591"}],"wp:featuredmedia":[{"embeddable":true,"href":"https:\/\/www.enerjigazetesi.ist\/en\/wp-json\/wp\/v2\/media\/13588"}],"wp:attachment":[{"href":"https:\/\/www.enerjigazetesi.ist\/en\/wp-json\/wp\/v2\/media?parent=13587"}],"wp:term":[{"taxonomy":"category","embeddable":true,"href":"https:\/\/www.enerjigazetesi.ist\/en\/wp-json\/wp\/v2\/categories?post=13587"},{"taxonomy":"post_tag","embeddable":true,"href":"https:\/\/www.enerjigazetesi.ist\/en\/wp-json\/wp\/v2\/tags?post=13587"}],"curies":[{"name":"wp","href":"https:\/\/api.w.org\/{rel}","templated":true}]}}