{"id":13584,"date":"2013-07-30T17:44:16","date_gmt":"2013-07-30T14:44:16","guid":{"rendered":"https:\/\/www.enerjigazetesi.ist\/?p=13584"},"modified":"2013-07-30T17:44:16","modified_gmt":"2013-07-30T14:44:16","slug":"petrol-zengini-suudiler-kaya-gazini-tehdit-olarak-goruyor","status":"publish","type":"post","link":"https:\/\/www.enerjigazetesi.ist\/en\/petrol-zengini-suudiler-kaya-gazini-tehdit-olarak-goruyor\/","title":{"rendered":"(Turkish) Petrol Zengini Suudiler Kaya Gaz\u0131n\u0131 Tehdit Olarak G\u00f6r\u00fcyor!"},"content":{"rendered":"<p class=\"qtranxs-available-languages-message qtranxs-available-languages-message-en\">Sorry, this entry is only available in <a href=\"https:\/\/www.enerjigazetesi.ist\/tr\/wp-json\/wp\/v2\/posts\/13584\" class=\"qtranxs-available-language-link qtranxs-available-language-link-tr\" title=\"Turkish\">Turkish<\/a>. For the sake of viewer convenience, the content is shown below in the alternative language. You may click the link to switch the active language.<\/p><p><strong>Suudi Arabistan Prensi Alwaleed bin Talal Petrol Bakan\u0131 Ali Al-Naimi\u2019ye g\u00f6nderdi\u011fi a\u00e7\u0131k mektubunda kaya gaz\u0131n\u0131n etkileri konusunda korkular\u0131n\u0131 dile getirdi.\u00a0<\/strong><\/p>\n<p>Suudi Arabistan Prensi Alwaleed bin Talal, Petrol Bakan\u0131 Ali Al-Naimi\u2019ye a\u00e7\u0131k mektubunda petrol \u00fcretimini g\u00fcnde 15 milyon varile \u00e7\u0131karman\u0131n imkans\u0131z oldu\u011funu ve Amerika ile kaya gaz\u0131n\u0131n etkileri konusunda ayn\u0131 fikirde olmad\u0131klar\u0131n\u0131 s\u00f6yledi.<\/p>\n<p>Prens Twitter \u00fczerinden yapt\u0131\u011f\u0131 a\u00e7\u0131klamada \u201d\u015fu anda hampetrol talebinde artan bir d\u00fc\u015f\u00fc\u015f trendi var ve bu a\u00e7\u0131k bir \u015fekilde g\u00f6r\u00fcl\u00fcyor. \u015eu anda krall\u0131k, yurt d\u0131\u015f\u0131ndan gelen talep eksikli\u011fi dolay\u0131s\u0131yla kapasitesinin alt\u0131nda bir \u00fcretim ger\u00e7ekle\u015ftiriyor. Biz sizin s\u00f6yledi\u011finize kat\u0131lm\u0131yoruz ve <a href=\"https:\/\/www.enerjigazetesi.ist\/wp-content\/uploads\/2013\/07\/Prince-Alwaleed-Bin-Talal-petrol-zengini-suudiler-kaya-gazini-tehdit-olarak-goruyor.jpg\"><img loading=\"lazy\" class=\"alignleft size-medium wp-image-13585\" title=\"Prince-Alwaleed-Bin-Talal-petrol-zengini-suudiler-kaya-gazini-tehdit-olarak-goruyor\" src=\"https:\/\/www.enerjigazetesi.ist\/wp-content\/uploads\/2013\/07\/Prince-Alwaleed-Bin-Talal-petrol-zengini-suudiler-kaya-gazini-tehdit-olarak-goruyor-300x206.jpg\" alt=\"\" width=\"300\" height=\"206\" srcset=\"https:\/\/www.enerjigazetesi.ist\/wp-content\/uploads\/2013\/07\/Prince-Alwaleed-Bin-Talal-petrol-zengini-suudiler-kaya-gazini-tehdit-olarak-goruyor-300x206.jpg 300w, https:\/\/www.enerjigazetesi.ist\/wp-content\/uploads\/2013\/07\/Prince-Alwaleed-Bin-Talal-petrol-zengini-suudiler-kaya-gazini-tehdit-olarak-goruyor-500x343.jpg 500w, https:\/\/www.enerjigazetesi.ist\/wp-content\/uploads\/2013\/07\/Prince-Alwaleed-Bin-Talal-petrol-zengini-suudiler-kaya-gazini-tehdit-olarak-goruyor-72x50.jpg 72w, https:\/\/www.enerjigazetesi.ist\/wp-content\/uploads\/2013\/07\/Prince-Alwaleed-Bin-Talal-petrol-zengini-suudiler-kaya-gazini-tehdit-olarak-goruyor.jpg 505w\" sizes=\"(max-width: 300px) 100vw, 300px\" \/><\/a>Amerika\u2019n\u0131n kaya gaz\u0131 \u00fcretimini ka\u00e7\u0131n\u0131lmaz bir tehdit olarak g\u00f6r\u00fcyoruz\u201d dedi.<\/p>\n<p>Alwaleed ayr\u0131ca, Suudi Arabistan\u2019\u0131n sermayesinin y\u00fczde 92\u2032lik k\u0131sm\u0131n\u0131n petrol \u00fcretime ba\u011fl\u0131 ger\u00e7ekle\u015fti\u011fini ve devlet plan\u0131n\u0131n b\u00fcy\u00fck bir k\u0131sm\u0131n\u0131n ger\u00e7ekle\u015fmesinin bu kayna\u011fa ba\u011fl\u0131 oldu\u011funu da belirtti.<\/p>\n<p>Al-Naimi 31 May\u0131s\u2019ta Viyana\u2019da yapt\u0131\u011f\u0131 konu\u015fmas\u0131nda Amerika\u2019da kaya gaz\u0131 \u00fcretimindeki art\u0131\u015ftan endi\u015fe duymad\u0131\u011f\u0131n\u0131, OPEC \u00fclkelerinin grup d\u0131\u015f\u0131ndan bir \u00fclke taraf\u0131ndan ilk defa b\u00f6yle bir sars\u0131nt\u0131yla kar\u015f\u0131 kar\u015f\u0131ya kalmad\u0131\u011f\u0131n\u0131, bunun daha \u00f6nce de oldu\u011funu ifade etmi\u015fti.<\/p>\n<p>Tart\u0131\u015fma, Prens Turki Al Faisa\u2019n\u0131n Harward \u00dcniversitesi\u2019nde 2020\u2032ye kadar krall\u0131\u011f\u0131n \u00fcretim kapasitesini g\u00fcnde 15 milyon varile \u00e7\u0131karmay\u0131 planlad\u0131\u011f\u0131n\u0131 ve bunun 10 milyon varilinin yurt d\u0131\u015f\u0131na ithal edilmesinin hedeflendi\u011fini s\u00f6ylemesiyle ba\u015flam\u0131\u015ft\u0131.<\/p>\n<p>Naimi 30 Nisan\u2019da Washington\u2019da verdi\u011fi demecinde Suudi Arabistan ham petrol \u00fcretimini g\u00fcnde 12,5 varil olarak s\u00fcrd\u00fcrmeyi hedefledi\u011fini ve bunun \u00f6tesinde bir \u00fcretim kapasitesi ihtiyac\u0131 olmad\u0131\u011f\u0131n\u0131 s\u00f6ylemi\u015fti.<\/p>\n<p>Kaynak: <a href=\"http:\/\/enerjienstitusu.com\/2013\/07\/30\/petrol-zengini-suudiler-kaya-gazini-tehdit-olarak-goruyor\/\" target=\"_blank\">Enerji Enstit\u00fcs\u00fc<\/a><\/p>","protected":false},"excerpt":{"rendered":"<p>Sorry, this entry is only available in Turkish. For the sake of viewer convenience, the content is shown below in the alternative language. You may click the link to switch the active language.Suudi Arabistan Prensi Alwaleed bin Talal Petrol Bakan\u0131 Ali Al-Naimi\u2019ye g\u00f6nderdi\u011fi a\u00e7\u0131k mektubunda kaya gaz\u0131n\u0131n etkileri konusunda korkular\u0131n\u0131 dile getirdi.\u00a0 Suudi Arabistan Prensi [&hellip;]<\/p>\n","protected":false},"author":1,"featured_media":13585,"comment_status":"open","ping_status":"open","sticky":false,"template":"","format":"standard","meta":[],"categories":[53,44],"tags":[7280,63,67,165,3380,168,7281,59,1369,7279],"views":646,"_links":{"self":[{"href":"https:\/\/www.enerjigazetesi.ist\/en\/wp-json\/wp\/v2\/posts\/13584"}],"collection":[{"href":"https:\/\/www.enerjigazetesi.ist\/en\/wp-json\/wp\/v2\/posts"}],"about":[{"href":"https:\/\/www.enerjigazetesi.ist\/en\/wp-json\/wp\/v2\/types\/post"}],"author":[{"embeddable":true,"href":"https:\/\/www.enerjigazetesi.ist\/en\/wp-json\/wp\/v2\/users\/1"}],"replies":[{"embeddable":true,"href":"https:\/\/www.enerjigazetesi.ist\/en\/wp-json\/wp\/v2\/comments?post=13584"}],"version-history":[{"count":1,"href":"https:\/\/www.enerjigazetesi.ist\/en\/wp-json\/wp\/v2\/posts\/13584\/revisions"}],"predecessor-version":[{"id":13586,"href":"https:\/\/www.enerjigazetesi.ist\/en\/wp-json\/wp\/v2\/posts\/13584\/revisions\/13586"}],"wp:featuredmedia":[{"embeddable":true,"href":"https:\/\/www.enerjigazetesi.ist\/en\/wp-json\/wp\/v2\/media\/13585"}],"wp:attachment":[{"href":"https:\/\/www.enerjigazetesi.ist\/en\/wp-json\/wp\/v2\/media?parent=13584"}],"wp:term":[{"taxonomy":"category","embeddable":true,"href":"https:\/\/www.enerjigazetesi.ist\/en\/wp-json\/wp\/v2\/categories?post=13584"},{"taxonomy":"post_tag","embeddable":true,"href":"https:\/\/www.enerjigazetesi.ist\/en\/wp-json\/wp\/v2\/tags?post=13584"}],"curies":[{"name":"wp","href":"https:\/\/api.w.org\/{rel}","templated":true}]}}