{"id":135836,"date":"2021-05-31T11:24:19","date_gmt":"2021-05-31T08:24:19","guid":{"rendered":"https:\/\/www.enerjigazetesi.ist\/?p=135836"},"modified":"2021-05-31T11:24:19","modified_gmt":"2021-05-31T08:24:19","slug":"kucuk-akbabalari-koruma-projesi-ile-farkindalik-ve-biyocesitlilik-calismalari","status":"publish","type":"post","link":"https:\/\/www.enerjigazetesi.ist\/en\/kucuk-akbabalari-koruma-projesi-ile-farkindalik-ve-biyocesitlilik-calismalari\/","title":{"rendered":"(Turkish) K\u00fc\u00e7\u00fck Akbabalar\u0131 Koruma Projesi ile Fark\u0131ndal\u0131k ve Biyo\u00e7e\u015fitlilik \u00c7al\u0131\u015fmalar\u0131"},"content":{"rendered":"<p class=\"qtranxs-available-languages-message qtranxs-available-languages-message-en\">Sorry, this entry is only available in <a href=\"https:\/\/www.enerjigazetesi.ist\/tr\/wp-json\/wp\/v2\/posts\/135836\" class=\"qtranxs-available-language-link qtranxs-available-language-link-tr\" title=\"Turkish\">Turkish<\/a>. For the sake of viewer convenience, the content is shown below in the alternative language. You may click the link to switch the active language.<\/p><p><\/p>\n<h1><strong>Vaillant T\u00fcrkiye, Do\u011fa Derne\u011fi i\u015f birli\u011finde 2015\u2019ten bu yana y\u00fcr\u00fctt\u00fc\u011f\u00fc K\u00fc\u00e7\u00fck Akbabalar\u0131 Koruma Projesi ile nesli tehlike alt\u0131nda olan k\u00fc\u00e7\u00fck akbaba t\u00fcr\u00fcn\u00fc, tehlikelere kar\u015f\u0131 koruma ve fark\u0131ndal\u0131k \u00e7al\u0131\u015fmalar\u0131na devam ediyor. Projenin 2021 \u00e7al\u0131\u015fmalar\u0131 kapsam\u0131nda y\u0131l\u0131n ilk 3 ay\u0131nda Mersin\u2019de b\u00f6lge belediyeleri ile k\u00fc\u00e7\u00fck akbabalar\u0131n tan\u0131nmas\u0131 ve korunmas\u0131na y\u00f6nelik g\u00f6r\u00fc\u015f al\u0131\u015fveri\u015finde bulunuldu. Projede bu y\u0131l odaklan\u0131lan alanlardan biri olan biyo\u00e7e\u015fitlilik \u00e7al\u0131\u015fmalar\u0131yla ise ekosistemin sa\u011fl\u0131kl\u0131 i\u015fleyi\u015finin g\u00f6stergelerinden olan k\u00fc\u00e7\u00fck akbabalar\u0131n d\u00fcnyam\u0131z\u0131n devaml\u0131l\u0131\u011f\u0131ndaki rol\u00fc konusunda bilin\u00e7 a\u015f\u0131lamak hedefleniyor.<\/strong><\/h1>\n<p><strong>Do\u011fa&#8217;n\u0131n korunmas\u0131<\/strong> konusunda <strong>fark\u0131ndal\u0131k yaratmay\u0131<\/strong> ve bu konudaki <strong>bilinci art\u0131rmay\u0131<\/strong> hedefleyen <strong>Vaillant T\u00fcrkiye, Do\u011fa Derne\u011fi<\/strong> i\u015f birli\u011finde<strong> 2015 y\u0131l\u0131nda<\/strong> hayata ge\u00e7irdi\u011fi <strong>K\u00fc\u00e7\u00fck Akbabalar\u0131 Koruma Projesi<\/strong> kapsam\u0131ndaki faaliyetlerine h\u0131z kesmeden devam ediyor. 2020 y\u0131l\u0131nda\u00a0<strong>268 k\u00fc\u00e7\u00fck akbaba<\/strong>n\u0131n tespit edildi\u011fi proje kapsam\u0131ndaki \u00e7al\u0131\u015fmalar bu y\u0131l <strong>Mersin\u2019de<\/strong> <img loading=\"lazy\" class=\"alignright wp-image-135838\" src=\"https:\/\/www.enerjigazetesi.ist\/wp-content\/uploads\/2021\/05\/kucuk-akbabalari-koruma-projesi-ile-farkindalik-ve-biyocesitlilik-calismalari-1.jpg\" alt=\"\" width=\"320\" height=\"180\" srcset=\"https:\/\/www.enerjigazetesi.ist\/wp-content\/uploads\/2021\/05\/kucuk-akbabalari-koruma-projesi-ile-farkindalik-ve-biyocesitlilik-calismalari-1.jpg 550w, https:\/\/www.enerjigazetesi.ist\/wp-content\/uploads\/2021\/05\/kucuk-akbabalari-koruma-projesi-ile-farkindalik-ve-biyocesitlilik-calismalari-1-300x169.jpg 300w, https:\/\/www.enerjigazetesi.ist\/wp-content\/uploads\/2021\/05\/kucuk-akbabalari-koruma-projesi-ile-farkindalik-ve-biyocesitlilik-calismalari-1-500x281.jpg 500w, https:\/\/www.enerjigazetesi.ist\/wp-content\/uploads\/2021\/05\/kucuk-akbabalari-koruma-projesi-ile-farkindalik-ve-biyocesitlilik-calismalari-1-80x45.jpg 80w\" sizes=\"(max-width: 320px) 100vw, 320px\" \/>ger\u00e7ekle\u015ftiriliyor. <strong>K\u00fc\u00e7\u00fck akbaba neslinin<\/strong> yok olmas\u0131n\u0131 \u00f6nlemek amac\u0131yla ger\u00e7ekle\u015ftirilen <strong>koruma<\/strong> ve <strong>say\u0131m \u00e7al\u0131\u015fmalar\u0131n\u0131n<\/strong> \u00f6tesine ge\u00e7en proje, fark\u0131ndal\u0131k \u00e7al\u0131\u015fmalar\u0131 ile <strong>k\u00fc\u00e7\u00fck akbabalar\u0131n toplum<\/strong> taraf\u0131ndan tan\u0131nmas\u0131na katk\u0131da bulunuyor.<\/p>\n<p>Proje kapsam\u0131nda y\u0131l\u0131n <strong>ilk 3 ay\u0131nda<\/strong> b\u00f6lge belediyeleri ziyaret edilerek <strong>k\u00fc\u00e7\u00fck akbabalar\u0131n tan\u0131nmas\u0131<\/strong> ve <strong>korunmas\u0131na<\/strong> y\u00f6nelik g\u00f6r\u00fc\u015f al\u0131\u015fveri\u015finde bulunulurken, <strong>Mersin Kad\u0131n Kooperatifi<\/strong> ile i\u015f birli\u011fi yap\u0131larak <strong>hediyelik s\u00fcs e\u015fyalar\u0131 \u00fcretimi<\/strong> planland\u0131. Mersin konar g\u00f6\u00e7erleri ile b\u00f6lgenin biyo\u00e7e\u015fitlili\u011fi hakk\u0131nda <strong>ortak \u00e7al\u0131\u015fmalar\u0131n hayata ge\u00e7irildi\u011fi<\/strong> projede,<strong> bilimsel \u00e7al\u0131\u015fmalarda<\/strong> ve <strong>yaban hayat\u0131 g\u00f6zlemlerinde<\/strong> kullan\u0131lan <strong>fotokapanlar\u0131n kullan\u0131m\u0131<\/strong> konusunda konar g\u00f6\u00e7er \u00e7obanlara e\u011fitim verildi.<\/p>\n<h2><strong>\u201cKitleleri bilin\u00e7lendirmek projenin en \u00f6nemli unsurlar\u0131ndan\u201d<\/strong><\/h2>\n<p>Vaillant Group T\u00fcrkiye Sat\u0131\u015ftan Sorumlu Genel M\u00fcd\u00fcr Yard\u0131mc\u0131s\u0131 <strong>Erol Kayao\u011flu<\/strong>, K\u00fc\u00e7\u00fck Akbabalar\u0131 Koruma Projesi\u2019nin, \u00e7al\u0131\u015fmalar\u0131n ger\u00e7ekle\u015ftirildi\u011fi b\u00f6lgelerdeki halk\u0131n ve konar g\u00f6\u00e7erlerin sahiplenmesi sonucunda <strong>6&#8217;\u0131nc\u0131 y\u0131l\u0131na<\/strong> girdi\u011fini s\u00f6yledi. Kayao\u011flu, <em>\u201c\u00dclkemize g\u00f6\u00e7leri ba\u015flayan k\u00fc\u00e7\u00fck akbabalar, T\u00fcrkiye\u2019de <strong>korunuyor<\/strong> ve <strong>sahipleniliyor<\/strong>.\u00a0Kurulan <strong>\u00e7oban a\u011f\u0131<\/strong> ve<strong> konar g\u00f6\u00e7erler<\/strong> sayesinde 2021 y\u0131l\u0131nda da pandemiye ra\u011fmen k\u00fc\u00e7\u00fck akbabalar\u0131 yak\u0131ndan takip etmeye; yuva say\u0131mlar\u0131n\u0131n yan\u0131 s\u0131ra olas\u0131 tehlikelere kar\u015f\u0131 koruma projelerine devam ediyoruz. \u00a0<strong>K\u00fc\u00e7\u00fck Akbabalar\u0131 Koruma Projesi<\/strong>\u2019nin en \u00f6nemli unsurlar\u0131ndan biri de nesli t\u00fckenme tehlikesi alt\u0131nda olan k\u00fc\u00e7\u00fck akbabalar konusunda kitlelerin bilin\u00e7lendirilmesi ve fark\u0131ndal\u0131k yarat\u0131lmas\u0131. Ayr\u0131ca bu y\u0131l odakland\u0131\u011f\u0131m\u0131z alanlardan biri de biyo\u00e7e\u015fitlilik. <strong>K\u00fc\u00e7\u00fck akbabalar bulunduklar\u0131<\/strong> alandaki do\u011fan\u0131n <strong>sa\u011fl\u0131kl\u0131 i\u015fleyi\u015finin g\u00f6stergesi<\/strong> olan t\u00fcrlerden biri. <strong>Ekolojik dengenin sa\u011flanmas\u0131nda<\/strong> da olduk\u00e7a \u00f6nemli bir role sahipler. Bu do\u011frultuda <strong>b\u00f6lge halklar\u0131n\u0131n deste\u011fi<\/strong> ile <strong>k\u00fc\u00e7\u00fck akbabalar\u0131n<\/strong> d\u00fcnyam\u0131z\u0131n devaml\u0131l\u0131\u011f\u0131ndaki rol\u00fc konusunda bilin\u00e7 a\u015f\u0131lamay\u0131 s\u00fcrd\u00fcrmeyi hedefliyoruz\u201d<\/em> diye konu\u015ftu.<\/p>\n<h2><strong>\u201c\u00c7al\u0131\u015fmalar\u0131m\u0131z\u0131n nihai ama\u00e7lar\u0131ndan biri biyo\u00e7e\u015fitlili\u011fi korumak\u201d<\/strong><\/h2>\n<p>Do\u011fa Derne\u011fi Genel Koordinat\u00f6r\u00fc <strong>Serdar \u00d6zuslu<\/strong> y\u0131l\u0131n<strong> ilk 3 ay\u0131nda<\/strong> ger\u00e7ekle\u015ftirilen \u00e7al\u0131\u015fmalar kapsam\u0131nda,\u00a0Bolkar Da\u011flar\u0131\u2019nda konar g\u00f6\u00e7er k\u00fclt\u00fcr\u00fcn halen devam etti\u011fi <strong>geleneksel<\/strong> ve<strong> kadim ya\u015fam \u015fekillerini<\/strong> ara\u015ft\u0131rmaya devam ettiklerini dile getirdi. \u00d6zuslu, <em>\u201cKonar g\u00f6\u00e7er ya\u015fam \u015feklinde en \u00f6nemli zaman ve takvimin do\u011fan\u0131n kendi olaylar\u0131 oldu\u011funu, \u00f6zellikle <strong>g\u00fcndelik<\/strong> ve <strong>d\u00f6nemsel ya\u015famlar\u0131n\u0131<\/strong> buna g\u00f6re uygulamaya devam ettiklerini fark ettik. Konar g\u00f6\u00e7erler bu y\u0131l May\u0131s ortas\u0131 gibi farkl\u0131 alanlarda g\u00f6\u00e7e ba\u015flam\u0131\u015f olacaklar. \u00c7al\u0131\u015fmalar\u0131m\u0131z\u0131n nihai ama\u00e7lar\u0131ndan biri, b\u00f6lgemizdeki konar g\u00f6\u00e7erler ile beraber <strong>biyo\u00e7e\u015fitlili\u011fi korumak<\/strong> ve sahip \u00e7\u0131kmak. Bunun i\u00e7in en \u00f6nemlisi <strong>anlamak<\/strong> ve <strong>beraber \u00e7al\u0131\u015fma yollar\u0131n\u0131<\/strong> bulmak. Di\u011fer yandan bu d\u00f6nemde fark\u0131ndal\u0131k \u00e7al\u0131\u015fmalar\u0131m\u0131z kapsam\u0131nda <strong>\u00f6\u011frenci<\/strong> ve <strong>\u00f6\u011fretmenlerle<\/strong> online olarak toplanarak\u00a0<strong>k\u00fc\u00e7\u00fck akbaba<\/strong> ve <strong>di\u011fer g\u00f6\u00e7men ku\u015flar hakk\u0131nda<\/strong> bilgi aktar\u0131m\u0131nda bulunmaya devam ettik\u201d<\/em> ifadelerini kulland\u0131.<\/p>","protected":false},"excerpt":{"rendered":"<p>Sorry, this entry is only available in Turkish. For the sake of viewer convenience, the content is shown below in the alternative language. You may click the link to switch the active language. Vaillant T\u00fcrkiye, Do\u011fa Derne\u011fi i\u015f birli\u011finde 2015\u2019ten bu yana y\u00fcr\u00fctt\u00fc\u011f\u00fc K\u00fc\u00e7\u00fck Akbabalar\u0131 Koruma Projesi ile nesli tehlike alt\u0131nda olan k\u00fc\u00e7\u00fck akbaba t\u00fcr\u00fcn\u00fc, [&hellip;]<\/p>\n","protected":false},"author":1,"featured_media":135839,"comment_status":"open","ping_status":"open","sticky":false,"template":"","format":"standard","meta":[],"categories":[53],"tags":[91214,83985,91212,91215,67202,91213,83272],"views":138,"_links":{"self":[{"href":"https:\/\/www.enerjigazetesi.ist\/en\/wp-json\/wp\/v2\/posts\/135836"}],"collection":[{"href":"https:\/\/www.enerjigazetesi.ist\/en\/wp-json\/wp\/v2\/posts"}],"about":[{"href":"https:\/\/www.enerjigazetesi.ist\/en\/wp-json\/wp\/v2\/types\/post"}],"author":[{"embeddable":true,"href":"https:\/\/www.enerjigazetesi.ist\/en\/wp-json\/wp\/v2\/users\/1"}],"replies":[{"embeddable":true,"href":"https:\/\/www.enerjigazetesi.ist\/en\/wp-json\/wp\/v2\/comments?post=135836"}],"version-history":[{"count":1,"href":"https:\/\/www.enerjigazetesi.ist\/en\/wp-json\/wp\/v2\/posts\/135836\/revisions"}],"predecessor-version":[{"id":135837,"href":"https:\/\/www.enerjigazetesi.ist\/en\/wp-json\/wp\/v2\/posts\/135836\/revisions\/135837"}],"wp:featuredmedia":[{"embeddable":true,"href":"https:\/\/www.enerjigazetesi.ist\/en\/wp-json\/wp\/v2\/media\/135839"}],"wp:attachment":[{"href":"https:\/\/www.enerjigazetesi.ist\/en\/wp-json\/wp\/v2\/media?parent=135836"}],"wp:term":[{"taxonomy":"category","embeddable":true,"href":"https:\/\/www.enerjigazetesi.ist\/en\/wp-json\/wp\/v2\/categories?post=135836"},{"taxonomy":"post_tag","embeddable":true,"href":"https:\/\/www.enerjigazetesi.ist\/en\/wp-json\/wp\/v2\/tags?post=135836"}],"curies":[{"name":"wp","href":"https:\/\/api.w.org\/{rel}","templated":true}]}}