{"id":135800,"date":"2021-05-31T09:30:08","date_gmt":"2021-05-31T06:30:08","guid":{"rendered":"https:\/\/www.enerjigazetesi.ist\/?p=135800"},"modified":"2021-05-31T09:30:08","modified_gmt":"2021-05-31T06:30:08","slug":"cati-panelleri-evision-online-event-series-01-haziranda-duzenleniyor","status":"publish","type":"post","link":"https:\/\/www.enerjigazetesi.ist\/en\/cati-panelleri-evision-online-event-series-01-haziranda-duzenleniyor\/","title":{"rendered":"(Turkish) &#8217;\u00c7at\u0131 Panelleri&#8217; Evision Online Event Series 01 Haziran&#8217;da D\u00fczenleniyor!"},"content":{"rendered":"<p class=\"qtranxs-available-languages-message qtranxs-available-languages-message-en\">Sorry, this entry is only available in <a href=\"https:\/\/www.enerjigazetesi.ist\/tr\/wp-json\/wp\/v2\/posts\/135800\" class=\"qtranxs-available-language-link qtranxs-available-language-link-tr\" title=\"Turkish\">Turkish<\/a>. For the sake of viewer convenience, the content is shown below in the alternative language. You may click the link to switch the active language.<\/p><p><\/p>\n<div class=\"room_time\">\n<h1>Uluslararas\u0131 enerji sekt\u00f6r\u00fcn\u00fcn b\u00fcy\u00fck oyuncular\u0131 bu etkinlikte!<\/h1>\n<p><strong>G\u00fcne\u015f enerjisinin uluslararas\u0131 bulu\u015fma noktas\u0131<\/strong> olan <strong>Solar \u0130stanbul fuar<\/strong> ve <strong>konferans\u0131n\u0131n<\/strong> \u00f6nc\u00fcl\u00fc\u011f\u00fcnde ger\u00e7ekle\u015fen<strong> e-Vision Online Event Serisi<\/strong>, ulusal ve uluslararas\u0131 <strong>enerji sekt\u00f6r\u00fc <img loading=\"lazy\" class=\"alignright wp-image-135803\" src=\"https:\/\/www.enerjigazetesi.ist\/wp-content\/uploads\/2021\/05\/evision-online-event-series-devam-ediyor-1.jpg\" alt=\"\" width=\"320\" height=\"280\" srcset=\"https:\/\/www.enerjigazetesi.ist\/wp-content\/uploads\/2021\/05\/evision-online-event-series-devam-ediyor-1.jpg 550w, https:\/\/www.enerjigazetesi.ist\/wp-content\/uploads\/2021\/05\/evision-online-event-series-devam-ediyor-1-300x262.jpg 300w, https:\/\/www.enerjigazetesi.ist\/wp-content\/uploads\/2021\/05\/evision-online-event-series-devam-ediyor-1-457x400.jpg 457w, https:\/\/www.enerjigazetesi.ist\/wp-content\/uploads\/2021\/05\/evision-online-event-series-devam-ediyor-1-57x50.jpg 57w, https:\/\/www.enerjigazetesi.ist\/wp-content\/uploads\/2021\/05\/evision-online-event-series-devam-ediyor-1-500x437.jpg 500w\" sizes=\"(max-width: 320px) 100vw, 320px\" \/>payda\u015flar\u0131n\u0131n zirve oyuncular\u0131n\u0131<\/strong> yepyeni bir<strong> \u2018online\u2019 platformda<\/strong> bir araya getiriyor.<\/p>\n<p>Sekt\u00f6re <strong>ivme katmak<\/strong> amac\u0131yla d\u00fczenlenen ve kat\u0131l\u0131mc\u0131lar\u0131n\u0131n <strong>g\u00fcc\u00fcne g\u00fc\u00e7 katacak<\/strong> bu online platformla; <strong>\u00fcretici, yat\u0131r\u0131mc\u0131, proje y\u00f6neticisi, kamu yetkilisi<\/strong> ba\u015fta olmak \u00fczere t\u00fcm sekt\u00f6r profesyonelleri, \u2018online\u2019 etkinlikler olarak ger\u00e7ekle\u015fecek <strong>webinar serisi<\/strong> ile daha h\u0131zl\u0131 ve daha rahat<strong> \u2018networking\u2019<\/strong> f\u0131rsat\u0131ndan yararlanacaklar.<\/p>\n<p><em>Siz de <strong>s\u0131n\u0131rl\u0131 say\u0131da kat\u0131l\u0131mla<\/strong> ger\u00e7ekle\u015fecek bu <strong>\u00e7ok \u00f6zel \u2018online\u2019 etkinlikte<\/strong> ge\u00e7 kalmadan yerinizi al\u0131n&#8230;<\/em><\/p>\n<p><strong>01 Haziran 2021<\/strong> &#8216;\u00c7at\u0131 Panelleri&#8217; <strong>e-Vision Online Event Serisi Ba\u015fl\u0131yor!&#8230;<\/strong><\/p>\n<p style=\"text-align: center;\"><img loading=\"lazy\" class=\"aligncenter wp-image-135802\" src=\"https:\/\/www.enerjigazetesi.ist\/wp-content\/uploads\/2021\/05\/01-2.jpg\" alt=\"\" width=\"500\" height=\"357\" srcset=\"https:\/\/www.enerjigazetesi.ist\/wp-content\/uploads\/2021\/05\/01-2.jpg 700w, https:\/\/www.enerjigazetesi.ist\/wp-content\/uploads\/2021\/05\/01-2-300x214.jpg 300w, https:\/\/www.enerjigazetesi.ist\/wp-content\/uploads\/2021\/05\/01-2-500x357.jpg 500w, https:\/\/www.enerjigazetesi.ist\/wp-content\/uploads\/2021\/05\/01-2-70x50.jpg 70w\" sizes=\"(max-width: 500px) 100vw, 500px\" \/><\/p>\n<p><strong>Detayl\u0131 Bilgi ve Kay\u0131t \u0130\u00e7in:<\/strong>\u00a0<a href=\"http:\/\/evision.solaristanbul.com.tr\/tr\/ana-sayfa\/\" target=\"_blank\" rel=\"nofollow noopener\">http:\/\/evision.solaristanbul.com.tr\/tr\/ana-sayfa\/<\/a>\u00a0adresini ziyaret edebilirsiniz.<\/p>\n<\/div>\n<p><\/p>","protected":false},"excerpt":{"rendered":"<p>Sorry, this entry is only available in Turkish. For the sake of viewer convenience, the content is shown below in the alternative language. You may click the link to switch the active language. Uluslararas\u0131 enerji sekt\u00f6r\u00fcn\u00fcn b\u00fcy\u00fck oyuncular\u0131 bu etkinlikte! G\u00fcne\u015f enerjisinin uluslararas\u0131 bulu\u015fma noktas\u0131 olan Solar \u0130stanbul fuar ve konferans\u0131n\u0131n \u00f6nc\u00fcl\u00fc\u011f\u00fcnde ger\u00e7ekle\u015fen e-Vision Online [&hellip;]<\/p>\n","protected":false},"author":1,"featured_media":135803,"comment_status":"open","ping_status":"open","sticky":false,"template":"","format":"standard","meta":[],"categories":[51,53,49],"tags":[91160,52259,53157,91161],"views":324,"_links":{"self":[{"href":"https:\/\/www.enerjigazetesi.ist\/en\/wp-json\/wp\/v2\/posts\/135800"}],"collection":[{"href":"https:\/\/www.enerjigazetesi.ist\/en\/wp-json\/wp\/v2\/posts"}],"about":[{"href":"https:\/\/www.enerjigazetesi.ist\/en\/wp-json\/wp\/v2\/types\/post"}],"author":[{"embeddable":true,"href":"https:\/\/www.enerjigazetesi.ist\/en\/wp-json\/wp\/v2\/users\/1"}],"replies":[{"embeddable":true,"href":"https:\/\/www.enerjigazetesi.ist\/en\/wp-json\/wp\/v2\/comments?post=135800"}],"version-history":[{"count":0,"href":"https:\/\/www.enerjigazetesi.ist\/en\/wp-json\/wp\/v2\/posts\/135800\/revisions"}],"wp:featuredmedia":[{"embeddable":true,"href":"https:\/\/www.enerjigazetesi.ist\/en\/wp-json\/wp\/v2\/media\/135803"}],"wp:attachment":[{"href":"https:\/\/www.enerjigazetesi.ist\/en\/wp-json\/wp\/v2\/media?parent=135800"}],"wp:term":[{"taxonomy":"category","embeddable":true,"href":"https:\/\/www.enerjigazetesi.ist\/en\/wp-json\/wp\/v2\/categories?post=135800"},{"taxonomy":"post_tag","embeddable":true,"href":"https:\/\/www.enerjigazetesi.ist\/en\/wp-json\/wp\/v2\/tags?post=135800"}],"curies":[{"name":"wp","href":"https:\/\/api.w.org\/{rel}","templated":true}]}}