{"id":135790,"date":"2021-05-30T13:51:35","date_gmt":"2021-05-30T10:51:35","guid":{"rendered":"https:\/\/www.enerjigazetesi.ist\/?p=135790"},"modified":"2021-05-30T13:52:26","modified_gmt":"2021-05-30T10:52:26","slug":"turkiye-imsad-sivil-toplum-kuruluslarina-yonelik-calismalarini-genisletti","status":"publish","type":"post","link":"https:\/\/www.enerjigazetesi.ist\/en\/turkiye-imsad-sivil-toplum-kuruluslarina-yonelik-calismalarini-genisletti\/","title":{"rendered":"(Turkish) &#8217;\u0130MSAD&#8217; Sivil Toplum Kurulu\u015flar\u0131na Y\u00f6nelik \u00c7al\u0131\u015fmalar\u0131n\u0131 Geni\u015fletti"},"content":{"rendered":"<p class=\"qtranxs-available-languages-message qtranxs-available-languages-message-en\">Sorry, this entry is only available in <a href=\"https:\/\/www.enerjigazetesi.ist\/tr\/wp-json\/wp\/v2\/posts\/135790\" class=\"qtranxs-available-language-link qtranxs-available-language-link-tr\" title=\"Turkish\">Turkish<\/a>. For the sake of viewer convenience, the content is shown below in the alternative language. You may click the link to switch the active language.<\/p><p><\/p>\n<h1><strong>\u0130n\u015faat malzemeleri sekt\u00f6r\u00fcn\u00fcn \u00e7at\u0131 kurulu\u015fu T\u00fcrkiye \u0130MSAD, \u00c7EDB\u0130K ortakl\u0131\u011f\u0131nda, AB Ba\u015fkanl\u0131\u011f\u0131\u2019n\u0131n koordinasyonu ve deste\u011fi ile hayata ge\u00e7en \u2018S\u00fcrd\u00fcr\u00fclebilir Kalk\u0131nma i\u00e7in STK\u2019lar\u2019 projesini ba\u015flatt\u0131. Anadolu\u2019daki sivil toplum kurulu\u015flar\u0131n\u0131n daha aktif olmalar\u0131, karar alma s\u00fcre\u00e7lerine daha kolay etki etmeleri ve sekt\u00f6rler aras\u0131 i\u015f birli\u011finin art\u0131r\u0131lmas\u0131n\u0131n hedeflendi\u011fi proje kapsam\u0131nda T\u00fcrkiye genelinde \u0130stanbul ve Ankara d\u0131\u015f\u0131ndaki \u015fehirlerdeki sivil toplum kurulu\u015flar\u0131 ile \u00e7evrimi\u00e7i ve fiziki etkinlik ve e\u011fitimler d\u00fczenlenecek.<\/strong><\/h1>\n<p><strong>T\u00fcrkiye \u0130MSAD\u00a0<\/strong>(T\u00fcrkiye \u0130n\u015faat Malzemesi Sanayicileri Derne\u011fi) ve <strong>\u00c7EDB\u0130K<\/strong> (\u00c7evre Dostu Ye\u015fil <img loading=\"lazy\" class=\"alignright wp-image-135792\" src=\"https:\/\/www.enerjigazetesi.ist\/wp-content\/uploads\/2021\/05\/turkiye-imsad-sivil-toplum-kuruluslarina-yonelik-calismalarini-genisletti.jpg\" alt=\"\" width=\"320\" height=\"320\" srcset=\"https:\/\/www.enerjigazetesi.ist\/wp-content\/uploads\/2021\/05\/turkiye-imsad-sivil-toplum-kuruluslarina-yonelik-calismalarini-genisletti.jpg 550w, https:\/\/www.enerjigazetesi.ist\/wp-content\/uploads\/2021\/05\/turkiye-imsad-sivil-toplum-kuruluslarina-yonelik-calismalarini-genisletti-150x150.jpg 150w, https:\/\/www.enerjigazetesi.ist\/wp-content\/uploads\/2021\/05\/turkiye-imsad-sivil-toplum-kuruluslarina-yonelik-calismalarini-genisletti-300x300.jpg 300w, https:\/\/www.enerjigazetesi.ist\/wp-content\/uploads\/2021\/05\/turkiye-imsad-sivil-toplum-kuruluslarina-yonelik-calismalarini-genisletti-400x400.jpg 400w, https:\/\/www.enerjigazetesi.ist\/wp-content\/uploads\/2021\/05\/turkiye-imsad-sivil-toplum-kuruluslarina-yonelik-calismalarini-genisletti-50x50.jpg 50w, https:\/\/www.enerjigazetesi.ist\/wp-content\/uploads\/2021\/05\/turkiye-imsad-sivil-toplum-kuruluslarina-yonelik-calismalarini-genisletti-100x100.jpg 100w, https:\/\/www.enerjigazetesi.ist\/wp-content\/uploads\/2021\/05\/turkiye-imsad-sivil-toplum-kuruluslarina-yonelik-calismalarini-genisletti-500x500.jpg 500w\" sizes=\"(max-width: 320px) 100vw, 320px\" \/>Binalar Derne\u011fi) ortakl\u0131\u011f\u0131nda ba\u015fvurusu ger\u00e7ekle\u015ftirilen \u2018<strong>S\u00fcrd\u00fcr\u00fclebilir Kalk\u0131nma i\u00e7in STK\u2019lar\u2019<\/strong> projesi, <strong>T.C. D\u0131\u015fi\u015fleri Bakanl\u0131\u011f\u0131 Avrupa Birli\u011fi Ba\u015fkanl\u0131\u011f\u0131 taraf\u0131ndan Avrupa Birli\u011fi mali deste\u011fiyle uygulanan Sivil Toplum Destek Program\u0131n\u0131n \u00fc\u00e7\u00fcnc\u00fc d\u00f6nemi kapsam\u0131nda hibe deste\u011fi almaya hak kazand\u0131. 1 Nisan 2021\u2019de<\/strong> uygulanmaya ba\u015flanan proje <strong>15<\/strong> ay s\u00fcrecek.<\/p>\n<p>Daha \u00f6nce d\u00fczenledi\u011fi toplant\u0131larda, \u00fcyesi bulunan <strong>53<\/strong> derne\u011fi,<strong> enerji verimlili\u011fi, iklim de\u011fi\u015fikli\u011fi<\/strong> ve <strong>s\u00fcrd\u00fcr\u00fclebilirlik<\/strong> ile ilgili \u00e7al\u0131\u015fmalar\u0131 de\u011ferlendirmek, i\u015f birli\u011fini art\u0131rmak amac\u0131yla bir araya getiren T\u00fcrkiye \u0130MSAD, \u00c7EDB\u0130K i\u015fbirli\u011finde, <strong>\u2018S\u00fcrd\u00fcr\u00fclebilir Kalk\u0131nma i\u00e7in STK\u2019lar\u2019\u00a0<\/strong>projesi ile sivil toplum kurulu\u015flar\u0131na y\u00f6nelik \u00e7al\u0131\u015fmalar\u0131n\u0131 geni\u015fletti.<\/p>\n<p>Sekt\u00f6rler aras\u0131 <strong>proaktif i\u015f birli\u011finin sa\u011flanmas\u0131, politika<\/strong> ve <strong>karar alma s\u00fcre\u00e7lerine<\/strong> demokratik kat\u0131l\u0131m i\u00e7in sivil toplumun kapasitesinin art\u0131r\u0131lmas\u0131 ve geli\u015fiminin desteklenmesi amac\u0131yla ba\u015flat\u0131lan proje kapsam\u0131nda <strong>T\u00fcrkiye \u0130MSAD<\/strong> ve<strong> \u00c7EDB\u0130K<\/strong>, \u00f6ncelikle kendi S<strong>\u00fcrd\u00fcr\u00fclebilir Kalk\u0131nma Ama\u00e7lar\u0131 (SKA) eylem planlar\u0131<\/strong>n\u0131 geli\u015ftirecek.<\/p>\n<h2><strong>Anadolu\u2019daki sivil toplum kurulu\u015flar\u0131 ile bulu\u015fmalar ger\u00e7ekle\u015fecek<\/strong><\/h2>\n<p>Proje kapsam\u0131nda \u2018<strong>S\u00fcrd\u00fcr\u00fclebilir Kentsel Geli\u015fim A\u011f\u0131<\/strong>\u2019na \u00fcye olan belediyelerin bulundu\u011fu 4 farkl\u0131 ilde d\u00fczenlenecek etkinliklere <strong>yerel sivil toplum kurulu\u015flar\u0131, yerel y\u00f6netimlerin temsilcileri, \u00fcniversite kamu kurumu temsilcileri<\/strong> kat\u0131lacak. B\u00f6ylece Anadolu\u2019daki sivil toplum kurulu\u015flar\u0131n\u0131n Avrupa\u2019daki pek \u00e7ok sivil toplum kurulu\u015fu gibi lobicilik konusunda daha aktif olmalar\u0131, karar alma s\u00fcre\u00e7lerine <strong>daha kolay etki edebilmeleri<\/strong> ve <strong>daha fazla s\u00f6z sahibi olmalar\u0131<\/strong> desteklenecek.<\/p>\n<h2><strong>STK, kamu ve \u00f6zel sekt\u00f6r i\u015f birli\u011fi artacak<\/strong><\/h2>\n<p><strong>\u2018S\u00fcrd\u00fcr\u00fclebilir Kalk\u0131nma i\u00e7in STK\u2019lar\u2019<\/strong>\u00a0projesi ile ula\u015f\u0131lmak istenen <span style=\"text-decoration: underline;\">di\u011fer hedefler ise \u015f\u00f6yle:<\/span> <em>\u201c<strong>\u0130n\u015faat, \u00e7evre, s\u00fcrd\u00fcr\u00fclebilir kalk\u0131nma, mimarl\u0131k<\/strong> ve <strong>enerji verimlili\u011fi<\/strong> alanlar\u0131nda \u00e7al\u0131\u015fan STK&#8217;lar\u0131n \u00f6rg\u00fctsel kapasitelerini \u00f6zellikle ileti\u015fim, lobicilik ve a\u011f olu\u015fturma a\u00e7\u0131s\u0131ndan g\u00fc\u00e7lendirmek. STK&#8217;lar aras\u0131nda SKA hakk\u0131nda daha iyi bir anlay\u0131\u015f geli\u015ftirmek ve SKA&#8217;ya ula\u015fmada aktif kat\u0131l\u0131mlar\u0131n\u0131 te\u015fvik etmek. SKA&#8217;ya ula\u015fmak i\u00e7in harcanan \u00e7abalar\u0131n g\u00f6r\u00fcn\u00fcrl\u00fc\u011f\u00fcn\u00fc art\u0131rmak ve ortak stratejilerin, eylemlerin, politika belgelerinin geli\u015ftirilmesi i\u00e7in STK&#8217;lar, kamu ve \u00f6zel sekt\u00f6r payda\u015flar\u0131 aras\u0131nda i\u015f birli\u011fini te\u015fvik etmek. STK&#8217;lar\u0131n kamu kurumlar\u0131n\u0131n karar alma s\u00fcre\u00e7lerine kat\u0131l\u0131m\u0131n\u0131 te\u015fvik etmek.\u201d<\/em><\/p>\n<p>Projeden, T\u00fcrkiye \u0130MSAD ve \u00c7EDB\u0130K&#8217;in <strong>ulusal-k\u00fcresel a\u011flar\u0131<\/strong>, ula\u015f\u0131lmas\u0131 hedeflenen en az <strong>50 sivil toplum kurulu\u015fu<\/strong>nun ve yerel y\u00f6netimler taraf\u0131ndan kurulan <strong>\u2018S\u00fcrd\u00fcr\u00fclebilir Kentsel Geli\u015fim A\u011f\u0131\u2019\u00a0\u00fcyeleri<\/strong>nin yararlanmas\u0131 ama\u00e7lan\u0131yor. Proje ayn\u0131 zamanda <strong>10\u00a0<\/strong>yerel y\u00f6netim ve di\u011fer sekt\u00f6rlerden <strong>20\u00a0<\/strong>payda\u015f ile birlikte <strong>\u00c7evre ve \u015eehircilik Bakanl\u0131\u011f\u0131, Enerji<\/strong> ve <strong>Tabii Kaynaklar Bakanl\u0131\u011f\u0131<\/strong> gibi ilgili kurumlar\u0131 kaps\u0131yor.<\/p>\n<p><strong>\u2018S\u00fcrd\u00fcr\u00fclebilir Kalk\u0131nma i\u00e7in STK\u2019lar\u2019\u00a0<\/strong>projesi \u00e7er\u00e7evesinde\u00a0web sayfas\u0131, <strong>STK&#8217;<\/strong>lar i\u00e7in <strong>S\u00fcrd\u00fcr\u00fclebilir Kalk\u0131nma, lobicilik, ileti\u015fim<\/strong> ve <strong>payda\u015f diyalo\u011fu<\/strong> hakk\u0131nda kapasite geli\u015ftirme e\u011fitim program\u0131, <strong>T\u00fcrkiye \u0130MSAD ve \u00c7EDB\u0130K<\/strong>&#8216;in <strong>SKA eylem planlar\u0131<\/strong> ve <strong>ilerleme raporlar\u0131, SKA hakk\u0131nda kitap\u00e7\u0131k, SKA<\/strong> \u00fczerine bir <strong>sosyal medya kampanyas\u0131<\/strong>, tavsiye niteli\u011finde bir <strong>politika belgesi<\/strong> ve <strong>SKA \u00d6d\u00fclleri<\/strong> planlan\u0131yor.<\/p>\n<p><strong>S\u00f6zle\u015fme Makam\u0131 Merkezi Finans<\/strong> ve <strong>\u0130hale Birimi olan Sivil Toplum Destek Program\u0131, STK<\/strong>\u2019lar\u0131n kapasitelerinin g\u00fc\u00e7lendirilmesine y\u00f6nelik y\u00fcr\u00fct\u00fclen bir hibe program\u0131d\u0131r ve Sivil Toplum Destek Program\u0131n\u0131n \u00fc\u00e7\u00fcnc\u00fc d\u00f6neminde verilen desteklerle STK\u2019lar\u0131n kurumsal kapasitesinin art\u0131r\u0131lmas\u0131 ve STK\u2019lar aras\u0131 ortakl\u0131klar\u0131n te\u015fvik edilmesi;<strong> aktif vatanda\u015fl\u0131k<\/strong> ve <strong>STK<\/strong>\u2019lar\u0131n<strong> karar alma s\u00fcre\u00e7lerine kat\u0131l\u0131m\u0131n\u0131n desteklenmesi<\/strong> ve son olarak <strong>aktif vatanda\u015fl\u0131k<\/strong> i\u00e7in yasal \u00e7er\u00e7evenin geli\u015ftirilmesi hedeflenmektedir.<\/p>","protected":false},"excerpt":{"rendered":"<p>Sorry, this entry is only available in Turkish. For the sake of viewer convenience, the content is shown below in the alternative language. You may click the link to switch the active language. \u0130n\u015faat malzemeleri sekt\u00f6r\u00fcn\u00fcn \u00e7at\u0131 kurulu\u015fu T\u00fcrkiye \u0130MSAD, \u00c7EDB\u0130K ortakl\u0131\u011f\u0131nda, AB Ba\u015fkanl\u0131\u011f\u0131\u2019n\u0131n koordinasyonu ve deste\u011fi ile hayata ge\u00e7en \u2018S\u00fcrd\u00fcr\u00fclebilir Kalk\u0131nma i\u00e7in STK\u2019lar\u2019 projesini [&hellip;]<\/p>\n","protected":false},"author":1,"featured_media":135792,"comment_status":"open","ping_status":"open","sticky":false,"template":"","format":"standard","meta":[],"categories":[53,52],"tags":[4240,91149,2530,12,1999,5902,91148,3341,46879,59861,59859,1243,52998,91150,53763,1296,25553,84712,91151],"views":120,"_links":{"self":[{"href":"https:\/\/www.enerjigazetesi.ist\/en\/wp-json\/wp\/v2\/posts\/135790"}],"collection":[{"href":"https:\/\/www.enerjigazetesi.ist\/en\/wp-json\/wp\/v2\/posts"}],"about":[{"href":"https:\/\/www.enerjigazetesi.ist\/en\/wp-json\/wp\/v2\/types\/post"}],"author":[{"embeddable":true,"href":"https:\/\/www.enerjigazetesi.ist\/en\/wp-json\/wp\/v2\/users\/1"}],"replies":[{"embeddable":true,"href":"https:\/\/www.enerjigazetesi.ist\/en\/wp-json\/wp\/v2\/comments?post=135790"}],"version-history":[{"count":0,"href":"https:\/\/www.enerjigazetesi.ist\/en\/wp-json\/wp\/v2\/posts\/135790\/revisions"}],"wp:featuredmedia":[{"embeddable":true,"href":"https:\/\/www.enerjigazetesi.ist\/en\/wp-json\/wp\/v2\/media\/135792"}],"wp:attachment":[{"href":"https:\/\/www.enerjigazetesi.ist\/en\/wp-json\/wp\/v2\/media?parent=135790"}],"wp:term":[{"taxonomy":"category","embeddable":true,"href":"https:\/\/www.enerjigazetesi.ist\/en\/wp-json\/wp\/v2\/categories?post=135790"},{"taxonomy":"post_tag","embeddable":true,"href":"https:\/\/www.enerjigazetesi.ist\/en\/wp-json\/wp\/v2\/tags?post=135790"}],"curies":[{"name":"wp","href":"https:\/\/api.w.org\/{rel}","templated":true}]}}