{"id":135780,"date":"2021-05-30T13:26:23","date_gmt":"2021-05-30T10:26:23","guid":{"rendered":"https:\/\/www.enerjigazetesi.ist\/?p=135780"},"modified":"2021-05-30T13:28:53","modified_gmt":"2021-05-30T10:28:53","slug":"teknoloji-odakli-sanayi-hamlesi-programi-ile-mobilite-cagrisi-tanitimi-yapildi","status":"publish","type":"post","link":"https:\/\/www.enerjigazetesi.ist\/en\/teknoloji-odakli-sanayi-hamlesi-programi-ile-mobilite-cagrisi-tanitimi-yapildi\/","title":{"rendered":"(Turkish) Teknoloji Odakl\u0131 Sanayi Hamlesi Prog. ile Mobilite \u00c7a\u011fr\u0131s\u0131 Tan\u0131t\u0131m\u0131 Yap\u0131ld\u0131"},"content":{"rendered":"<p class=\"qtranxs-available-languages-message qtranxs-available-languages-message-en\">Sorry, this entry is only available in <a href=\"https:\/\/www.enerjigazetesi.ist\/tr\/wp-json\/wp\/v2\/posts\/135780\" class=\"qtranxs-available-language-link qtranxs-available-language-link-tr\" title=\"Turkish\">Turkish<\/a>. For the sake of viewer convenience, the content is shown below in the alternative language. You may click the link to switch the active language.<\/p><p><\/p>\n<h1><strong>T\u00dcS\u0130AD Sanayi Politikalar\u0131 Yuvarlak Masas\u0131 faaliyetleri kapsam\u0131nda d\u00fczenlenen \u201cTeknoloji Odakl\u0131 Sanayi Hamlesi Program\u0131 Mobilite \u00c7a\u011fr\u0131s\u0131\u201d tan\u0131t\u0131m toplant\u0131s\u0131 28 May\u0131s 2021&#8217;de ger\u00e7ekle\u015fti.<\/strong><\/h1>\n<p>Etkinli\u011fin a\u00e7\u0131l\u0131\u015f konu\u015fmalar\u0131n\u0131 <strong>T\u00dcS\u0130AD Y\u00f6netim Kurulu \u00dcyesi ve Sanayi Politikalar\u0131 Yuvarlak Masa Ba\u015fkan\u0131 Dr. Fatih Kemal Ebi\u00e7lio\u011flu<\/strong> ile <strong>Sanayi ve Teknoloji Bakan Yard\u0131mc\u0131s\u0131 Mehmet Fatih Kac\u0131r<\/strong> yapt\u0131.<\/p>\n<p><strong><em><img loading=\"lazy\" class=\"alignright wp-image-135782\" src=\"https:\/\/www.enerjigazetesi.ist\/wp-content\/uploads\/2021\/05\/teknoloji-odakli-sanayi-hamlesi-programi-ile-mobilite-cagrisi-tanitimi-yapildi.jpg\" alt=\"\" width=\"320\" height=\"214\" srcset=\"https:\/\/www.enerjigazetesi.ist\/wp-content\/uploads\/2021\/05\/teknoloji-odakli-sanayi-hamlesi-programi-ile-mobilite-cagrisi-tanitimi-yapildi.jpg 550w, https:\/\/www.enerjigazetesi.ist\/wp-content\/uploads\/2021\/05\/teknoloji-odakli-sanayi-hamlesi-programi-ile-mobilite-cagrisi-tanitimi-yapildi-300x200.jpg 300w, https:\/\/www.enerjigazetesi.ist\/wp-content\/uploads\/2021\/05\/teknoloji-odakli-sanayi-hamlesi-programi-ile-mobilite-cagrisi-tanitimi-yapildi-500x334.jpg 500w, https:\/\/www.enerjigazetesi.ist\/wp-content\/uploads\/2021\/05\/teknoloji-odakli-sanayi-hamlesi-programi-ile-mobilite-cagrisi-tanitimi-yapildi-75x50.jpg 75w, https:\/\/www.enerjigazetesi.ist\/wp-content\/uploads\/2021\/05\/teknoloji-odakli-sanayi-hamlesi-programi-ile-mobilite-cagrisi-tanitimi-yapildi-450x300.jpg 450w\" sizes=\"(max-width: 320px) 100vw, 320px\" \/>Fatih Kemal Ebi\u00e7lio\u011flu: <\/em><\/strong>\u00a0<em>Stratejik \u00f6nemde olan \u00fcr\u00fcnler ba\u011flam\u0131nda yerelde \u00fcretimi destekleyen Hamle Program\u0131&#8217;n\u0131 \u00e7ok k\u0131ymetli buluyoruz.<\/em><\/p>\n<p>Ebi\u00e7lio\u011flu konu\u015fmas\u0131nda <span style=\"text-decoration: underline;\">\u015funlara de\u011findi:<\/span><\/p>\n<p><em>\u201c<strong>Rekabetin<\/strong> daha da <strong>derinle\u015fti\u011fi<\/strong> ve <strong>\u00e7e\u015fitlendi\u011fi<\/strong> g\u00fcn\u00fcm\u00fcz d\u00fcnyas\u0131nda <strong>sanayimizin y\u00fcksek katma de\u011ferli \u00fcretimini<\/strong> m\u00fcmk\u00fcn k\u0131lmak ve \u00fclkemizin<strong> k\u00fcresel de\u011fer zincirlerine<\/strong> ba\u015far\u0131l\u0131 bir \u015fekilde entegre olmas\u0131n\u0131 sa\u011flamak kritik \u00f6nemde. Bu \u00e7er\u00e7evede, stratejik \u00f6nemde olan \u00fcr\u00fcnler ba\u011flam\u0131nda yerelde \u00fcretimi destekleyerek \u00fclkemizin <strong>k\u00fcresel rekabet\u00e7ili\u011fini art\u0131rma<\/strong> amac\u0131yla Sanayi ve Teknoloji Bakanl\u0131\u011f\u0131m\u0131z taraf\u0131ndan hayata ge\u00e7irilen <strong>Teknoloji Odakl\u0131 Sanayi Hamlesi Program\u0131&#8217;n\u0131<\/strong> \u00e7ok k\u0131ymetli buluyoruz. Ba\u015fta Sanayi ve Teknoloji Bakanl\u0131\u011f\u0131m\u0131z olmak \u00fczere ileri \u00fcretimin \u00fclke \u00e7ap\u0131nda tesis edilmesi i\u00e7in <strong>azami \u00e7abay\u0131 sarf eden<\/strong> t\u00fcm kurum ve kurulu\u015flar\u0131m\u0131za m\u00fcte\u015fekkiriz.\u201d<\/em><\/p>\n<p>A\u00e7\u0131l\u0131\u015f sonras\u0131 toplant\u0131, <strong>Sanayi ve Teknoloji Bakanl\u0131\u011f\u0131 Stratejik Ara\u015ft\u0131rmalar ve Verimlilik Genel M\u00fcd\u00fcrl\u00fc\u011f\u00fc Program Y\u00f6netimi Dairesi Ba\u015fkan\u0131 Hakan Erten<\/strong>&#8216;in yapt\u0131\u011f\u0131 <strong>\u201cMobilite \u00c7a\u011fr\u0131s\u0131 Tan\u0131t\u0131m\u201d<\/strong> sunumu ile devam etti. Sunumu takiben ger\u00e7ekle\u015fen<strong> Soru-Cevap b\u00f6l\u00fcm\u00fcnde<\/strong> kat\u0131l\u0131mc\u0131lar\u0131n <strong>Hamle Program\u0131<\/strong> ve <strong>Mobilite \u00c7a\u011fr\u0131s\u0131<\/strong> ile ilgili sorular\u0131 yan\u0131tland\u0131. <strong>Etkinlik, Soru-Cevap b\u00f6l\u00fcm\u00fc<\/strong>n\u00fcn akabinde <strong>Sanayi ve Teknoloji Bakanl\u0131\u011f\u0131 Stratejik Ara\u015ft\u0131rmala<\/strong>r Genel M\u00fcd\u00fcr\u00fc <strong>Prof. Dr. \u0130lker Murat Ar<\/strong>&#8216;\u0131n kat\u0131l\u0131mc\u0131lar\u0131 <strong>Hamle Program\u0131<\/strong>&#8216;na ba\u015fvurmaya davet eden de\u011ferlendirmeleri ile sona erdi.<\/p>","protected":false},"excerpt":{"rendered":"<p>Sorry, this entry is only available in Turkish. For the sake of viewer convenience, the content is shown below in the alternative language. You may click the link to switch the active language. T\u00dcS\u0130AD Sanayi Politikalar\u0131 Yuvarlak Masas\u0131 faaliyetleri kapsam\u0131nda d\u00fczenlenen \u201cTeknoloji Odakl\u0131 Sanayi Hamlesi Program\u0131 Mobilite \u00c7a\u011fr\u0131s\u0131\u201d tan\u0131t\u0131m toplant\u0131s\u0131 28 May\u0131s 2021&#8217;de ger\u00e7ekle\u015fti. Etkinli\u011fin [&hellip;]<\/p>\n","protected":false},"author":1,"featured_media":135783,"comment_status":"open","ping_status":"open","sticky":false,"template":"","format":"standard","meta":[],"categories":[51,53,157],"tags":[91146,52259,47980,11567,91145],"views":84,"_links":{"self":[{"href":"https:\/\/www.enerjigazetesi.ist\/en\/wp-json\/wp\/v2\/posts\/135780"}],"collection":[{"href":"https:\/\/www.enerjigazetesi.ist\/en\/wp-json\/wp\/v2\/posts"}],"about":[{"href":"https:\/\/www.enerjigazetesi.ist\/en\/wp-json\/wp\/v2\/types\/post"}],"author":[{"embeddable":true,"href":"https:\/\/www.enerjigazetesi.ist\/en\/wp-json\/wp\/v2\/users\/1"}],"replies":[{"embeddable":true,"href":"https:\/\/www.enerjigazetesi.ist\/en\/wp-json\/wp\/v2\/comments?post=135780"}],"version-history":[{"count":0,"href":"https:\/\/www.enerjigazetesi.ist\/en\/wp-json\/wp\/v2\/posts\/135780\/revisions"}],"wp:featuredmedia":[{"embeddable":true,"href":"https:\/\/www.enerjigazetesi.ist\/en\/wp-json\/wp\/v2\/media\/135783"}],"wp:attachment":[{"href":"https:\/\/www.enerjigazetesi.ist\/en\/wp-json\/wp\/v2\/media?parent=135780"}],"wp:term":[{"taxonomy":"category","embeddable":true,"href":"https:\/\/www.enerjigazetesi.ist\/en\/wp-json\/wp\/v2\/categories?post=135780"},{"taxonomy":"post_tag","embeddable":true,"href":"https:\/\/www.enerjigazetesi.ist\/en\/wp-json\/wp\/v2\/tags?post=135780"}],"curies":[{"name":"wp","href":"https:\/\/api.w.org\/{rel}","templated":true}]}}