{"id":135765,"date":"2021-05-30T12:51:10","date_gmt":"2021-05-30T09:51:10","guid":{"rendered":"https:\/\/www.enerjigazetesi.ist\/?p=135765"},"modified":"2021-05-30T12:51:10","modified_gmt":"2021-05-30T09:51:10","slug":"yazlik-evlerde-isi-yalitiminin-onemi-daha-da-artti","status":"publish","type":"post","link":"https:\/\/www.enerjigazetesi.ist\/en\/yazlik-evlerde-isi-yalitiminin-onemi-daha-da-artti\/","title":{"rendered":"(Turkish) Yazl\u0131k Evlerde Is\u0131 Yal\u0131t\u0131m\u0131n\u0131n \u00d6nemi Daha da Artt\u0131"},"content":{"rendered":"<p class=\"qtranxs-available-languages-message qtranxs-available-languages-message-en\">Sorry, this entry is only available in <a href=\"https:\/\/www.enerjigazetesi.ist\/tr\/wp-json\/wp\/v2\/posts\/135765\" class=\"qtranxs-available-language-link qtranxs-available-language-link-tr\" title=\"Turkish\">Turkish<\/a>. For the sake of viewer convenience, the content is shown below in the alternative language. You may click the link to switch the active language.<\/p><p><\/p>\n<h1><strong>\u0130ZODER (Is\u0131 Su Ses ve Yang\u0131n Yal\u0131t\u0131mc\u0131lar\u0131 Derne\u011fi),\u00a0pandemi ko\u015fullar\u0131 nedeniyle kentlerde ya\u015fayanlar\u0131n yo\u011fun ilgi g\u00f6sterdi\u011fi yazl\u0131k evlerde \u0131s\u0131 yal\u0131t\u0131m\u0131n\u0131n gereklili\u011fine dikkat \u00e7ekti.\u00a0\u0130ZODER Ba\u015fkan\u0131 Levent G\u00f6k\u00e7e, \u201cY\u0131l genelinde kalma s\u00fcresinin uzad\u0131\u011f\u0131 yazl\u0131k evler \u0131s\u0131 yal\u0131t\u0131m\u0131 ile daha sa\u011fl\u0131kl\u0131 ve konforlu hale geldi\u011fi gibi, bu evlerde k\u0131\u015f\u0131n \u0131s\u0131tma, yaz\u0131n da so\u011futma amac\u0131yla harcanan enerjide y\u00fcksek oranlarda tasarruf sa\u011flan\u0131yor\u201d dedi.<\/strong><\/h1>\n<p>Pandemi nedeniyle bir\u00e7ok \u015fehirde <strong>m\u00fcstakil konutlara<\/strong> ve <strong>yazl\u0131k evlere<\/strong> ilginin y\u00fcksek oldu\u011funu <img loading=\"lazy\" class=\"alignright wp-image-135767\" src=\"https:\/\/www.enerjigazetesi.ist\/wp-content\/uploads\/2021\/05\/yazlik-evlerde-isi-yalitiminin-onemi-daha-da-artti.jpg\" alt=\"\" width=\"320\" height=\"190\" srcset=\"https:\/\/www.enerjigazetesi.ist\/wp-content\/uploads\/2021\/05\/yazlik-evlerde-isi-yalitiminin-onemi-daha-da-artti.jpg 550w, https:\/\/www.enerjigazetesi.ist\/wp-content\/uploads\/2021\/05\/yazlik-evlerde-isi-yalitiminin-onemi-daha-da-artti-300x178.jpg 300w, https:\/\/www.enerjigazetesi.ist\/wp-content\/uploads\/2021\/05\/yazlik-evlerde-isi-yalitiminin-onemi-daha-da-artti-500x296.jpg 500w, https:\/\/www.enerjigazetesi.ist\/wp-content\/uploads\/2021\/05\/yazlik-evlerde-isi-yalitiminin-onemi-daha-da-artti-80x47.jpg 80w\" sizes=\"(max-width: 320px) 100vw, 320px\" \/>belirten\u00a0<strong>\u0130ZODER Y\u00f6netim Kurulu Ba\u015fkan\u0131 Levent G\u00f6k\u00e7e<\/strong>, \u015funlar\u0131 s\u00f6yledi: <em>\u201cSalg\u0131n d\u00f6neminde ailece vakit ge\u00e7irilen g\u00fcvenli bir yuva olarak g\u00f6r\u00fclen<strong> yazl\u0131k evler, uzaktan \u00e7al\u0131\u015fma imk\u00e2n\u0131<\/strong> olanlar\u0131n da <strong>\u00f6zellikle tercih etti\u011fi konutlar<\/strong> oldu. Bu s\u00fcre\u00e7te konut sahipleri binalar\u0131nda <strong>tadilat<\/strong> ve <strong>yal\u0131t\u0131ma<\/strong> a\u011f\u0131rl\u0131k verdi. \u00d6zellikle\u00a0<strong>s\u0131cak<\/strong> ve\u00a0<strong>so\u011fuk iklim b\u00f6lgelerinde<\/strong> yer alan ve i\u00e7erisinde ya\u015fanmayan d\u00f6nemlerde iyi korunamad\u0131\u011f\u0131 i\u00e7in y\u0131pranan evlerin kullan\u0131m s\u00fcresi y\u0131l geneline yay\u0131l\u0131nca, <strong>tadilat<\/strong> ve <strong>yenileme i\u015flemleri<\/strong>ne daha fazla zaman ve kaynak ayr\u0131lmaya ba\u015fland\u0131.\u00a0Bu s\u00fcre\u00e7te <strong>binalarda \u0131s\u0131 yal\u0131m\u0131 uygulamalar\u0131<\/strong>n\u0131n da yap\u0131lmas\u0131 \u00e7ok b\u00fcy\u00fck \u00f6nem arz etti \u00e7\u00fcnk\u00fc <strong>\u0131s\u0131 yal\u0131t\u0131m\u0131<\/strong> sadece k\u0131\u015f aylar\u0131nda so\u011fu\u011fa kar\u015f\u0131 de\u011fil, yaz aylar\u0131nda da s\u0131ca\u011fa kar\u015f\u0131 al\u0131nabilecek en etkili \u00f6nemlerin ba\u015f\u0131nda geliyor.\u201d<\/em><\/p>\n<p>Yaz\u0131n klimalar\u0131n devreye girmesiyle, <strong>\u0131s\u0131 yal\u0131t\u0131m\u0131<\/strong> olmayan konutlarda<strong> enerji t\u00fcketimi<\/strong>nin daha da artt\u0131\u011f\u0131n\u0131 vurgulayan\u00a0<strong>Levent G\u00f6k\u00e7e<\/strong>, <em>\u201c<strong>Is\u0131 yal\u0131t\u0131m\u0131yla koruma<\/strong> alt\u0131na al\u0131nan evlerde<strong> k\u0131\u015f\u0131n \u0131s\u0131tma<\/strong>, <strong>yaz\u0131n da so\u011futma<\/strong> amac\u0131yla harcanan <strong>enerji t\u00fcketimi<\/strong>nde y\u00fcksek oranlarda <strong>tasarruf<\/strong> sa\u011flan\u0131yor.\u00a0Bug\u00fcn \u00fclke olarak binalarda kulland\u0131\u011f\u0131m\u0131z enerji miktar\u0131, toplam t\u00fcketti\u011fimiz enerjinin \u00e7ok \u00f6nemli bir k\u0131sm\u0131n\u0131, <strong>% 30<\/strong>\u2019u a\u015fm\u0131\u015f durumda. Dolay\u0131s\u0131yla yal\u0131t\u0131m\u0131n hepimizi ilgilendiren ciddi bir boyutu var. Alaca\u011f\u0131m\u0131z \u00f6nlemlerle hem <strong>yaz<\/strong> hem <strong>k\u0131\u015f mevsiminde<\/strong> enerji savurganl\u0131\u011f\u0131n\u0131n \u00f6n\u00fcne ge\u00e7memiz m\u00fcmk\u00fcn\u201d<\/em> diye konu\u015ftu.<\/p>","protected":false},"excerpt":{"rendered":"<p>Sorry, this entry is only available in Turkish. For the sake of viewer convenience, the content is shown below in the alternative language. You may click the link to switch the active language. \u0130ZODER (Is\u0131 Su Ses ve Yang\u0131n Yal\u0131t\u0131mc\u0131lar\u0131 Derne\u011fi),\u00a0pandemi ko\u015fullar\u0131 nedeniyle kentlerde ya\u015fayanlar\u0131n yo\u011fun ilgi g\u00f6sterdi\u011fi yazl\u0131k evlerde \u0131s\u0131 yal\u0131t\u0131m\u0131n\u0131n gereklili\u011fine dikkat \u00e7ekti.\u00a0\u0130ZODER [&hellip;]<\/p>\n","protected":false},"author":1,"featured_media":135768,"comment_status":"open","ping_status":"open","sticky":false,"template":"","format":"standard","meta":[],"categories":[51,53,52],"tags":[91140,49436,6850,91139,91138,43386,43363,52464],"views":100,"_links":{"self":[{"href":"https:\/\/www.enerjigazetesi.ist\/en\/wp-json\/wp\/v2\/posts\/135765"}],"collection":[{"href":"https:\/\/www.enerjigazetesi.ist\/en\/wp-json\/wp\/v2\/posts"}],"about":[{"href":"https:\/\/www.enerjigazetesi.ist\/en\/wp-json\/wp\/v2\/types\/post"}],"author":[{"embeddable":true,"href":"https:\/\/www.enerjigazetesi.ist\/en\/wp-json\/wp\/v2\/users\/1"}],"replies":[{"embeddable":true,"href":"https:\/\/www.enerjigazetesi.ist\/en\/wp-json\/wp\/v2\/comments?post=135765"}],"version-history":[{"count":0,"href":"https:\/\/www.enerjigazetesi.ist\/en\/wp-json\/wp\/v2\/posts\/135765\/revisions"}],"wp:featuredmedia":[{"embeddable":true,"href":"https:\/\/www.enerjigazetesi.ist\/en\/wp-json\/wp\/v2\/media\/135768"}],"wp:attachment":[{"href":"https:\/\/www.enerjigazetesi.ist\/en\/wp-json\/wp\/v2\/media?parent=135765"}],"wp:term":[{"taxonomy":"category","embeddable":true,"href":"https:\/\/www.enerjigazetesi.ist\/en\/wp-json\/wp\/v2\/categories?post=135765"},{"taxonomy":"post_tag","embeddable":true,"href":"https:\/\/www.enerjigazetesi.ist\/en\/wp-json\/wp\/v2\/tags?post=135765"}],"curies":[{"name":"wp","href":"https:\/\/api.w.org\/{rel}","templated":true}]}}