{"id":135683,"date":"2021-05-28T11:36:57","date_gmt":"2021-05-28T08:36:57","guid":{"rendered":"https:\/\/www.enerjigazetesi.ist\/?p=135683"},"modified":"2021-05-28T11:36:57","modified_gmt":"2021-05-28T08:36:57","slug":"cocuklarimizin-gozunden-is-sagligi-ve-guvenligi-resim-yarismasi-sonuclandi","status":"publish","type":"post","link":"https:\/\/www.enerjigazetesi.ist\/en\/cocuklarimizin-gozunden-is-sagligi-ve-guvenligi-resim-yarismasi-sonuclandi\/","title":{"rendered":"(Turkish) &#8221;\u00c7ocuklar\u0131m\u0131z\u0131n G\u00f6z\u00fcnden \u0130\u015f Sa\u011fl\u0131\u011f\u0131 ve G\u00fcvenli\u011fi&#8221; Resim Yar\u0131\u015fmas\u0131 Sonu\u00e7land\u0131"},"content":{"rendered":"<p class=\"qtranxs-available-languages-message qtranxs-available-languages-message-en\">Sorry, this entry is only available in <a href=\"https:\/\/www.enerjigazetesi.ist\/tr\/wp-json\/wp\/v2\/posts\/135683\" class=\"qtranxs-available-language-link qtranxs-available-language-link-tr\" title=\"Turkish\">Turkish<\/a>. For the sake of viewer convenience, the content is shown below in the alternative language. You may click the link to switch the active language.<\/p><p><\/p>\n<h1><strong>\u00c7oruh Elektrik Da\u011f\u0131t\u0131m A.\u015e.\u2019nin (\u00c7oruh EDA\u015e), 4-10 May\u0131s \u0130\u015f Sa\u011fl\u0131\u011f\u0131 ve G\u00fcvenli\u011fi (\u0130SG) Haftas\u0131 kapsam\u0131nda, \u00e7al\u0131\u015fanlar\u0131n\u0131n \u00e7ocuklar\u0131 aras\u0131nda d\u00fczenledi\u011fi \u201c\u00c7ocuklar\u0131m\u0131z\u0131n G\u00f6z\u00fcnden \u0130\u015f Sa\u011fl\u0131\u011f\u0131 ve G\u00fcvenli\u011fi\u201d resim yar\u0131\u015fmas\u0131n\u0131n kazananlar\u0131 belli oldu.<\/strong><\/h1>\n<p><strong>Artvin, Giresun, G\u00fcm\u00fc\u015fhane, Rize<\/strong> ve<strong> Trabzon<\/strong> illerinde, kesintisiz enerji parolas\u0131yla faaliyetlerini aral\u0131ks\u0131z s\u00fcrd\u00fcren \u00c7oruh EDA\u015e, <strong>04-10 May\u0131s \u0130\u015f Sa\u011fl\u0131\u011f\u0131 ve G\u00fcvenli\u011fi Haftas\u0131<\/strong> kapsam\u0131ndaki <img loading=\"lazy\" class=\"alignright wp-image-135688\" src=\"https:\/\/www.enerjigazetesi.ist\/wp-content\/uploads\/2021\/05\/cocuklarimizin-gozunden-is-sagligi-ve-guvenligi-resim-yarismasi-sonuclandi-3.jpg\" alt=\"\" width=\"320\" height=\"240\" srcset=\"https:\/\/www.enerjigazetesi.ist\/wp-content\/uploads\/2021\/05\/cocuklarimizin-gozunden-is-sagligi-ve-guvenligi-resim-yarismasi-sonuclandi-3.jpg 550w, https:\/\/www.enerjigazetesi.ist\/wp-content\/uploads\/2021\/05\/cocuklarimizin-gozunden-is-sagligi-ve-guvenligi-resim-yarismasi-sonuclandi-3-300x225.jpg 300w, https:\/\/www.enerjigazetesi.ist\/wp-content\/uploads\/2021\/05\/cocuklarimizin-gozunden-is-sagligi-ve-guvenligi-resim-yarismasi-sonuclandi-3-500x375.jpg 500w, https:\/\/www.enerjigazetesi.ist\/wp-content\/uploads\/2021\/05\/cocuklarimizin-gozunden-is-sagligi-ve-guvenligi-resim-yarismasi-sonuclandi-3-67x50.jpg 67w\" sizes=\"(max-width: 320px) 100vw, 320px\" \/>\u00e7al\u0131\u015fmalar\u0131yla fark\u0131ndal\u0131k yaratmaya devam ediyor. <strong>\u201c\u00c7ocuklar\u0131m\u0131z\u0131n G\u00f6z\u00fcnden \u0130\u015f Sa\u011fl\u0131\u011f\u0131 ve G\u00fcvenli\u011fi\u201d<\/strong> temas\u0131yla \u00c7oruh EDA\u015e \u00e7al\u0131\u015fanlar\u0131n\u0131n \u00e7ocuklar\u0131 aras\u0131nda d\u00fczenlenen <strong>resim yar\u0131\u015fmas\u0131<\/strong>n\u0131n kazananlar\u0131 d\u00fczenlenen t\u00f6renle a\u00e7\u0131kland\u0131.<\/p>\n<p>\u0130\u015f sa\u011fl\u0131\u011f\u0131 ve g\u00fcvenli\u011fi konusunda fark\u0131ndal\u0131\u011fa <strong>\u00e7ocuk g\u00f6z\u00fcnden<\/strong> dikkat \u00e7ekilen bu anlaml\u0131 projede \u00e7ocuklar, <strong>\u00e7izdikleri resimler<\/strong> ile <strong>hayal g\u00fc\u00e7lerini yetenekleriyle<\/strong> bulu\u015fturdu. Yar\u0131\u015fmada dereceye giren \u00e7ocuklar \u00f6d\u00fcllerini, \u00c7oruh EDA\u015e Da\u011f\u0131t\u0131m Operasyonlar\u0131 Genel M\u00fcd\u00fcr\u00fc<strong> \u00d6mer Kandemir<\/strong>\u2019in elinden ald\u0131.<\/p>\n<p>\u0130\u015f sa\u011fl\u0131\u011f\u0131 ve g\u00fcvenli\u011finin, enerji sekt\u00f6r\u00fcn\u00fcn ayr\u0131lmaz bir par\u00e7as\u0131 oldu\u011funu vurgulayan <strong>\u00c7oruh EDA\u015e Da\u011f\u0131t\u0131m Operasyonlar\u0131 Genel M\u00fcd\u00fcr\u00fc \u00d6mer Kandemir,<\/strong> \u201cHer i\u015fimizin, her toplant\u0131m\u0131z\u0131n ilk g\u00fcndemi i\u015f sa\u011fl\u0131\u011f\u0131 ve g\u00fcvenli\u011fi. \u00c7al\u0131\u015fmalar\u0131m\u0131z\u0131n temel hedefi, t\u00fcm birimlere <strong>365 g\u00fcn i\u015f g\u00fcvenli\u011fi k\u00fclt\u00fcr\u00fcn\u00fc a\u015f\u0131lamak<\/strong> ve <strong>bu k\u00fclt\u00fcr\u00fc g\u00f6r\u00fcn\u00fcr<\/strong> k\u0131lmak. T\u00fcm \u00e7al\u0131\u015fanlar\u0131m\u0131z\u0131n i\u015f kazas\u0131 ge\u00e7irmeden sahadaki faaliyetlerini devam ettirmesi her zaman birinci \u00f6nceli\u011fimiz. Fark\u0131ndal\u0131\u011f\u0131m\u0131za en b\u00fcy\u00fck katk\u0131y\u0131 \u00e7ocuklar\u0131m\u0131z\u0131n sunaca\u011f\u0131 d\u00fc\u015f\u00fcncesiyle ger\u00e7ekle\u015ftirilen <strong>i\u015f sa\u011fl\u0131\u011f\u0131 ve g\u00fcvenli\u011fi resim yar\u0131\u015fmam\u0131z\u0131n \u00f6d\u00fcl t\u00f6reni<\/strong>nde, bu g\u00fczel eserleri bizlere sunan b\u00fcy\u00fck ressamlara te\u015fekk\u00fcr ediyorum\u201d dedi.<\/p>\n<h2><strong>\u201cTemel dinami\u011fimiz i\u015f sa\u011fl\u0131\u011f\u0131 ve g\u00fcvenli\u011fi\u201d<\/strong><\/h2>\n<p><strong>5<\/strong> il ve<strong> 61<\/strong> il\u00e7ede yakla\u015f\u0131k <strong>1,5 milyon abone<\/strong>ye, <strong>1.377 ki\u015filik<\/strong> bir ekiple hizmet verdiklerinin alt\u0131n\u0131 \u00e7izen <strong>Kandemir,<\/strong> \u201cParolam\u0131z <strong>kesintisiz enerji arz\u0131 sa\u011flamak<\/strong>. Ancak bunu yaparken saha ekiplerimizden y\u00f6neticilerimize kadar her g\u00f6revdeki \u00e7al\u0131\u015fan\u0131m\u0131z i\u00e7in insan odakl\u0131, insan hayat\u0131n\u0131 ve mutlulu\u011funu \u00f6nceleyen planlamalar yapmakta,<strong> i\u015f sa\u011fl\u0131\u011f\u0131 ve g\u00fcvenli\u011fi<\/strong> konusunda t\u00fcm standartlar\u0131 hayata ge\u00e7irmekteyiz. Hangi i\u015f kolunda olursa olsun, her ak\u015fam i\u015f d\u00f6n\u00fc\u015f\u00fcnde sevdiklerimize ula\u015fman\u0131n, onlarla ayn\u0131 sofrada oturabilmenin <strong>mutlulu\u011fu<\/strong> ve <strong>huzurunu<\/strong> \u00e7al\u0131\u015fma hayat\u0131m\u0131z\u0131n sonuna kadar ya\u015famak i\u00e7in \u201c\u00f6nce i\u015f g\u00fcvenli\u011fi\u201d prensibini hi\u00e7 akl\u0131m\u0131zdan \u00e7\u0131karmamal\u0131y\u0131z\u201d \u015feklinde konu\u015ftu.<\/p>\n<p>Kurum i\u00e7i ileti\u015fim faaliyetlerinin \u00f6nemine de dikkat \u00e7ekilen projede <strong>\u00c7oruh EDA\u015e<\/strong>, s\u00fcrd\u00fcrd\u00fc\u011f\u00fc insan odakl\u0131 y\u00f6netim anlay\u0131\u015f\u0131yla hem <strong>abonelerine<\/strong> hem de<strong> insan kayna\u011f\u0131na y\u00f6nelik \u00e7al\u0131\u015fmalara<\/strong> aral\u0131ks\u0131z devam edilece\u011fini belirtti.<\/p>","protected":false},"excerpt":{"rendered":"<p>Sorry, this entry is only available in Turkish. For the sake of viewer convenience, the content is shown below in the alternative language. You may click the link to switch the active language. \u00c7oruh Elektrik Da\u011f\u0131t\u0131m A.\u015e.\u2019nin (\u00c7oruh EDA\u015e), 4-10 May\u0131s \u0130\u015f Sa\u011fl\u0131\u011f\u0131 ve G\u00fcvenli\u011fi (\u0130SG) Haftas\u0131 kapsam\u0131nda, \u00e7al\u0131\u015fanlar\u0131n\u0131n \u00e7ocuklar\u0131 aras\u0131nda d\u00fczenledi\u011fi \u201c\u00c7ocuklar\u0131m\u0131z\u0131n G\u00f6z\u00fcnden \u0130\u015f [&hellip;]<\/p>\n","protected":false},"author":1,"featured_media":135685,"comment_status":"open","ping_status":"open","sticky":false,"template":"","format":"standard","meta":[],"categories":[51,53],"tags":[91080,91079,82092,38288,53114,52259,90707,49294,90708],"views":94,"_links":{"self":[{"href":"https:\/\/www.enerjigazetesi.ist\/en\/wp-json\/wp\/v2\/posts\/135683"}],"collection":[{"href":"https:\/\/www.enerjigazetesi.ist\/en\/wp-json\/wp\/v2\/posts"}],"about":[{"href":"https:\/\/www.enerjigazetesi.ist\/en\/wp-json\/wp\/v2\/types\/post"}],"author":[{"embeddable":true,"href":"https:\/\/www.enerjigazetesi.ist\/en\/wp-json\/wp\/v2\/users\/1"}],"replies":[{"embeddable":true,"href":"https:\/\/www.enerjigazetesi.ist\/en\/wp-json\/wp\/v2\/comments?post=135683"}],"version-history":[{"count":0,"href":"https:\/\/www.enerjigazetesi.ist\/en\/wp-json\/wp\/v2\/posts\/135683\/revisions"}],"wp:featuredmedia":[{"embeddable":true,"href":"https:\/\/www.enerjigazetesi.ist\/en\/wp-json\/wp\/v2\/media\/135685"}],"wp:attachment":[{"href":"https:\/\/www.enerjigazetesi.ist\/en\/wp-json\/wp\/v2\/media?parent=135683"}],"wp:term":[{"taxonomy":"category","embeddable":true,"href":"https:\/\/www.enerjigazetesi.ist\/en\/wp-json\/wp\/v2\/categories?post=135683"},{"taxonomy":"post_tag","embeddable":true,"href":"https:\/\/www.enerjigazetesi.ist\/en\/wp-json\/wp\/v2\/tags?post=135683"}],"curies":[{"name":"wp","href":"https:\/\/api.w.org\/{rel}","templated":true}]}}