{"id":13564,"date":"2013-07-30T10:03:46","date_gmt":"2013-07-30T07:03:46","guid":{"rendered":"https:\/\/www.enerjigazetesi.ist\/?p=13564"},"modified":"2013-07-30T10:03:46","modified_gmt":"2013-07-30T07:03:46","slug":"almanya-gunes-elektriginde-surdurulebilir-yola-girdi","status":"publish","type":"post","link":"https:\/\/www.enerjigazetesi.ist\/en\/almanya-gunes-elektriginde-surdurulebilir-yola-girdi\/","title":{"rendered":"(Turkish) Almanya G\u00fcne\u015f Elektri\u011finde S\u00fcrd\u00fcr\u00fclebilir Yola Girdi"},"content":{"rendered":"<p class=\"qtranxs-available-languages-message qtranxs-available-languages-message-en\">Sorry, this entry is only available in <a href=\"https:\/\/www.enerjigazetesi.ist\/tr\/wp-json\/wp\/v2\/posts\/13564\" class=\"qtranxs-available-language-link qtranxs-available-language-link-tr\" title=\"Turkish\">Turkish<\/a>. For the sake of viewer convenience, the content is shown below in the alternative language. You may click the link to switch the active language.<\/p><p><strong>Almanya \u00c7evre Bakan\u0131 Peter Altmaier 5 y\u0131l i\u00e7inde Almanya&#8217;n\u0131n g\u00fcne\u015f elektri\u011finde\u00a0 52 GW&#8217;l\u0131k kurulu g\u00fcce ula\u015faca\u011f\u0131n\u0131 s\u00f6yledi.<\/strong><\/p>\n<p>Alman \u00c7evre Bakan\u0131 Peter Altmaier kat\u0131ld\u0131\u011f\u0131 bir toplant\u0131da Almanya&#8217;da g\u00fcne\u015f\u00a0 enerjisi alan\u0131nda yap\u0131lan reformlar\u0131n i\u015fe yarad\u0131\u011f\u0131n\u0131 ve \u00fclkenin g\u00fcne\u015f elektri\u011fi\u00a0 alan\u0131ndaki b\u00fcy\u00fcmesini s\u00fcrd\u00fcr\u00fclebilir bir yola soktu\u011funu s\u00f6yledi.<a href=\"https:\/\/www.enerjigazetesi.ist\/wp-content\/uploads\/2013\/05\/gunes-enerji-si-yatirim-basvurulari.jpg\"><img loading=\"lazy\" class=\"alignright size-medium wp-image-10640\" title=\"almanya-gunes-elektriginde-surdurulebilir-yola-girdi\" src=\"https:\/\/www.enerjigazetesi.ist\/wp-content\/uploads\/2013\/05\/gunes-enerji-si-yatirim-basvurulari-300x189.jpg\" alt=\"\" width=\"300\" height=\"189\" srcset=\"https:\/\/www.enerjigazetesi.ist\/wp-content\/uploads\/2013\/05\/gunes-enerji-si-yatirim-basvurulari-300x189.jpg 300w, https:\/\/www.enerjigazetesi.ist\/wp-content\/uploads\/2013\/05\/gunes-enerji-si-yatirim-basvurulari-80x50.jpg 80w, https:\/\/www.enerjigazetesi.ist\/wp-content\/uploads\/2013\/05\/gunes-enerji-si-yatirim-basvurulari.jpg 474w\" sizes=\"(max-width: 300px) 100vw, 300px\" \/><\/a><\/p>\n<p>Altmaier konu\u015fmas\u0131nda Almanya&#8217;n\u0131n g\u00fcne\u015f elektri\u011fi alan\u0131ndaki b\u00fcy\u00fcmesinin son\u00a0 \u00fc\u00e7 y\u0131lda kontrolden \u00e7\u0131kt\u0131\u011f\u0131n\u0131 fakat al\u0131m garantilerinin s\u0131n\u0131rland\u0131r\u0131lmas\u0131\u00a0 sayesinde bu b\u00fcy\u00fcmenin art\u0131k s\u00fcrd\u00fcr\u00fclebilir bir \u015fekilde devam etti\u011fini ifade\u00a0 etti.<\/p>\n<p>Almanya \u00c7evre Bakan\u0131 ayr\u0131ca g\u00fcne\u015f elektri\u011fi \u00fcretimine destek sa\u011flayan mevcut\u00a0 d\u00fczenlemelerin 52 GW&#8217;l\u0131k kurulu g\u00fc\u00e7 ile s\u0131n\u0131rl\u0131 oldu\u011funu hat\u0131rlat\u0131l\u0131rken, bu\u00a0 kurulu g\u00fcce ise 2017-2018 y\u0131llar\u0131 aras\u0131nda ula\u015f\u0131labilece\u011fini belirtti.<\/p>\n<p>Halihaz\u0131rda 34 GW&#8217;l\u0131k kurulu g\u00fc\u00e7 ile d\u00fcnyada g\u00fcne\u015f elektri\u011finin lider \u00fclkesi\u00a0 olan Almanya&#8217;da, y\u0131l\u0131n ilk alt\u0131 ay\u0131nda ise bu alanda 1.8 GW&#8217;l\u0131k kurulu g\u00fc\u00e7\u00a0 art\u0131\u015f\u0131 sa\u011fland\u0131. Bu art\u0131\u015f 2010-2012 y\u0131llar\u0131 aras\u0131ndaki d\u00f6nemde y\u0131ll\u0131k olarak 7\u00a0 GW&#8217;\u0131n \u00fczerinde ger\u00e7ekle\u015fmi\u015fti.<\/p>\n<p>Almanya h\u00fck\u00fcmeti 2012&#8217;de g\u00fcne\u015f elektri\u011fi alan\u0131ndaki d\u00fczenlemelerde\u00a0 de\u011fi\u015fikli\u011fe giderek al\u0131m garantisi sa\u011flanacak y\u0131ll\u0131k kurulumlar\u0131n 2.5-3 GW\u00a0 aral\u0131\u011f\u0131nda s\u0131n\u0131rlam\u0131\u015f ve ayn\u0131 y\u0131l\u0131n Nisan ay\u0131ndan itibaren al\u0131m garantilerini\u00a0 d\u00fc\u015f\u00fcrmeye ba\u015flam\u0131\u015ft\u0131.<\/p>\n<p>Kaynak: <a href=\"http:\/\/www.yesilekonomi.com\/yenilenebilir-enerji\/almanya-gunes-elektriginde-surdurulebilir-yola-girdi\" target=\"_blank\">Ye\u015fil Ekonomi<\/a><\/p>","protected":false},"excerpt":{"rendered":"<p>Sorry, this entry is only available in Turkish. For the sake of viewer convenience, the content is shown below in the alternative language. You may click the link to switch the active language.Almanya \u00c7evre Bakan\u0131 Peter Altmaier 5 y\u0131l i\u00e7inde Almanya&#8217;n\u0131n g\u00fcne\u015f elektri\u011finde\u00a0 52 GW&#8217;l\u0131k kurulu g\u00fcce ula\u015faca\u011f\u0131n\u0131 s\u00f6yledi. Alman \u00c7evre Bakan\u0131 Peter Altmaier kat\u0131ld\u0131\u011f\u0131 [&hellip;]<\/p>\n","protected":false},"author":1,"featured_media":10640,"comment_status":"open","ping_status":"open","sticky":false,"template":"","format":"standard","meta":[],"categories":[53,49],"tags":[929,63,67,165,227,1169,13],"views":730,"_links":{"self":[{"href":"https:\/\/www.enerjigazetesi.ist\/en\/wp-json\/wp\/v2\/posts\/13564"}],"collection":[{"href":"https:\/\/www.enerjigazetesi.ist\/en\/wp-json\/wp\/v2\/posts"}],"about":[{"href":"https:\/\/www.enerjigazetesi.ist\/en\/wp-json\/wp\/v2\/types\/post"}],"author":[{"embeddable":true,"href":"https:\/\/www.enerjigazetesi.ist\/en\/wp-json\/wp\/v2\/users\/1"}],"replies":[{"embeddable":true,"href":"https:\/\/www.enerjigazetesi.ist\/en\/wp-json\/wp\/v2\/comments?post=13564"}],"version-history":[{"count":2,"href":"https:\/\/www.enerjigazetesi.ist\/en\/wp-json\/wp\/v2\/posts\/13564\/revisions"}],"predecessor-version":[{"id":13566,"href":"https:\/\/www.enerjigazetesi.ist\/en\/wp-json\/wp\/v2\/posts\/13564\/revisions\/13566"}],"wp:featuredmedia":[{"embeddable":true,"href":"https:\/\/www.enerjigazetesi.ist\/en\/wp-json\/wp\/v2\/media\/10640"}],"wp:attachment":[{"href":"https:\/\/www.enerjigazetesi.ist\/en\/wp-json\/wp\/v2\/media?parent=13564"}],"wp:term":[{"taxonomy":"category","embeddable":true,"href":"https:\/\/www.enerjigazetesi.ist\/en\/wp-json\/wp\/v2\/categories?post=13564"},{"taxonomy":"post_tag","embeddable":true,"href":"https:\/\/www.enerjigazetesi.ist\/en\/wp-json\/wp\/v2\/tags?post=13564"}],"curies":[{"name":"wp","href":"https:\/\/api.w.org\/{rel}","templated":true}]}}