{"id":135630,"date":"2021-05-27T12:31:52","date_gmt":"2021-05-27T09:31:52","guid":{"rendered":"https:\/\/www.enerjigazetesi.ist\/?p=135630"},"modified":"2021-05-27T12:32:33","modified_gmt":"2021-05-27T09:32:33","slug":"ab-ipa-enerji-sektoru-teknik-yardim-prog-faz-iinin-kapanis-konferansi-yapildi","status":"publish","type":"post","link":"https:\/\/www.enerjigazetesi.ist\/en\/ab-ipa-enerji-sektoru-teknik-yardim-prog-faz-iinin-kapanis-konferansi-yapildi\/","title":{"rendered":"(Turkish) AB IPA Enerji Sek. Teknik Yard\u0131m Prog. Faz II&#8217;nin Kapan\u0131\u015f Konferans\u0131 Yap\u0131ld\u0131"},"content":{"rendered":"<p class=\"qtranxs-available-languages-message qtranxs-available-languages-message-en\">Sorry, this entry is only available in <a href=\"https:\/\/www.enerjigazetesi.ist\/tr\/wp-json\/wp\/v2\/posts\/135630\" class=\"qtranxs-available-language-link qtranxs-available-language-link-tr\" title=\"Turkish\">Turkish<\/a>. For the sake of viewer convenience, the content is shown below in the alternative language. You may click the link to switch the active language.<\/p><p><\/p>\n<h1>D\u00fcnya Bankas\u0131 ev sahipli\u011finde <strong>AB IPA Enerji Sekt\u00f6r\u00fc Teknik Yard\u0131m Program\u0131 Faz II Projesi Kapan\u0131\u015f Konferans\u0131, 26-27 May\u0131s 2021 tarihlerinde<\/strong> dijital olarak; \u00f6zel sekt\u00f6r, kamu, uluslararas\u0131 organizasyonlar\u0131n ve sivil toplum kurulu\u015flar\u0131ndan temsilcilerinin geni\u015f kat\u0131l\u0131m\u0131 ile ger\u00e7ekle\u015fti.<\/h1>\n<p><strong>Avrupa Birli\u011fi finansman\u0131<\/strong> ile <strong>D\u00fcnya Bankas\u0131<\/strong> ve <strong>Enerji ve Tabi Kaynaklar Bakanl\u0131\u011f\u0131<\/strong> taraf\u0131ndan <strong>2015 y\u0131l\u0131ndan bu yana<\/strong> y\u00fcr\u00fct\u00fclmekte olan <strong>AB IPA Enerji Sekt\u00f6r\u00fc Teknik Yard\u0131m Program\u0131 Faz II Projesi<\/strong>, AB taraf\u0131ndan finanse edilmektedir.<\/p>\n<p><img loading=\"lazy\" class=\"alignright wp-image-135633\" src=\"https:\/\/www.enerjigazetesi.ist\/wp-content\/uploads\/2021\/05\/ab-ipa-enerji-sektoru-teknik-yardim-prog-faz-iinin-kapanis-konferansi-yapildi.jpg\" alt=\"\" width=\"320\" height=\"166\" srcset=\"https:\/\/www.enerjigazetesi.ist\/wp-content\/uploads\/2021\/05\/ab-ipa-enerji-sektoru-teknik-yardim-prog-faz-iinin-kapanis-konferansi-yapildi.jpg 500w, https:\/\/www.enerjigazetesi.ist\/wp-content\/uploads\/2021\/05\/ab-ipa-enerji-sektoru-teknik-yardim-prog-faz-iinin-kapanis-konferansi-yapildi-300x156.jpg 300w, https:\/\/www.enerjigazetesi.ist\/wp-content\/uploads\/2021\/05\/ab-ipa-enerji-sektoru-teknik-yardim-prog-faz-iinin-kapanis-konferansi-yapildi-80x42.jpg 80w\" sizes=\"(max-width: 320px) 100vw, 320px\" \/>D\u00fcnya Bankas\u0131 T\u00fcrkiye \u00dclke Direkt\u00f6r\u00fc <strong>Auguste T. Kouam\u00e9<\/strong>, Kapan\u0131\u015f Konferans\u0131\u2019n\u0131n ilk g\u00fcn\u00fc olan <strong>26 May\u0131s 2021<\/strong> tarihinde yapt\u0131\u011f\u0131 konu\u015fmada <em>\u201cD\u00fcnya Bankas\u0131, T\u00fcrkiye&#8217;de <strong>enerji verimlili\u011fi, yenilenebilir enerji, enerji iletimi<\/strong> ve<strong> gaz iletimi<\/strong> ve <strong>depolamas\u0131<\/strong> alanlar\u0131nda finansman ve bilgi \u00e7al\u0131\u015fmas\u0131 yoluyla enerji sekt\u00f6r\u00fcn\u00fc d\u00f6n\u00fc\u015ft\u00fcrme \u00e7abalar\u0131nda<strong> uzun vadeli<\/strong> bir orta\u011f\u0131d\u0131r. 2014 y\u0131l\u0131ndan bu yana, <strong>AB Kat\u0131l\u0131m \u00d6ncesi Yard\u0131m Arac\u0131<\/strong> kapsam\u0131nda, enerji sekt\u00f6r\u00fcn\u00fcn gelece\u011fini \u015fekillendirmek i\u00e7in T\u00fcrkiye ile birlikte \u00e7al\u0131\u015f\u0131yoruz. D\u00fcnya Bankas\u0131, enerji sekt\u00f6r\u00fcnde rekabet\u00e7i <strong>gaz<\/strong> ve <strong>elektrik piyasalar\u0131n\u0131n<\/strong> geli\u015fimini, <strong>yenilenebilir enerji<\/strong> ve <strong>\u015febeke entegrasyonu<\/strong>nu,<strong> enerji verimlili\u011fini, enerji depolama sistemleri kullan\u0131m\u0131n\u0131<\/strong> ve kapsaml\u0131 kapasite geli\u015ftirme \u00e7al\u0131\u015fmalar\u0131n\u0131 desteklemek \u00fczere y\u0131llara yay\u0131lan <strong>25 milyon Avro<\/strong> b\u00fct\u00e7eli bu Projeyi hayata ge\u00e7irmi\u015ftir.\u00a0 Proje kapsam\u0131nda iki fazda <strong>politika, veri, modelleme<\/strong> ve <strong>enerji planlamas\u0131 \u00e7al\u0131\u015fmalar\u0131<\/strong> y\u00fcr\u00fct\u00fclm\u00fc\u015ft\u00fcr. Bu proje, hem politika olu\u015fturma hem de kurumsal g\u00fc\u00e7lendirme konusunda \u00f6nemli \u00e7\u0131kt\u0131lar \u00fcretmi\u015ftir. Bu proje ile D\u00fcnya Bankas\u0131&#8217;n\u0131n T\u00fcrkiye\u2019nin enerji sekt\u00f6r\u00fcndeki uzun soluklu angajman\u0131 daha da derinle\u015fmi\u015ftir. Bununla birlikte enerji stratejileri, planlama \u00e7abalar\u0131, taslak politika ve d\u00fczenlemeleri ile \u00e7e\u015fitli kamu giri\u015fimlerini ve programlar\u0131n\u0131 geli\u015ftirerek devlet kurumlar\u0131na toplu olarak de\u011ferli katk\u0131 sa\u011flad\u0131\u011f\u0131na inan\u0131yoruz. <strong>Enerji sekt\u00f6r\u00fcn\u00fc<\/strong> ve <strong>ye\u015fil d\u00f6n\u00fc\u015f\u00fcm\u00fc<\/strong> g\u00fc\u00e7lendirerek T\u00fcrkiye&#8217;nin ekonomisini g\u00fc\u00e7lendirme \u00e7al\u0131\u015fmalar\u0131n\u0131 desteklemeye kararl\u0131y\u0131z. T\u00fcrkiye&#8217;de<strong> s\u00fcrd\u00fcr\u00fclebilir, g\u00fcvenli<\/strong> ve<strong> rekabet\u00e7i<\/strong> bir enerji gelece\u011fi in\u015fa etmek i\u00e7in D\u00fcnya Bankas\u0131 ile Enerji ve Tabi Kaynaklar Bakanl\u0131\u011f\u0131 aras\u0131nda i\u015fbirli\u011finin g\u00fc\u00e7lenerek devam etmesini bekliyorum.\u201d<\/em> dedi.<\/p>\n<p>Avrupa Birli\u011fi T\u00fcrkiye Delegasyonu Ba\u015fkan\u0131<strong> Nikolaus Meyer-Landrut<\/strong> yapt\u0131\u011f\u0131 a\u00e7\u0131klamada <em>\u201cEkonominin t\u00fcm sekt\u00f6rlerinde enerji \u00fcretimi ve kullan\u0131m\u0131 Avrupa Birli\u011fi\u2019nin sera gaz\u0131 sal\u0131m\u0131nlar\u0131n\u0131n <strong>\u00fc\u00e7te ikisinden fazlas\u0131n\u0131<\/strong> olu\u015fturmaktad\u0131r. Bu pay T\u00fcrkiye\u2019de daha da y\u00fcksektir. Bu nedenle enerji \u00fcretim sekt\u00f6r\u00fc b\u00fcy\u00fck \u00f6l\u00e7\u00fcde yenilenebilir kaynaklara dayanan bir hale gelmek i\u00e7in h\u0131zl\u0131 hareket etmek durumundad\u0131r.\u00a0Hem T\u00fcrk h\u00fck\u00fcmeti hem de i\u015f d\u00fcnyas\u0131n\u0131 \u00fclkenin<strong> enerji pastas\u0131ndan yenilenebilir enerjinin pay\u0131<\/strong>n\u0131 art\u0131rma konusundaki ba\u015far\u0131lar\u0131ndan dolay\u0131ndan tebrik etmek isterim.\u00a0Bizler T\u00fcrkiye\u2019nin kendi <strong>hidrojen stratejisini<\/strong> ba\u015flatt\u0131\u011f\u0131n\u0131 biliyoruz ve bu<strong> hidrojen enerjiye<\/strong> olan ilgiyi de anl\u0131yoruz.\u00a0T\u00fcrkiye\u2019nin enerji sekt\u00f6r\u00fcn\u00fcn gelece\u011fini daha temiz k\u0131lacak (bu t\u00fcr) \u00e7evreci yakla\u015f\u0131mlar\u0131 desteklemekteyiz ve m\u00fc\u015fterek menfaatimize olacak \u015fekilde i\u015fbirli\u011fimizi s\u00fcrd\u00fcrmek arzusunday\u0131z.\u201d<\/em> dedi.<\/p>\n<p>Enerji ve Tabi Kaynaklar Bakan Yard\u0131mc\u0131s\u0131 <strong>Dr. Alparslan Bayraktar<\/strong> yapt\u0131\u011f\u0131 a\u00e7\u0131klamada \u201cBakanl\u0131k olarak \u00f6zellikle <strong>son 10 y\u0131lda<\/strong> <strong>yenilenebilir enerji, enerji verimlili\u011fi, enerji piyasas\u0131n\u0131n geli\u015ftirilmesi<\/strong> ve <strong>AB ile entegrasyon<\/strong> \u00e7al\u0131\u015fmalar\u0131m\u0131za h\u0131z verdik. AB ile Mali \u0130\u015fbirli\u011fimiz \u00e7er\u00e7evesinde, Kat\u0131l\u0131m \u00d6ncesi Yard\u0131m Arac\u0131, k\u0131saca IPA arac\u0131l\u0131\u011f\u0131yla, enerji sekt\u00f6r\u00fcnde ortak programlar y\u00fcr\u00fct\u00fcyoruz. Bu kapsamda, 2007 y\u0131l\u0131ndan bu yana enerji sekt\u00f6r\u00fcnde yakla\u015f\u0131k 106 milyon Avro tutar\u0131nda teknik yard\u0131m ve pilot altyap\u0131 yat\u0131r\u0131m\u0131 projelerini y\u00fcr\u00fctmekteyiz. Faz-II Program\u0131 kapsam\u0131nda haz\u0131rlad\u0131\u011f\u0131m\u0131z <strong>Ulusal Enerji Verimlili\u011fi Eylem Plan\u0131m\u0131z\u0131<\/strong> uygulayarak 2017-2020 d\u00f6neminde, 4,8 milyar dolar yat\u0131r\u0131m yap\u0131lm\u0131\u015f, toplam 1,2 milyar dolar tasarruf sa\u011flanarak 10 milyon ton emisyon azalt\u0131m\u0131 sa\u011flanm\u0131\u015ft\u0131r.\u00a0K\u00fcresel enerji d\u00f6n\u00fc\u015f\u00fcm\u00fcnde somut ba\u015far\u0131lara imza atabilmek i\u00e7in t\u00fcm payda\u015flarla e\u015fg\u00fcd\u00fcm halinde hareket etmek gerekmektedir. Biz de bu s\u00fcre\u00e7te, ba\u015fta t\u00fcketiciler olmak \u00fczere, \u00fcreticiler, finansal kurulu\u015flar, piyasa oyuncular\u0131 ve AB, D\u00fcnya Bankas\u0131, EBRD gibi kurulu\u015flarla i\u015f birli\u011fine devam ediyoruz.\u201d dedi.<\/p>\n<p>D\u00fcnya Bankas\u0131 i\u015fbirli\u011fi ile y\u00fcr\u00fct\u00fclen AB IPA Enerji Sekt\u00f6r\u00fc Teknik Yard\u0131m Program\u0131, T\u00fcrkiye&#8217;nin <strong>g\u00fcvenli, liberal<\/strong> ve <strong>\u015feffaf<\/strong> bir <strong>enerji piyasas\u0131<\/strong> olu\u015fturmas\u0131na yard\u0131mc\u0131 olmay\u0131 ama\u00e7lamaktad\u0131r. Program kapsam\u0131nda y\u00fcr\u00fct\u00fclen projelerde, T\u00fcrkiye\u2019de <strong>Avrupa Birli\u011fi m\u00fcktesebat\u0131<\/strong> ve<strong> Avrupa 2020 S\u00fcrd\u00fcr\u00fclebilir Enerji hedefleri<\/strong> ile <strong>uyumlu enerji piyasas\u0131 olu\u015fturulmas\u0131na<\/strong> y\u00f6nelik \u00e7al\u0131\u015fmalar ger\u00e7ekle\u015ftirilmi\u015ftir.<\/p>\n<p>D\u00fcnya Bankas\u0131 Proje y\u00f6neticisi K\u0131demli Enerji Uzman\u0131 <strong>Yasemin \u00d6r\u00fcc\u00fc<\/strong> yapt\u0131\u011f\u0131 a\u00e7\u0131klamada <em>&#8220;2014\u2019ten bu g\u00fcne devam eden D\u00fcnya Bankas\u0131 ve Enerji Bakanl\u0131\u011f\u0131 i\u015fbirli\u011fi, sekt\u00f6r\u00fcn \u00f6nemli g\u00fcndemlerinin isti\u015fare edildi\u011fi, uluslararas\u0131 uzmanlar\u0131n deneyim ve g\u00f6r\u00fc\u015fleriyle zenginle\u015ftirilmi\u015f \u00e7\u00f6z\u00fcmlere ula\u015f\u0131ld\u0131\u011f\u0131 bir platform olu\u015fmas\u0131na y\u00e2rdim etti. Bu kapsamda enerji depolama, enerji verimlili\u011fi yat\u0131r\u0131mlar\u0131 ile vadeli elektrik ve gaz piyasalar\u0131n\u0131n olu\u015fturulmas\u0131na y\u00f6nelik detayl\u0131 haz\u0131rl\u0131klar ger\u00e7ekle\u015ftirildi. Yine, uzun vadeli enerji planlamas\u0131 i\u00e7in olu\u015fturulan EST modeli bug\u00fcn aktif bir \u015fekilde ilgili ekiplerce kullan\u0131lmaktad\u0131r.&#8221; <\/em>dedi.<\/p>\n<p>Program, T\u00fcrkiye\u2019de ilgili kurum ve kurulu\u015flarda enerji verimlili\u011fi, yerel enerji piyasas\u0131 ve uzun d\u00f6nemli enerji planlama ile modelleme konular\u0131nda teknik ve idari kapasitenin geli\u015ftirilmesini hedeflemi\u015ftir. AB IPA Enerji Sekt\u00f6r\u00fc Teknik Yard\u0131m Program\u0131 Faz II Projesi kapsam\u0131nda;<\/p>\n<p>&#8211; 24 hidroelektrik santrali ve 1 termik santralde enerji verimlili\u011fi potansiyeli ve on fizibilite \u00e7al\u0131\u015fmalar\u0131 ger\u00e7ekle\u015ftirildi.<\/p>\n<p>&#8211; Ortalama turbin verimlilik potansiyelinin %2.3 olarak hesapland\u0131\u011f\u0131 proje kapsam\u0131nda \u00f6nerilen rehabilitasyon tedbirlerini uygulamas\u0131 halinde, EUAS\u2019in toplam elektrik \u00fcretiminde 2030 y\u0131l\u0131nda 340 GWh\u2019lik bir art\u0131\u015f sa\u011flayabilece\u011fi tespit edildi.<\/p>\n<p>&#8211; Batarya depolama teknolojilerine iliskin olarak teknik ve ekonomik fizibilite \u00e7al\u0131\u015fmalar\u0131 ger\u00e7ekle\u015ftirildi ve EPDK taraf\u0131ndan yay\u0131nlanan \u201cElektrik Piyasas\u0131nda Depolama Faaliyetleri Y\u00f6netmeli\u011fi\u2019nin haz\u0131rl\u0131k \u00e7al\u0131\u015fmalar\u0131na katk\u0131 sa\u011fland\u0131.<\/p>\n<p>&#8211; \u0130letim sisteminde verimlilik iyile\u015ftirmeleri ile y\u0131ll\u0131k yakla\u015f\u0131k 225,5 milyon Euro&#8217;luk toplam tasarruf potansiyeli belirlendi.<\/p>\n<p>&#8211; BOTAS taraf\u0131ndan i\u015fletilen do\u011falgaz iletim sisteminde y\u0131lda 2 milyon m3\u2019luk toplam gaz tasarrufu ve 3 kilotonluk y\u0131ll\u0131k karbon emsiyonu azalt\u0131m potansiyeli belirlendi.<\/p>\n<p>&#8211; Hem elektrik hem de gaz piyasalar\u0131n\u0131n d\u00fczenlenmesi, idaresi ve organizasyonun geli\u015ftirilmesine y\u00f6nelik \u00e7al\u0131\u015fmalar ger\u00e7ekle\u015ftirilerek EPIAS\u2019a sa\u011flanan kapsaml\u0131 destek ile vadeli elektrik ve do\u011falgaz piyasalar\u0131n\u0131n a\u00e7\u0131lmas\u0131 \u00e7al\u0131\u015fmalar\u0131na katk\u0131 verildi.<\/p>\n<p>&#8211; Fizibilite \u00e7al\u0131\u015fmalar\u0131n\u0131, \u00f6neri raporlar\u0131n\u0131 i\u00e7eren <strong>20&#8217;den fazla rapor<\/strong>, <strong>yol haritalar\u0131, taslak mevzuat<\/strong> haz\u0131rland\u0131.<\/p>\n<p>&#8211; Proje kapsam\u0131nda geli\u015ftirilen T\u00fcrkiye i\u00e7in <strong>Enerji Sistemi (EST) modeli<\/strong> ile <strong>uzun vadeli enerji projeksiyonlar\u0131<\/strong> ve <strong>alternatif senaryolar<\/strong> geli\u015ftirildi. <strong>ETKB<\/strong> taraf\u0131ndan iki y\u0131lda bir haz\u0131rlan\u0131p yay\u0131nlanan <strong>2020-2040 d\u00f6nemini<\/strong> kapsayan <strong>T\u00fcrkiye Elektrik Enerjisi Talep Projeksiyonu Raporu<\/strong> EST modeli kullan\u0131larak haz\u0131rland\u0131 ve yay\u0131nland\u0131.<\/p>\n<p>&#8211; Enerji veri merkezinin kurulmas\u0131 \u00e7al\u0131\u015fmalar\u0131 ger\u00e7ekle\u015ftirildi, proje kapsam\u0131nda geli\u015ftirilen <strong>Anket Bilgi Y\u00f6netim Sistemi (SIMS)<\/strong> arac\u0131l\u0131\u011f\u0131yla yakla\u015f\u0131k <strong>4000 kullan\u0131c\u0131dan<\/strong> enerji t\u00fcketim verileri toplanarak enerji denge tablolar\u0131na veri ak\u0131\u015f\u0131 iyile\u015ftirildi.<\/p>\n<p>&#8211; Sekt\u00f6rde 400 personele, <strong>enerji modeli<\/strong> ve <strong>veri merkezi<\/strong>nin <strong>verimli \u00e7al\u0131\u015fmas\u0131<\/strong> konular\u0131nda e\u011fitim verildi.<\/p>\n<p>&#8211; \u00dclke \u00e7ap\u0131nda <strong>enerji verimlili\u011fi<\/strong> ve <strong>yenilenebilir enerji bilincini art\u0131rma<\/strong> kampanyas\u0131 y\u00fcr\u00fct\u00fcld\u00fc. Sosyal medya kampanyalar\u0131 (TWITTER, INSTAGRAM) arac\u0131l\u0131\u011f\u0131yla 20 milyon kullan\u0131c\u0131ya ula\u015f\u0131ld\u0131.<\/p>\n<p><strong>\u0130lkokul \u00e7ocuklar\u0131na y\u00f6nelik<\/strong> haz\u0131rlanan <strong>enerji konulu<\/strong> \u00e7ocuk kitab\u0131 <strong>\u201cAli\u2019nin Enerji Ser\u00fcveni\u201d<\/strong> 1 milyon adet da\u011f\u0131t\u0131ld\u0131.<\/p>","protected":false},"excerpt":{"rendered":"<p>Sorry, this entry is only available in Turkish. For the sake of viewer convenience, the content is shown below in the alternative language. You may click the link to switch the active language. D\u00fcnya Bankas\u0131 ev sahipli\u011finde AB IPA Enerji Sekt\u00f6r\u00fc Teknik Yard\u0131m Program\u0131 Faz II Projesi Kapan\u0131\u015f Konferans\u0131, 26-27 May\u0131s 2021 tarihlerinde dijital olarak; [&hellip;]<\/p>\n","protected":false},"author":1,"featured_media":135633,"comment_status":"open","ping_status":"open","sticky":false,"template":"","format":"standard","meta":[],"categories":[53,52],"tags":[90995,91045,91046,7064,91047,12,58103,65027,105],"views":206,"_links":{"self":[{"href":"https:\/\/www.enerjigazetesi.ist\/en\/wp-json\/wp\/v2\/posts\/135630"}],"collection":[{"href":"https:\/\/www.enerjigazetesi.ist\/en\/wp-json\/wp\/v2\/posts"}],"about":[{"href":"https:\/\/www.enerjigazetesi.ist\/en\/wp-json\/wp\/v2\/types\/post"}],"author":[{"embeddable":true,"href":"https:\/\/www.enerjigazetesi.ist\/en\/wp-json\/wp\/v2\/users\/1"}],"replies":[{"embeddable":true,"href":"https:\/\/www.enerjigazetesi.ist\/en\/wp-json\/wp\/v2\/comments?post=135630"}],"version-history":[{"count":0,"href":"https:\/\/www.enerjigazetesi.ist\/en\/wp-json\/wp\/v2\/posts\/135630\/revisions"}],"wp:featuredmedia":[{"embeddable":true,"href":"https:\/\/www.enerjigazetesi.ist\/en\/wp-json\/wp\/v2\/media\/135633"}],"wp:attachment":[{"href":"https:\/\/www.enerjigazetesi.ist\/en\/wp-json\/wp\/v2\/media?parent=135630"}],"wp:term":[{"taxonomy":"category","embeddable":true,"href":"https:\/\/www.enerjigazetesi.ist\/en\/wp-json\/wp\/v2\/categories?post=135630"},{"taxonomy":"post_tag","embeddable":true,"href":"https:\/\/www.enerjigazetesi.ist\/en\/wp-json\/wp\/v2\/tags?post=135630"}],"curies":[{"name":"wp","href":"https:\/\/api.w.org\/{rel}","templated":true}]}}