{"id":135538,"date":"2021-05-25T14:38:10","date_gmt":"2021-05-25T11:38:10","guid":{"rendered":"https:\/\/www.enerjigazetesi.ist\/?p=135538"},"modified":"2021-05-25T14:38:10","modified_gmt":"2021-05-25T11:38:10","slug":"ab-ipa-enerji-teknik-yardim-programi-faz-ii-projesi-kapanis-konferansi-hk","status":"publish","type":"post","link":"https:\/\/www.enerjigazetesi.ist\/en\/ab-ipa-enerji-teknik-yardim-programi-faz-ii-projesi-kapanis-konferansi-hk\/","title":{"rendered":"(Turkish) AB IPA Enerji Teknik Yard\u0131m Program\u0131 Faz II Projesi Kapan\u0131\u015f Konferans\u0131 Hk."},"content":{"rendered":"<p class=\"qtranxs-available-languages-message qtranxs-available-languages-message-en\">Sorry, this entry is only available in <a href=\"https:\/\/www.enerjigazetesi.ist\/tr\/wp-json\/wp\/v2\/posts\/135538\" class=\"qtranxs-available-language-link qtranxs-available-language-link-tr\" title=\"Turkish\">Turkish<\/a>. For the sake of viewer convenience, the content is shown below in the alternative language. You may click the link to switch the active language.<\/p><p><\/p>\n<h1>D\u00fcnya Bankas\u0131 ev sahipli\u011finde 26-27 May\u0131s 2021 tarihlerinde dijital olarak d\u00fczenlenecek AB IPA Enerji Sekt\u00f6r\u00fc Teknik Yard\u0131m Program\u0131 Faz II Projesi Kapan\u0131\u015f Konferans\u0131&#8217;da sizi de aram\u0131zda g\u00f6rmekten mutlu oluruz.<\/h1>\n<p><strong>AB IPA Enerji Sekt\u00f6r\u00fc Teknik Yard\u0131m Program\u0131 Faz II Projesi<\/strong> AB taraf\u0131ndan finanse edilmekte olup, <strong>D\u00fcnya Bankas\u0131<\/strong> ve <strong>Enerji ve Tabi Kaynaklar Bakanl\u0131\u011f\u0131<\/strong> i\u015fbirli\u011fi ile <img loading=\"lazy\" class=\"alignright wp-image-135540\" src=\"https:\/\/www.enerjigazetesi.ist\/wp-content\/uploads\/2021\/05\/ab-ipa-enerji-teknik-yardim-programi-faz-ii-projesi-kapanis-konferansi-hk.jpg\" alt=\"\" width=\"320\" height=\"166\" srcset=\"https:\/\/www.enerjigazetesi.ist\/wp-content\/uploads\/2021\/05\/ab-ipa-enerji-teknik-yardim-programi-faz-ii-projesi-kapanis-konferansi-hk.jpg 550w, https:\/\/www.enerjigazetesi.ist\/wp-content\/uploads\/2021\/05\/ab-ipa-enerji-teknik-yardim-programi-faz-ii-projesi-kapanis-konferansi-hk-300x156.jpg 300w, https:\/\/www.enerjigazetesi.ist\/wp-content\/uploads\/2021\/05\/ab-ipa-enerji-teknik-yardim-programi-faz-ii-projesi-kapanis-konferansi-hk-500x260.jpg 500w, https:\/\/www.enerjigazetesi.ist\/wp-content\/uploads\/2021\/05\/ab-ipa-enerji-teknik-yardim-programi-faz-ii-projesi-kapanis-konferansi-hk-80x42.jpg 80w\" sizes=\"(max-width: 320px) 100vw, 320px\" \/>y\u00fcr\u00fct\u00fclmektedir.<\/p>\n<p><strong>26-27 May\u0131s 2021<\/strong> tarihlerinde <strong>saat 11:00<\/strong>&#8216;de ba\u015flayacak olan program\u0131n ilk b\u00f6l\u00fcm\u00fcndeki a\u00e7\u0131l\u0131\u015f konu\u015fmalar\u0131<em> D\u00fcnya Bankas\u0131 T\u00fcrkiye \u00dclke Direkt\u00f6r\u00fc<\/em> <strong>Auguste T. Kouam\u00e9<\/strong>, <em>Avrupa Birli\u011fi T\u00fcrkiye Delegasyonu Ba\u015fkan\u0131<\/em><strong> Nikolaus Meyer-Landrut<\/strong> ile <em>Enerji ve Tabi Kaynaklar Bakan Yard\u0131mc\u0131s\u0131<\/em> <strong>Dr. Alparslan Bayraktar<\/strong> taraf\u0131ndan ger\u00e7ekle\u015ftirilecek. Konferansa ayr\u0131ca <strong>G\u00fcven \u0130slamo\u011flu<\/strong> ve ekonomist ve f\u00fct\u00fcrist <strong>Ufuk Tarhan<\/strong> konuk konu\u015fmac\u0131 olarak kat\u0131lacak. <strong>2 g\u00fcn<\/strong> s\u00fcrecek <strong>Kapan\u0131\u015f Konferans\u0131<\/strong>&#8216;nda <strong>D\u00fcnya Bankas\u0131&#8217;n\u0131n<\/strong> yan\u0131 s\u0131ra\u00a0<strong>IEA, IRENA<\/strong> gibi kurulu\u015flardan, <strong>ulusal<\/strong> ve <strong>uluslararas\u0131 enerji d\u00fcnyas\u0131<\/strong>n\u0131n \u00f6nde gelen isimlerinin kat\u0131l\u0131m\u0131 ile ger\u00e7ekle\u015fecek panellerde <strong>T\u00fcrkiye enerji sekt\u00f6r\u00fc<\/strong> <strong>bug\u00fcn\u00fc<\/strong> ve<strong> yar\u0131n\u0131<\/strong> tart\u0131\u015f\u0131lacak.<\/p>\n<p><b>Detayl\u0131 Bilgi \u0130\u00e7in:\u00a0<\/b><a href=\"https:\/\/ipaenerjisektorprogrami.org\/\" target=\"_blank\" rel=\"nofollow noopener\">https:\/\/ipaenerjisektorprogrami.org\/<\/a> adresini ziyaret edebilirsiniz.<\/p>","protected":false},"excerpt":{"rendered":"<p>Sorry, this entry is only available in Turkish. For the sake of viewer convenience, the content is shown below in the alternative language. You may click the link to switch the active language. D\u00fcnya Bankas\u0131 ev sahipli\u011finde 26-27 May\u0131s 2021 tarihlerinde dijital olarak d\u00fczenlenecek AB IPA Enerji Sekt\u00f6r\u00fc Teknik Yard\u0131m Program\u0131 Faz II Projesi Kapan\u0131\u015f [&hellip;]<\/p>\n","protected":false},"author":1,"featured_media":135540,"comment_status":"open","ping_status":"open","sticky":false,"template":"","format":"standard","meta":[],"categories":[51,53],"tags":[90995,84190,6966,33872,90996],"views":215,"_links":{"self":[{"href":"https:\/\/www.enerjigazetesi.ist\/en\/wp-json\/wp\/v2\/posts\/135538"}],"collection":[{"href":"https:\/\/www.enerjigazetesi.ist\/en\/wp-json\/wp\/v2\/posts"}],"about":[{"href":"https:\/\/www.enerjigazetesi.ist\/en\/wp-json\/wp\/v2\/types\/post"}],"author":[{"embeddable":true,"href":"https:\/\/www.enerjigazetesi.ist\/en\/wp-json\/wp\/v2\/users\/1"}],"replies":[{"embeddable":true,"href":"https:\/\/www.enerjigazetesi.ist\/en\/wp-json\/wp\/v2\/comments?post=135538"}],"version-history":[{"count":0,"href":"https:\/\/www.enerjigazetesi.ist\/en\/wp-json\/wp\/v2\/posts\/135538\/revisions"}],"wp:featuredmedia":[{"embeddable":true,"href":"https:\/\/www.enerjigazetesi.ist\/en\/wp-json\/wp\/v2\/media\/135540"}],"wp:attachment":[{"href":"https:\/\/www.enerjigazetesi.ist\/en\/wp-json\/wp\/v2\/media?parent=135538"}],"wp:term":[{"taxonomy":"category","embeddable":true,"href":"https:\/\/www.enerjigazetesi.ist\/en\/wp-json\/wp\/v2\/categories?post=135538"},{"taxonomy":"post_tag","embeddable":true,"href":"https:\/\/www.enerjigazetesi.ist\/en\/wp-json\/wp\/v2\/tags?post=135538"}],"curies":[{"name":"wp","href":"https:\/\/api.w.org\/{rel}","templated":true}]}}