{"id":135525,"date":"2021-05-25T13:59:32","date_gmt":"2021-05-25T10:59:32","guid":{"rendered":"https:\/\/www.enerjigazetesi.ist\/?p=135525"},"modified":"2021-05-25T13:59:44","modified_gmt":"2021-05-25T10:59:44","slug":"surdurulebilir-yasam-film-gunleri-syfg-karsta-27-mayista-basliyor","status":"publish","type":"post","link":"https:\/\/www.enerjigazetesi.ist\/en\/surdurulebilir-yasam-film-gunleri-syfg-karsta-27-mayista-basliyor\/","title":{"rendered":"(Turkish) S\u00fcrd\u00fcr\u00fclebilir Ya\u015fam Film G\u00fcnleri (SYFG) Kars&#8217;ta 27 May\u0131s&#8217;ta Ba\u015fl\u0131yor!"},"content":{"rendered":"<p class=\"qtranxs-available-languages-message qtranxs-available-languages-message-en\">Sorry, this entry is only available in <a href=\"https:\/\/www.enerjigazetesi.ist\/tr\/wp-json\/wp\/v2\/posts\/135525\" class=\"qtranxs-available-language-link qtranxs-available-language-link-tr\" title=\"Turkish\">Turkish<\/a>. For the sake of viewer convenience, the content is shown below in the alternative language. You may click the link to switch the active language.<\/p><p><\/p>\n<h1>Movies that Matter ve UNDP T\u00fcrkiye deste\u011fi ile S\u00fcrd\u00fcr\u00fclebilir Ya\u015fam Film Festivali se\u00e7kisinden 12 belgeselin yer alaca\u011f\u0131 S\u00fcrd\u00fcr\u00fclebilir Ya\u015fam Film G\u00fcnleri (SYFG) Kars organizasyonu, Kars Sinema Toplulu\u011fu, Ardahan Sinema Toplulu\u011fu, Bo\u011fatepe \u00c7evre ve Ya\u015fam Derne\u011fi, Kars 7Sanat Derne\u011fi ve KuzeyDo\u011fa Derne\u011fi taraf\u0131ndan 27 May\u0131s &#8211; 01 Haziran 2021 tarihlerinde \u00e7evrimi\u00e7i ger\u00e7ekle\u015fecek.<\/h1>\n<h2><strong>Program<\/strong><\/h2>\n<p><strong>Ekolojik<\/strong> ve <strong>sosyal sorunlar\u0131n<\/strong> birbiriyle ili\u015fkisini<strong> s\u00fcrd\u00fcr\u00fclebilirlik perspektifi<\/strong> ile ili\u015fkilendirilerek <strong>daha kapsaml\u0131<\/strong> ve <strong>geni\u015f bak\u0131\u015f a\u00e7\u0131s\u0131yla<\/strong> ele alan <strong>SYFG<\/strong>\u2019de <strong>film g\u00f6sterimleri<\/strong>nin yan\u0131 s\u0131ra davetli konu\u015fmac\u0131larla <strong>\u00e7evrim i\u00e7i panel<\/strong> ve<strong> tart\u0131\u015fmalar<\/strong> yer alacak. Programda Deniz Zeyrek (Gazeteci), Zeynep Ba\u015f (\u0130kizdere Vadisi Aktivisti), Co\u015fkun Aral (Sava\u015f muhabiri, gazeteci), \u0130lhan Ko\u00e7ulu (Bo\u011fatepe \u00c7evre ve Ya\u015fam Derne\u011fi Kurucusu-Ba\u015fkan\u0131), P\u0131nar Kaftanc\u0131o\u011flu (\u0130pek Han\u0131m&#8217;\u0131n \u00c7iftli\u011fi Sahibi), H\u00fcsn\u00fcye Aydar (Bo\u011fatepe K\u00f6y\u00fc \u00c7evre ve Ya\u015fam Derne\u011fi), Emrah \u00c7oban (KuzeyDo\u011fa Derne\u011fi, Biyolog), Zuhal Okuyan (Prof. Dr. Halk Sa\u011fl\u0131\u011f\u0131 Uzman\u0131), Alper Ak\u00e7am (Emekli Genel Cerrahi Uzman\u0131, Yazar) ve Nida G\u00f6n\u00fcl (Ayakkab\u0131 ve Aksesuar Tasar\u0131mc\u0131s\u0131) izleyicilerle \u00e7evrimi\u00e7i s\u00f6yle\u015filer ger\u00e7ekle\u015ftirecek.<\/p>\n<p style=\"text-align: center;\"><img loading=\"lazy\" class=\"aligncenter wp-image-135529\" src=\"https:\/\/www.enerjigazetesi.ist\/wp-content\/uploads\/2021\/05\/surdurulebilir-yasam-film-gunleri-syfg-karsta-27-mayista-basliyor-1.jpg\" alt=\"\" width=\"500\" height=\"278\" srcset=\"https:\/\/www.enerjigazetesi.ist\/wp-content\/uploads\/2021\/05\/surdurulebilir-yasam-film-gunleri-syfg-karsta-27-mayista-basliyor-1.jpg 550w, https:\/\/www.enerjigazetesi.ist\/wp-content\/uploads\/2021\/05\/surdurulebilir-yasam-film-gunleri-syfg-karsta-27-mayista-basliyor-1-300x167.jpg 300w, https:\/\/www.enerjigazetesi.ist\/wp-content\/uploads\/2021\/05\/surdurulebilir-yasam-film-gunleri-syfg-karsta-27-mayista-basliyor-1-500x278.jpg 500w, https:\/\/www.enerjigazetesi.ist\/wp-content\/uploads\/2021\/05\/surdurulebilir-yasam-film-gunleri-syfg-karsta-27-mayista-basliyor-1-80x45.jpg 80w\" sizes=\"(max-width: 500px) 100vw, 500px\" \/><\/p>\n<p><span style=\"text-decoration: underline;\">SYFG se\u00e7kisi;<\/span> temel sa\u011fl\u0131k hizmetlerinden<strong> \u00e7ocuk i\u015f\u00e7ili\u011fi<\/strong> ve <strong>\u00e7ocuk k\u00f6leli\u011fine<\/strong>, <strong>g\u0131da<\/strong> ve<strong> tekstil sekt\u00f6rlerinde<\/strong> sorumlu tedarik zincirinden<strong> \u00e7at\u0131\u015fma<\/strong> ve<strong> sava\u015fa, iklim de\u011fi\u015fikli\u011finden<\/strong> enerji sorunlar\u0131na,<strong> suya eri\u015fim<\/strong> hakk\u0131ndan <strong>zehirsiz g\u0131daya eri\u015fime<\/strong> bir\u00e7ok temel meseleyi b\u00fct\u00fcnc\u00fcl bir bak\u0131\u015f a\u00e7\u0131s\u0131yla ele alan ve yarat\u0131c\u0131 \u00e7\u00f6z\u00fcmlerle <strong>ilham veren belgesellerden<\/strong> olu\u015fmaktad\u0131r. <strong>Ekolojik<\/strong> ve <strong>sosyal sistemlerin birbiriyle ili\u015fkisini<\/strong> g\u00f6zler \u00f6n\u00fcne seren filmler ayn\u0131 zamanda <strong>\u00e7\u00f6z\u00fcm odakl\u0131 insanlar\u0131n<\/strong> fark yaratan <strong>sosyal giri\u015fimlerini<\/strong> aktarmaktad\u0131r.<\/p>\n<p>SYFG&#8217;ye kat\u0131lmak i\u00e7in \u00f6nce <strong>&#8220;Takip\u00e7i&#8221;<\/strong> kayd\u0131 yap\u0131lmas\u0131 ve ard\u0131ndan<strong> seanslara kay\u0131t olunmas\u0131<\/strong> gerekmektedir.<\/p>\n<p>T\u00fcm g\u00f6sterimler <strong>\u00fccretsizdir<\/strong>. <strong>Film seanslar\u0131na<\/strong> kay\u0131t yapt\u0131\u011f\u0131n\u0131zda <strong>seans g\u00fcn\u00fc<\/strong> ve <strong>saati<\/strong> geldi\u011finde web sitesinden filmlere ula\u015fabileceksiniz. <span style=\"text-decoration: underline;\">Kay\u0131t i\u00e7in:<\/span><\/p>\n<p>&#8211; net&#8217;e <strong>&#8220;TAK\u0130P\u00c7\u0130 OL&#8221;<\/strong> formundan kay\u0131t yap\u0131n<\/p>\n<p>&#8211; E-posta adresinize gelen <strong>AKT\u0130VASYON<\/strong> ba\u011flant\u0131s\u0131n\u0131 t\u0131klay\u0131n<\/p>\n<p>&#8211; \u015eifrenizle websitesine giri\u015f yap\u0131n<\/p>\n<p>&#8211; \u0130zlemek <strong>istedi\u011finiz filmleri<\/strong> ve <strong>g\u00f6sterilece\u011fi seanslar\u0131<\/strong> se\u00e7ip <strong>KAYDOL&#8217;u<\/strong> t\u0131klay\u0131n<\/p>\n<p>&#8211; <strong>Etkinlik g\u00fcn\u00fc \u015fifrenizle sayfaya giri\u015f<\/strong> yap\u0131p etkinlik sayfas\u0131nda se\u00e7ti\u011finiz seanslar\u0131n ba\u015flang\u0131\u00e7 saatinde g\u00f6r\u00fcnecek olan <strong>k\u0131rm\u0131z\u0131 renkli \u0130ZLE&#8217;yi<\/strong> t\u0131klay\u0131n<\/p>\n<p>&#8211; <strong>Filmleri etkinlik saatinin<\/strong> ba\u015flang\u0131c\u0131ndan itibaren, <strong>filmlerin biti\u015finden<\/strong> sonraki<strong> 2 saat boyunca<\/strong> izleyebilirsiniz.<\/p>\n<p>&#8211; Seanslar\u0131n ard\u0131nda <strong>yer alan sohbetlere<\/strong> her senas\u0131n alt\u0131ndaki <strong>&#8220;Yan Etkinlikler&#8221;<\/strong>i t\u0131klad\u0131\u011f\u0131n\u0131zda a\u00e7\u0131lan pencerede bulunan<strong> ba\u011flant\u0131lar \u00fczerinden<\/strong> kat\u0131labilirsiniz.<\/p>\n<p><strong>SYFG Se\u00e7kisi <\/strong>temel sa\u011fl\u0131k hizmetlerinden <strong>\u00e7ocuk i\u015f\u00e7ili\u011fi<\/strong> ve <strong>\u00e7ocuk k\u00f6leli\u011fi<\/strong>ne,<strong> g\u0131da<\/strong> ve <strong>tekstil sekt\u00f6rlerinde<\/strong> sorumlu tedarik zincirinden <strong>\u00e7at\u0131\u015fma<\/strong> ve<strong> sava\u015fa, iklim de\u011fi\u015fikli\u011finden enerji sorunlar\u0131na<\/strong>, suya eri\u015fim hakk\u0131ndan<strong> zehirsiz g\u0131daya eri\u015fime<\/strong> bir\u00e7ok temel meseleyi <strong>b\u00fct\u00fcnc\u00fcl bir bak\u0131\u015f a\u00e7\u0131s\u0131yla<\/strong> ele alan ve <strong>yarat\u0131c\u0131 \u00e7\u00f6z\u00fcmlerle ilham veren<\/strong> belgesellerden olu\u015fmaktad\u0131r. <strong>Ekolojik<\/strong> ve <strong>sosyal sistemlerin<\/strong> birbiriyle ili\u015fkisini g\u00f6zler \u00f6n\u00fcne seren <strong>filmler<\/strong> ayn\u0131 zamanda \u00e7\u00f6z\u00fcm odakl\u0131 insanlar\u0131n<strong> fark yaratan sosyal giri\u015fimlerini<\/strong> aktarmaktad\u0131r.<\/p>\n<p><a href=\"http:\/\/www.surdurulebiliryasamfilmfestivali.org\/filmler\/guc-bizde-our-power\/\">G\u00fc\u00e7 Bizde\/Our Power<\/a> 9\u2019<\/p>\n<p><a href=\"http:\/\/www.surdurulebiliryasamfilmfestivali.org\/filmler\/secme-vakti-time-to-choose\/\">Se\u00e7me Vakti\/Time to Choose<\/a> 100\u2019<\/p>\n<p><a href=\"http:\/\/www.surdurulebiliryasamfilmfestivali.org\/filmler\/bataklik-hayalleri-marshland-dreams\/\">Batakl\u0131k Hayalleri\/Marshland Dreams<\/a> 7\u2019<\/p>\n<p><a href=\"http:\/\/www.surdurulebiliryasamfilmfestivali.org\/filmler\/cikolata-davasi-the-chocolate-case\/\">\u00c7ikolata Davas\u0131\/The Chocolate Case<\/a> 90\u2019<\/p>\n<p><a href=\"http:\/\/www.surdurulebiliryasamfilmfestivali.org\/filmler\/ecopeace-orta-dogu-ecopeace-middle-east\/\">EcoPeace Orta Do\u011fu\/EcoPeace Middle East <\/a>5\u2019<\/p>\n<p><a href=\"http:\/\/www.surdurulebiliryasamfilmfestivali.org\/filmler\/yorungeyi-degistirenler-bending-the-arc\/\">Y\u00f6r\u00fcngeyi De\u011fi\u015ftirenler\/Bending the Arc<\/a> 102\u2019<\/p>\n<p><a href=\"http:\/\/www.surdurulebiliryasamfilmfestivali.org\/filmler\/musterekler-algisi-a-commons-sense\/\">M\u00fc\u015fterekler Alg\u0131s\u0131\/A Commons Sense<\/a> 8\u2019<\/p>\n<p><a href=\"http:\/\/www.surdurulebiliryasamfilmfestivali.org\/filmler\/gercek-bedel-the-true-cost\/\">Ger\u00e7ek Bedel\/The True Cost<\/a> 92\u2019<\/p>\n<p><a href=\"http:\/\/www.surdurulebiliryasamfilmfestivali.org\/filmler\/angaza-angaza\/\">Angaza<\/a> 5\u2019<\/p>\n<p><a href=\"https:\/\/www.surdurulebiliryasamfilmfestivali.org\/filmler\/zehirsiz-sofralar-no-pesticides-on-my-plate\/\">Zehirsiz Sofralar\/No Pesticides on my Plate<\/a> 42\u2019<\/p>\n<p><a href=\"http:\/\/www.surdurulebiliryasamfilmfestivali.org\/filmler\/ortak-bir-hak-a-common-right-uganda\/\">Ortak Bir Hak \/A Common Right Uganda<\/a> 8\u2019<\/p>\n<p><a href=\"http:\/\/www.surdurulebiliryasamfilmfestivali.org\/filmler\/kongo-mahkemesi-the-congo-tribunal\/\">Kongo Mahkemesi\/The Congo Tribunal<\/a> 100\u2019<\/p>\n<p><strong>SYFG \u00f6\u011frenciler<\/strong> ve <strong>akademisyenlerin<\/strong> yan\u0131 s\u0131ra <strong>yerel y\u00f6netimler, kamu<\/strong> ve <strong>\u00f6zel sekt\u00f6r, STK<\/strong> ve <strong>e\u011fitim kurumlar\u0131ndan<\/strong> kat\u0131l\u0131mc\u0131lar\u0131n ve <strong>s\u00fcrd\u00fcr\u00fclebilirlik<\/strong> konusuna ilgi duyan herkesin kat\u0131l\u0131m\u0131na a\u00e7\u0131kt\u0131r. Etkinli\u011fe kat\u0131lmak i\u00e7in \u00f6nce <u><strong>SurdurulebilirYasam.net<\/strong>\u2019de <\/u>&#8220;<strong>Takip\u00e7i<\/strong>&#8221; kayd\u0131 yap\u0131lmas\u0131 ve ard\u0131ndan <strong>seanslara kay\u0131t olunmas\u0131<\/strong> gerekmektedir.<\/p>\n<h2><strong><em>Program ve Detayl\u0131 Bilgisi \u0130\u00e7in:<\/em><\/strong><\/h2>\n<p>&#8211; \u0130nan Ercan e-posta: <a href=\"mailto:rcn3673@hotmail.com\">rcn3673@hotmail.com<\/a>\u00a0&#8211; gsm: 0506 711 89 17<\/p>\n<p>&#8211; Kars Sinema Toplulu\u011fu @sinekars<\/p>\n<p>&#8211; Ardahan Sinema Toplulu\u011fu @sineardahan<\/p>\n<p>&#8211; Kars 7Sanat Derne\u011fi<\/p>\n<p>&#8211; Bo\u011fatepe \u00c7evre ve Ya\u015fam Derne\u011fi<\/p>\n<p>&#8211; KuzeyDo\u011fa Derne\u011fi<\/p>","protected":false},"excerpt":{"rendered":"<p>Sorry, this entry is only available in Turkish. For the sake of viewer convenience, the content is shown below in the alternative language. You may click the link to switch the active language. Movies that Matter ve UNDP T\u00fcrkiye deste\u011fi ile S\u00fcrd\u00fcr\u00fclebilir Ya\u015fam Film Festivali se\u00e7kisinden 12 belgeselin yer alaca\u011f\u0131 S\u00fcrd\u00fcr\u00fclebilir Ya\u015fam Film G\u00fcnleri (SYFG) [&hellip;]<\/p>\n","protected":false},"author":1,"featured_media":135529,"comment_status":"open","ping_status":"open","sticky":false,"template":"","format":"standard","meta":[],"categories":[53,52],"tags":[90992,90990,4388,90991,90993,57125,54948],"views":205,"_links":{"self":[{"href":"https:\/\/www.enerjigazetesi.ist\/en\/wp-json\/wp\/v2\/posts\/135525"}],"collection":[{"href":"https:\/\/www.enerjigazetesi.ist\/en\/wp-json\/wp\/v2\/posts"}],"about":[{"href":"https:\/\/www.enerjigazetesi.ist\/en\/wp-json\/wp\/v2\/types\/post"}],"author":[{"embeddable":true,"href":"https:\/\/www.enerjigazetesi.ist\/en\/wp-json\/wp\/v2\/users\/1"}],"replies":[{"embeddable":true,"href":"https:\/\/www.enerjigazetesi.ist\/en\/wp-json\/wp\/v2\/comments?post=135525"}],"version-history":[{"count":0,"href":"https:\/\/www.enerjigazetesi.ist\/en\/wp-json\/wp\/v2\/posts\/135525\/revisions"}],"wp:featuredmedia":[{"embeddable":true,"href":"https:\/\/www.enerjigazetesi.ist\/en\/wp-json\/wp\/v2\/media\/135529"}],"wp:attachment":[{"href":"https:\/\/www.enerjigazetesi.ist\/en\/wp-json\/wp\/v2\/media?parent=135525"}],"wp:term":[{"taxonomy":"category","embeddable":true,"href":"https:\/\/www.enerjigazetesi.ist\/en\/wp-json\/wp\/v2\/categories?post=135525"},{"taxonomy":"post_tag","embeddable":true,"href":"https:\/\/www.enerjigazetesi.ist\/en\/wp-json\/wp\/v2\/tags?post=135525"}],"curies":[{"name":"wp","href":"https:\/\/api.w.org\/{rel}","templated":true}]}}