{"id":135456,"date":"2021-05-24T13:15:45","date_gmt":"2021-05-24T10:15:45","guid":{"rendered":"https:\/\/www.enerjigazetesi.ist\/?p=135456"},"modified":"2021-05-24T13:16:39","modified_gmt":"2021-05-24T10:16:39","slug":"yevdes-projesi-nin-yenilenebilir-enerji-ve-enerji-verimliligi-egitimleri-basliyor","status":"publish","type":"post","link":"https:\/\/www.enerjigazetesi.ist\/en\/yevdes-projesi-nin-yenilenebilir-enerji-ve-enerji-verimliligi-egitimleri-basliyor\/","title":{"rendered":"(Turkish) YEVDES Projesi&#8217;nin Yenilenebilir Enerji ve Enerji Verimlili\u011fi E\u011fitimi Ba\u015flad\u0131"},"content":{"rendered":"<p class=\"qtranxs-available-languages-message qtranxs-available-languages-message-en\">Sorry, this entry is only available in <a href=\"https:\/\/www.enerjigazetesi.ist\/tr\/wp-json\/wp\/v2\/posts\/135456\" class=\"qtranxs-available-language-link qtranxs-available-language-link-tr\" title=\"Turkish\">Turkish<\/a>. For the sake of viewer convenience, the content is shown below in the alternative language. You may click the link to switch the active language.<\/p><p><\/p>\n<h1><strong>T.C Enerji ve Tabii Kaynaklar\u0131 Bakanl\u0131\u011f\u0131&#8217;n\u0131n, Avrupa Birli\u011fi finansman\u0131yla y\u00fcr\u00fctmekte oldu\u011fu Belediyeler ve \u00dcniversiteler i\u00e7in Yenilenebilir Enerji ve Enerji Verimlili\u011fi Teknik Destek<\/strong> <strong>Projesi (YEVDES) kapsam\u0131nda d\u00fczenlenecek e\u011fitimlere belediye ve \u00fcniversitelerden 800 \u00e7al\u0131\u015fan kat\u0131lacak.<\/strong><\/h1>\n<p>YEVDES kapsam\u0131nda<strong> belediye<\/strong> ve <strong>\u00fcniversite personeline<\/strong> y\u00f6nelik olarak ger\u00e7ekle\u015ftirilecek yenilenebilir enerji ve enerji verimlili\u011fi e\u011fitimleri\u00a0<strong>24 May\u0131s 2021<\/strong> tarihinde ba\u015fl\u0131yor. T\u00fcrkiye genelinde belediye ve \u00fcniversitelerin<strong> enerji verimlili\u011fi<\/strong> ve <strong>yenilenebilir enerji<\/strong> alanlar\u0131ndaki kapasitelerinin <img loading=\"lazy\" class=\"alignright wp-image-135458\" src=\"https:\/\/www.enerjigazetesi.ist\/wp-content\/uploads\/2021\/05\/yevdes-projesi-nin-yenilenebilir-enerji-ve-enerji-verimliligi-egitimleri-basliyor-1.jpg\" alt=\"\" width=\"320\" height=\"202\" srcset=\"https:\/\/www.enerjigazetesi.ist\/wp-content\/uploads\/2021\/05\/yevdes-projesi-nin-yenilenebilir-enerji-ve-enerji-verimliligi-egitimleri-basliyor-1.jpg 550w, https:\/\/www.enerjigazetesi.ist\/wp-content\/uploads\/2021\/05\/yevdes-projesi-nin-yenilenebilir-enerji-ve-enerji-verimliligi-egitimleri-basliyor-1-300x189.jpg 300w, https:\/\/www.enerjigazetesi.ist\/wp-content\/uploads\/2021\/05\/yevdes-projesi-nin-yenilenebilir-enerji-ve-enerji-verimliligi-egitimleri-basliyor-1-500x315.jpg 500w, https:\/\/www.enerjigazetesi.ist\/wp-content\/uploads\/2021\/05\/yevdes-projesi-nin-yenilenebilir-enerji-ve-enerji-verimliligi-egitimleri-basliyor-1-80x50.jpg 80w\" sizes=\"(max-width: 320px) 100vw, 320px\" \/>geli\u015ftirilmesi hedefiyle, toplam<strong> 800 idari, teknik<\/strong> ve <strong>akademik<\/strong> personele<strong> 7 g\u00fcn s\u00fcreyle<\/strong> e\u011fitim verilecek. E\u011fitim program\u0131, <strong>enerji verimlili\u011fi<\/strong> ve<strong> yenilenebilir enerji uygulamalar\u0131na<\/strong> ek olarak <strong>yasal \u00e7er\u00e7eve, s\u00fcrd\u00fcr\u00fclebilir enerji finansman\u0131<\/strong> ve <strong>enerji projeleri y\u00f6netim d\u00f6ng\u00fcs\u00fc<\/strong> gibi konular\u0131 kaps\u0131yor.<\/p>\n<p><strong>COVID-19 salg\u0131n\u0131yla<\/strong> ilgili tedbirler do\u011frultusunda e\u011fitim program\u0131 \u00e7evrim i\u00e7i (online) olarak ba\u015flayacak; <strong>24 May\u0131s \u2013 30 May\u0131s<\/strong> ve <strong>31 May\u0131s \u2013 6 Haziran 2021<\/strong> tarihleri aras\u0131nda e\u011fitim alacak ilk iki grup e\u011fitimlere <strong>\u00e7evrim i\u00e7i (online) ortamda<\/strong> kat\u0131lacak. <strong>07 Haziran &#8211; 01 A\u011fustos<\/strong> aras\u0131 yap\u0131lacak e\u011fitimlerin<strong> y\u00fczy\u00fcze<\/strong> veya <strong>\u00e7evrim i\u00e7i<\/strong> olmas\u0131 ile ilgili karar, salg\u0131n\u0131n seyrine g\u00f6re belirlenecek. E\u011fitim program\u0131 i\u00e7in her biri alan\u0131nda teorik ve pratik yetkinli\u011fe sahip uzmanlar taraf\u0131ndan <strong>k\u0131lavuz niteli\u011finde<\/strong> bir de <strong>e\u011fitim kitap\u00e7\u0131\u011f\u0131<\/strong> haz\u0131rland\u0131. Hem teorik bilgileri hem de sahadan en g\u00fcncel ve en iyi \u00f6rnekleri i\u00e7eren e\u011fitim kitap\u00e7\u0131\u011f\u0131 <a href=\"http:\/\/www.yevdes.org\">www.yevdes.org<\/a>&#8216;dan indirilebilecek.<\/p>\n<p><strong>YEVDES Projesi\u2019nin temel amac\u0131,<\/strong>\u00a0 belediyelerin ve \u00fcniversitelerin <strong>enerji verimlili\u011fi<\/strong> ve <strong>yenilenebilir enerji yat\u0131r\u0131mlar\u0131n\u0131 destekleyerek<\/strong> bu kurumlara ait tesislerde, binalarda ve kamp\u00fcslerde; enerji verimli teknolojilerin geli\u015fimi ve <strong>yenilebilir enerji \u00fcretiminin art\u0131r\u0131lmas\u0131na<\/strong> katk\u0131 sa\u011flamakt\u0131r.<\/p>\n<p>Belediyelerde ve \u00fcniversitelerde <strong>ye\u015fil enerji yat\u0131r\u0131mlar\u0131n\u0131n artmas\u0131<\/strong>n\u0131n yenilenebilir enerji ve enerji verimlili\u011fi konular\u0131na ili\u015fkin kamuda fark\u0131ndal\u0131\u011f\u0131n art\u0131r\u0131lmas\u0131na ve T\u00fcrkiye\u2019de <strong>daha az enerji-yo\u011fun<\/strong> ve karbondan ar\u0131nd\u0131r\u0131lm\u0131\u015f bir <strong>kamu sekt\u00f6r\u00fcn\u00fcn olu\u015fturulmas\u0131na<\/strong> \u00f6nc\u00fcl\u00fck etmesi hedeflenmi\u015ftir.<\/p>\n<p>Proje kapsam\u0131nda bu ama\u00e7 do\u011frultusunda <span style=\"text-decoration: underline;\">a\u015fa\u011f\u0131daki faaliyetler y\u00fcr\u00fct\u00fcl\u00fcyor:<\/span><\/p>\n<p>&#8211; Belediye ve \u00fcniversitelere <strong>yenilenebilir enerji<\/strong> ve<strong> enerji verimlili\u011fi yat\u0131r\u0131mlar\u0131na<\/strong> y\u00f6nelik e\u011fitimler verilmesi;<\/p>\n<p>&#8211; Toplam <strong>10 yurtd\u0131\u015f\u0131<\/strong> \u00e7al\u0131\u015fma ziyareti;<\/p>\n<p>&#8211; Belediyeler ve \u00fcniversiteler taraf\u0131ndan geli\u015ftirilmi\u015f toplam <strong>160 proje<\/strong> i\u00e7in<strong> Enerji Et\u00fct Raporlar\u0131<\/strong> ve <strong>Yenilenebilir Enerji Fizibilite Raporlar\u0131<\/strong>n\u0131n haz\u0131rlanmas\u0131;<\/p>\n<p>&#8211; <strong>Pilot projeler<\/strong> i\u00e7in tedarik <strong>dok\u00fcmanlar\u0131n\u0131n haz\u0131rlanmas\u0131<\/strong> ve <strong>m\u00fchendislik deste\u011fi<\/strong> sa\u011flanmas\u0131;<\/p>\n<p>&#8211; \u00dcniversitelere <strong>yenilenebilir enerji<\/strong> ve<strong> enerji verimlili\u011fi<\/strong> alanlar\u0131nda <strong>Ar-Ge proje deste\u011fi<\/strong> sa\u011flanmas\u0131.<\/p>\n<p><strong>Avrupa Birli\u011fi<\/strong> taraf\u0131ndan finanse edilen, <strong>T.C Enerji ve Tabii Kaynaklar Bakanl\u0131\u011f\u0131<\/strong> taraf\u0131ndan y\u00fcr\u00fct\u00fclen projenin\u00a0 S\u00f6zle\u015fme Makam\u0131 <strong>Hazine ve Maliye Bakanl\u0131\u011f\u0131 Merkezi Finans ve \u0130hale Birimi<\/strong>dir. 16 Nisan 2019\u2019da ba\u015flayan\u00a0 projenin teknik destek hizmeti <strong>Alman Uluslararas\u0131 \u0130\u015fbirli\u011fi Kurumu (GIZ) <\/strong>liderli\u011findeki konsorsiyum taraf\u0131ndan, yakla\u015f\u0131k <strong>4.5 milyon avro<\/strong> b\u00fct\u00e7e ile sa\u011flan\u0131yor.<\/p>\n<p><strong>Proje hakk\u0131nda detayl\u0131 bilgi almak i\u00e7in:\u00a0<\/strong><a href=\"http:\/\/www.yevdes.org\">www.yevdes.org<\/a> web adresini ziyaret edebilirsiniz.<\/p>","protected":false},"excerpt":{"rendered":"<p>Sorry, this entry is only available in Turkish. For the sake of viewer convenience, the content is shown below in the alternative language. You may click the link to switch the active language. T.C Enerji ve Tabii Kaynaklar\u0131 Bakanl\u0131\u011f\u0131&#8217;n\u0131n, Avrupa Birli\u011fi finansman\u0131yla y\u00fcr\u00fctmekte oldu\u011fu Belediyeler ve \u00dcniversiteler i\u00e7in Yenilenebilir Enerji ve Enerji Verimlili\u011fi Teknik Destek [&hellip;]<\/p>\n","protected":false},"author":1,"featured_media":135458,"comment_status":"open","ping_status":"open","sticky":false,"template":"","format":"standard","meta":[],"categories":[51,53,52],"tags":[67083,90900,90899,60924,60925,73387,90898],"views":153,"_links":{"self":[{"href":"https:\/\/www.enerjigazetesi.ist\/en\/wp-json\/wp\/v2\/posts\/135456"}],"collection":[{"href":"https:\/\/www.enerjigazetesi.ist\/en\/wp-json\/wp\/v2\/posts"}],"about":[{"href":"https:\/\/www.enerjigazetesi.ist\/en\/wp-json\/wp\/v2\/types\/post"}],"author":[{"embeddable":true,"href":"https:\/\/www.enerjigazetesi.ist\/en\/wp-json\/wp\/v2\/users\/1"}],"replies":[{"embeddable":true,"href":"https:\/\/www.enerjigazetesi.ist\/en\/wp-json\/wp\/v2\/comments?post=135456"}],"version-history":[{"count":0,"href":"https:\/\/www.enerjigazetesi.ist\/en\/wp-json\/wp\/v2\/posts\/135456\/revisions"}],"wp:featuredmedia":[{"embeddable":true,"href":"https:\/\/www.enerjigazetesi.ist\/en\/wp-json\/wp\/v2\/media\/135458"}],"wp:attachment":[{"href":"https:\/\/www.enerjigazetesi.ist\/en\/wp-json\/wp\/v2\/media?parent=135456"}],"wp:term":[{"taxonomy":"category","embeddable":true,"href":"https:\/\/www.enerjigazetesi.ist\/en\/wp-json\/wp\/v2\/categories?post=135456"},{"taxonomy":"post_tag","embeddable":true,"href":"https:\/\/www.enerjigazetesi.ist\/en\/wp-json\/wp\/v2\/tags?post=135456"}],"curies":[{"name":"wp","href":"https:\/\/api.w.org\/{rel}","templated":true}]}}