{"id":135331,"date":"2021-05-22T09:44:45","date_gmt":"2021-05-22T06:44:45","guid":{"rendered":"https:\/\/www.enerjigazetesi.ist\/?p=135331"},"modified":"2021-05-22T09:57:29","modified_gmt":"2021-05-22T06:57:29","slug":"vezir21-verimlilik-zirvesi-etkinligi-22-mayis-cumartesi-gunu-basladi","status":"publish","type":"post","link":"https:\/\/www.enerjigazetesi.ist\/en\/vezir21-verimlilik-zirvesi-etkinligi-22-mayis-cumartesi-gunu-basladi\/","title":{"rendered":"(Turkish) Vezir\u201921 Verimlilik Zirvesi Etkinli\u011fi 22 May\u0131s Cumartesi G\u00fcn\u00fc Ba\u015flad\u0131!"},"content":{"rendered":"<p class=\"qtranxs-available-languages-message qtranxs-available-languages-message-en\">Sorry, this entry is only available in <a href=\"https:\/\/www.enerjigazetesi.ist\/tr\/wp-json\/wp\/v2\/posts\/135331\" class=\"qtranxs-available-language-link qtranxs-available-language-link-tr\" title=\"Turkish\">Turkish<\/a>. For the sake of viewer convenience, the content is shown below in the alternative language. You may click the link to switch the active language.<\/p><p><\/p>\n<h1>Enerji, son y\u0131llarda d\u00fcnyan\u0131n en \u00f6nemli konular\u0131ndan birisi haline geldi. Bu alanda firmalar\u0131n yapt\u0131\u011f\u0131 yat\u0131r\u0131mlar hem artmakta hem de T\u00fcrkiye&#8217;de bu alanda \u00e7al\u0131\u015fmakta olan firmalar\u0131n say\u0131s\u0131 \u00e7o\u011falmakta. Yenilenebilir enerji kaynaklar\u0131 ise, hem \u00fclkelerin hem de b\u00fcy\u00fck \u015firketlerin gelecek planlar\u0131 aras\u0131nda g\u00fcndem olu\u015fturan en \u00f6nemli maddeler aras\u0131nda yer al\u0131yor.<\/h1>\n<p><strong>Enerji verimlili\u011fi<\/strong> hem \u00fczerinde ya\u015fad\u0131\u011f\u0131m\u0131z gezegenimiz hem de \u00fclkemiz ad\u0131na en \u00e7ok <strong>d\u0131\u015fa ba\u011f\u0131ml\u0131 oldu\u011fumuz<\/strong> konu oldu\u011fu i\u00e7in olduk\u00e7a \u00f6nem arz etmekte.<\/p>\n<p style=\"text-align: center;\"><img loading=\"lazy\" class=\"size-full wp-image-135337 aligncenter\" src=\"https:\/\/www.enerjigazetesi.ist\/wp-content\/uploads\/2021\/05\/vezir21-verimlilik-zirvesi-etkinligi-22-mayis-cumartesi-gunu-basladi-2.jpg\" alt=\"\" width=\"550\" height=\"978\" srcset=\"https:\/\/www.enerjigazetesi.ist\/wp-content\/uploads\/2021\/05\/vezir21-verimlilik-zirvesi-etkinligi-22-mayis-cumartesi-gunu-basladi-2.jpg 550w, https:\/\/www.enerjigazetesi.ist\/wp-content\/uploads\/2021\/05\/vezir21-verimlilik-zirvesi-etkinligi-22-mayis-cumartesi-gunu-basladi-2-169x300.jpg 169w, https:\/\/www.enerjigazetesi.ist\/wp-content\/uploads\/2021\/05\/vezir21-verimlilik-zirvesi-etkinligi-22-mayis-cumartesi-gunu-basladi-2-225x400.jpg 225w, https:\/\/www.enerjigazetesi.ist\/wp-content\/uploads\/2021\/05\/vezir21-verimlilik-zirvesi-etkinligi-22-mayis-cumartesi-gunu-basladi-2-28x50.jpg 28w, https:\/\/www.enerjigazetesi.ist\/wp-content\/uploads\/2021\/05\/vezir21-verimlilik-zirvesi-etkinligi-22-mayis-cumartesi-gunu-basladi-2-500x889.jpg 500w\" sizes=\"(max-width: 550px) 100vw, 550px\" \/><\/p>\n<p><span style=\"font-weight: 400;\">Enerji konusunun t\u00fcm hatlar\u0131yla ele al\u0131nmas\u0131n\u0131n <strong>sekt\u00f6rde firmalar, profesyoneller<\/strong> ve bu alanda <strong>kariyer<\/strong> d\u00fc\u015f\u00fcnen <strong>\u00f6\u011frenciler i\u00e7in verimli olaca\u011f\u0131 inanc\u0131<\/strong> ile d\u00fczenlenen <strong>Vezir\u201921, <\/strong><\/span><strong><i>Enerjide Verimlilik<\/i><\/strong><span style=\"font-weight: 400;\"> temas\u0131yla kar\u015f\u0131n\u0131zda olacak. <\/span><span style=\"font-weight: 400;\">Bu alandaki teknolojilerin,<strong> enerji \u00fcretimi<\/strong>nin, global anlamda <strong>enerjinin gelece\u011finin<\/strong> ve <strong>verimlili\u011finin<\/strong> konu\u015fulaca\u011f\u0131 <strong>Vezir\u201921 kat\u0131l\u0131mc\u0131lar\u0131<\/strong>na <strong>enerjiye y\u00f6nelik geni\u015f<\/strong> bir bilgi kanal\u0131 sunuyor.<\/span><\/p>\n<p><span style=\"font-weight: 400;\"><strong>Paneller, \u00f6zel g\u00f6r\u00fc\u015fme odalar\u0131, stantlar<\/strong> ve<strong> kurumsal i\u015fbirlikleri<\/strong> ile dolu olacak <strong>Vezir\u201921<\/strong> de etkinlik boyunca<strong> verimli bir program \u00e7\u0131kar\u0131lmas\u0131<\/strong> hedefleniyor.<\/span><\/p>\n<p><span style=\"font-weight: 400;\">Ge\u00e7ti\u011fimiz y\u0131l <strong>Verimlilik Zirvesi&#8217;20<\/strong>, <\/span><strong><i>Uzaktan \u00c7al\u0131\u015fmada Verimlilik<\/i><\/strong><span style=\"font-weight: 400;\"> temas\u0131yla d\u00fczenlendi.\u00a0<\/span><\/p>\n<p><span style=\"font-weight: 400;\"><strong>20\u2019ye yak\u0131n<\/strong> firman\u0131n fuar alan\u0131 a\u00e7t\u0131\u011f\u0131<strong> Vezir\u201920<\/strong>, <strong>1.700 kat\u0131l\u0131mc\u0131<\/strong>n\u0131n dinledi\u011fi ve alan\u0131nda<strong> uzman 15 profesyonelin<\/strong> konu\u015fma <strong>yapt\u0131\u011f\u0131 bir organizasyon<\/strong> olarak hayata ge\u00e7irildi.<\/span><\/p>\n<h2><b>Online Etkinlik Hol\u00fc ve Daha Fazlas\u0131\u2026<\/b><\/h2>\n<p><span style=\"font-weight: 400;\">Zirvede yer alan <strong>Online Etkinlik Hol\u00fc<\/strong>, bu alanda T\u00fcrkiye&#8217;de<strong> ilk<\/strong> ve <strong>online etkinlikte<\/strong> ger\u00e7ek deneyimi <strong>ya\u015fama f\u0131rsat\u0131 sunan<\/strong> tek zirve niteli\u011findedir.<\/span><\/p>\n<p><span style=\"font-weight: 400;\"><strong>Online Etkinlik Hol\u00fc<\/strong> hizmetiyle<strong> Vezir\u201921<\/strong> kat\u0131l\u0131mc\u0131lara;<strong> \u00fcst d\u00fczey y\u00f6neticiler, lider firmalar<\/strong> ve enerji alan\u0131nda yapt\u0131\u011f\u0131 \u00e7al\u0131\u015fmalarla <strong>g\u00fcndeme gelen isimlerle etkinlik hol\u00fcnde<\/strong> bir araya gelme f\u0131rsat\u0131 sunuyor.<\/span><\/p>\n<p><span style=\"font-weight: 400;\"><strong>Vezir\u201921<\/strong> de kat\u0131l\u0131mc\u0131lar i\u00e7in sa\u011flanan bir di\u011fer faydal\u0131 imkan ise <strong>Sanal Fuar<\/strong> Alan\u0131d\u0131r. <strong>Sanal Fuar Alan\u0131, enerji ve teknoloji sekt\u00f6r\u00fc<\/strong>ne y\u00f6nelik \u00e7al\u0131\u015fmakta olan firmalar\u0131n, enerji sekt\u00f6r\u00fcndeki <strong>\u00fcr\u00fcn<\/strong> ve <strong>hizmetlerini<\/strong> kat\u0131l\u0131mc\u0131larla bulu\u015fturaca\u011f\u0131 bir merkez niteli\u011findedir.<\/span><\/p>\n<p style=\"text-align: center;\"><iframe loading=\"lazy\" title=\"YouTube video player\" src=\"https:\/\/www.youtube.com\/embed\/QIKi-W5ifUQ\" width=\"560\" height=\"315\" frameborder=\"0\" allowfullscreen=\"allowfullscreen\"><\/iframe><\/p>\n<h2><b>Vezir\u201921 Kay\u0131tlar\u0131 3000\u2019e Ula\u015ft\u0131<\/b><\/h2>\n<p><span style=\"font-weight: 400;\"><strong>15<\/strong> <strong>farkl\u0131<\/strong> temas\u0131yla ve <strong>+30 alan\u0131nda uzman<\/strong> konu\u015fmac\u0131s\u0131yla<strong> ilham verici oturumlara<\/strong> \u015fahit olabilece\u011finiz, <strong>ulusal<\/strong> ve <strong>uluslararas\u0131 enerji temas\u0131na<\/strong> dair bilgi edinebilece\u011finiz <\/span><b><i>tamamen \u00fccretsiz ve online d\u00fczenlenen etkinli\u011fe kat\u0131lmak i\u00e7in\u00a0<\/i><\/b><a href=\"https:\/\/verimlilikzirvesi.org\/\" target=\"_blank\" rel=\"nofollow noopener\">https:\/\/verimlilikzirvesi.org\/<\/a>\u00a0adresini ziyaret edebilirsiniz.<\/p>","protected":false},"excerpt":{"rendered":"<p>Sorry, this entry is only available in Turkish. For the sake of viewer convenience, the content is shown below in the alternative language. You may click the link to switch the active language. Enerji, son y\u0131llarda d\u00fcnyan\u0131n en \u00f6nemli konular\u0131ndan birisi haline geldi. Bu alanda firmalar\u0131n yapt\u0131\u011f\u0131 yat\u0131r\u0131mlar hem artmakta hem de T\u00fcrkiye&#8217;de bu alanda [&hellip;]<\/p>\n","protected":false},"author":1,"featured_media":135340,"comment_status":"open","ping_status":"open","sticky":false,"template":"","format":"standard","meta":[],"categories":[51,53,52],"tags":[23311,90766,26559,58103,90765,57125,793,90768,90767,90764],"views":137,"_links":{"self":[{"href":"https:\/\/www.enerjigazetesi.ist\/en\/wp-json\/wp\/v2\/posts\/135331"}],"collection":[{"href":"https:\/\/www.enerjigazetesi.ist\/en\/wp-json\/wp\/v2\/posts"}],"about":[{"href":"https:\/\/www.enerjigazetesi.ist\/en\/wp-json\/wp\/v2\/types\/post"}],"author":[{"embeddable":true,"href":"https:\/\/www.enerjigazetesi.ist\/en\/wp-json\/wp\/v2\/users\/1"}],"replies":[{"embeddable":true,"href":"https:\/\/www.enerjigazetesi.ist\/en\/wp-json\/wp\/v2\/comments?post=135331"}],"version-history":[{"count":0,"href":"https:\/\/www.enerjigazetesi.ist\/en\/wp-json\/wp\/v2\/posts\/135331\/revisions"}],"wp:featuredmedia":[{"embeddable":true,"href":"https:\/\/www.enerjigazetesi.ist\/en\/wp-json\/wp\/v2\/media\/135340"}],"wp:attachment":[{"href":"https:\/\/www.enerjigazetesi.ist\/en\/wp-json\/wp\/v2\/media?parent=135331"}],"wp:term":[{"taxonomy":"category","embeddable":true,"href":"https:\/\/www.enerjigazetesi.ist\/en\/wp-json\/wp\/v2\/categories?post=135331"},{"taxonomy":"post_tag","embeddable":true,"href":"https:\/\/www.enerjigazetesi.ist\/en\/wp-json\/wp\/v2\/tags?post=135331"}],"curies":[{"name":"wp","href":"https:\/\/api.w.org\/{rel}","templated":true}]}}