{"id":135295,"date":"2021-05-21T16:34:32","date_gmt":"2021-05-21T13:34:32","guid":{"rendered":"https:\/\/www.enerjigazetesi.ist\/?p=135295"},"modified":"2021-05-21T16:34:32","modified_gmt":"2021-05-21T13:34:32","slug":"ieaden-fosil-yakitla-calisan-kombi-satisini-2025ten-itibaren-yasaklama-talebi","status":"publish","type":"post","link":"https:\/\/www.enerjigazetesi.ist\/en\/ieaden-fosil-yakitla-calisan-kombi-satisini-2025ten-itibaren-yasaklama-talebi\/","title":{"rendered":"(Turkish) IEA&#8217;den Fosil Yak\u0131tla \u00c7al\u0131\u015fan Kombi Sat\u0131\u015f\u0131n\u0131 2025\u2019ten \u0130tibaren Yasaklama Talebi"},"content":{"rendered":"<p class=\"qtranxs-available-languages-message qtranxs-available-languages-message-en\">Sorry, this entry is only available in <a href=\"https:\/\/www.enerjigazetesi.ist\/tr\/wp-json\/wp\/v2\/posts\/135295\" class=\"qtranxs-available-language-link qtranxs-available-language-link-tr\" title=\"Turkish\">Turkish<\/a>. For the sake of viewer convenience, the content is shown below in the alternative language. You may click the link to switch the active language.<\/p><p><\/p>\n<h1><strong>Uluslararas\u0131 Enerji Ajans\u0131 (IEA), iklim de\u011fi\u015fikliyle m\u00fccadelede 2050\u2019de \u201cnet-s\u0131f\u0131r karbon sal\u0131m\u0131\u201d hedefine ula\u015fabilmeye y\u00f6nelik, do\u011fal gaz gibi fosil yak\u0131tla \u00e7al\u0131\u015fan kombilerin sat\u0131\u015f\u0131n\u0131n 2025\u2019ten itibaren yasaklanmas\u0131n\u0131 istedi.<\/strong><\/h1>\n<p><img loading=\"lazy\" class=\"alignright wp-image-135298\" src=\"https:\/\/www.enerjigazetesi.ist\/wp-content\/uploads\/2021\/05\/ieaden-fosil-yakitla-calisan-kombi-satisini-2025ten-itibaren-yasaklama-talebi-1.jpg\" alt=\"\" width=\"320\" height=\"163\" srcset=\"https:\/\/www.enerjigazetesi.ist\/wp-content\/uploads\/2021\/05\/ieaden-fosil-yakitla-calisan-kombi-satisini-2025ten-itibaren-yasaklama-talebi-1.jpg 772w, https:\/\/www.enerjigazetesi.ist\/wp-content\/uploads\/2021\/05\/ieaden-fosil-yakitla-calisan-kombi-satisini-2025ten-itibaren-yasaklama-talebi-1-300x153.jpg 300w, https:\/\/www.enerjigazetesi.ist\/wp-content\/uploads\/2021\/05\/ieaden-fosil-yakitla-calisan-kombi-satisini-2025ten-itibaren-yasaklama-talebi-1-768x392.jpg 768w, https:\/\/www.enerjigazetesi.ist\/wp-content\/uploads\/2021\/05\/ieaden-fosil-yakitla-calisan-kombi-satisini-2025ten-itibaren-yasaklama-talebi-1-500x255.jpg 500w, https:\/\/www.enerjigazetesi.ist\/wp-content\/uploads\/2021\/05\/ieaden-fosil-yakitla-calisan-kombi-satisini-2025ten-itibaren-yasaklama-talebi-1-80x41.jpg 80w\" sizes=\"(max-width: 320px) 100vw, 320px\" \/>Kombilerin sat\u0131\u015ftan kald\u0131r\u0131lmas\u0131na y\u00f6nelik \u00f6zel haz\u0131rlanan raporda, bu hedefe ula\u015fmak i\u00e7in \u00f6nerilen <strong>400 ad\u0131mdan biri<\/strong>. D\u00fcnyada<strong> benzinli<\/strong> ve <strong>dizel ara\u00e7lar\u0131n<\/strong> sat\u0131\u015f\u0131 <strong>2035\u2019e<\/strong> kadar son bulacak. IEA ise <strong>k\u00f6m\u00fcr, petrol<\/strong> ve<strong> gaz arama \u00e7al\u0131\u015fmalar\u0131<\/strong> ile tedariki i\u00e7in <strong>art\u0131k yeni giri\u015fimlerde bulunulmamas\u0131<\/strong> gerekti\u011fini belirtiyor.<\/p>\n<h2><strong>2050\u2019de \u2018net s\u0131f\u0131r karbon hedefi\u2019 i\u00e7in at\u0131lmas\u0131 gereken ad\u0131mlar<\/strong><\/h2>\n<p>&#8211; Fosil yak\u0131t kullan\u0131m\u0131 b\u00fcy\u00fck \u00f6l\u00e7\u00fcde azalt\u0131lmal\u0131; <strong>mevcut k\u00f6m\u00fcr, petrol<\/strong> ve<strong> do\u011fal gaz yataklar\u0131na<\/strong> yenileri eklenmemeli<\/p>\n<p>&#8211; <strong>2035\u2019te<\/strong> geli\u015fmi\u015f \u00fclkelerde<strong> 2040\u2019ta<\/strong> ise t\u00fcm d\u00fcnyada elektrik \u00fcretiminden kaynakl\u0131 <strong>karbon sal\u0131m\u0131 s\u0131f\u0131rlanmal\u0131<\/strong>; bu d\u00f6n\u00fc\u015f\u00fcm yenilenebilir enerji kaynaklar\u0131yla sa\u011flanmal\u0131; 2020\u2019de toplam elektrik \u00fcretimindeki pay\u0131 <strong>% 29<\/strong> olan yenilenebilir kaynaklar\u0131n oran\u0131 <strong>2050<\/strong>\u2019de <strong>% 90<\/strong>\u2019a y\u00fckselmeli<\/p>\n<p>&#8211; <strong>Elektrikli arabalar\u0131n \u015farj edilebilece\u011fi<\/strong> nokta say\u0131s\u0131 bug\u00fcn bir milyon civar\u0131nda; bu say\u0131<strong> 2030\u2019da<\/strong> 40 milyona y\u00fckselecek \u015fekilde bu alana y\u0131lda <strong>90 milyar dolar yat\u0131r\u0131m<\/strong> yap\u0131lmal\u0131<\/p>\n<p>&#8211; <strong>2035\u2019te<\/strong> d\u00fcnyada sat\u0131lan arabalar\u0131n neredeyse tamam\u0131 elektrikli olmal\u0131; <strong>2050\u2019de<\/strong> ise TIR\u2019lar\u0131n hemen hepsi elektrikli veya <strong>yak\u0131t pilli olmal\u0131<\/strong><\/p>\n<p>&#8211; Ekonomisi fosil yak\u0131t \u00fcretimine dayanan \u00fclkelerde ki\u015fi ba\u015f\u0131na milli gelirdeki <strong>petrol<\/strong> ve <strong>do\u011fal gaz<\/strong> kaynakl\u0131 pay\u0131n <strong>% 75<\/strong> dolay\u0131nda d\u00fc\u015f\u00fc\u015f kaydetmesi, \u015fu anda <strong>1800 dolar<\/strong> olan bu pay\u0131n<strong> 2030<\/strong>\u2019da <strong>450 dolara<\/strong> d\u00fc\u015f\u00fcr\u00fclmesi.<\/p>\n<p>Kaynak:\u00a0<a href=\"https:\/\/www.bbc.com\/turkce\/haberler-dunya-57155194\" target=\"_blank\" rel=\"nofollow noopener\">BBC T\u00fcrk\u00e7e<\/a><\/p>","protected":false},"excerpt":{"rendered":"<p>Sorry, this entry is only available in Turkish. For the sake of viewer convenience, the content is shown below in the alternative language. You may click the link to switch the active language. Uluslararas\u0131 Enerji Ajans\u0131 (IEA), iklim de\u011fi\u015fikliyle m\u00fccadelede 2050\u2019de \u201cnet-s\u0131f\u0131r karbon sal\u0131m\u0131\u201d hedefine ula\u015fabilmeye y\u00f6nelik, do\u011fal gaz gibi fosil yak\u0131tla \u00e7al\u0131\u015fan kombilerin sat\u0131\u015f\u0131n\u0131n [&hellip;]<\/p>\n","protected":false},"author":1,"featured_media":135298,"comment_status":"open","ping_status":"open","sticky":false,"template":"","format":"standard","meta":[],"categories":[46,53],"tags":[53114,90750,71258,90749,1675,90748,53221,75800],"views":212,"_links":{"self":[{"href":"https:\/\/www.enerjigazetesi.ist\/en\/wp-json\/wp\/v2\/posts\/135295"}],"collection":[{"href":"https:\/\/www.enerjigazetesi.ist\/en\/wp-json\/wp\/v2\/posts"}],"about":[{"href":"https:\/\/www.enerjigazetesi.ist\/en\/wp-json\/wp\/v2\/types\/post"}],"author":[{"embeddable":true,"href":"https:\/\/www.enerjigazetesi.ist\/en\/wp-json\/wp\/v2\/users\/1"}],"replies":[{"embeddable":true,"href":"https:\/\/www.enerjigazetesi.ist\/en\/wp-json\/wp\/v2\/comments?post=135295"}],"version-history":[{"count":0,"href":"https:\/\/www.enerjigazetesi.ist\/en\/wp-json\/wp\/v2\/posts\/135295\/revisions"}],"wp:featuredmedia":[{"embeddable":true,"href":"https:\/\/www.enerjigazetesi.ist\/en\/wp-json\/wp\/v2\/media\/135298"}],"wp:attachment":[{"href":"https:\/\/www.enerjigazetesi.ist\/en\/wp-json\/wp\/v2\/media?parent=135295"}],"wp:term":[{"taxonomy":"category","embeddable":true,"href":"https:\/\/www.enerjigazetesi.ist\/en\/wp-json\/wp\/v2\/categories?post=135295"},{"taxonomy":"post_tag","embeddable":true,"href":"https:\/\/www.enerjigazetesi.ist\/en\/wp-json\/wp\/v2\/tags?post=135295"}],"curies":[{"name":"wp","href":"https:\/\/api.w.org\/{rel}","templated":true}]}}