{"id":135265,"date":"2021-05-21T14:56:24","date_gmt":"2021-05-21T11:56:24","guid":{"rendered":"https:\/\/www.enerjigazetesi.ist\/?p=135265"},"modified":"2021-05-21T15:02:47","modified_gmt":"2021-05-21T12:02:47","slug":"bosch-tan-kacirilmayacak-periyodik-kombi-bakim-kampanyasi","status":"publish","type":"post","link":"https:\/\/www.enerjigazetesi.ist\/en\/bosch-tan-kacirilmayacak-periyodik-kombi-bakim-kampanyasi\/","title":{"rendered":"(Turkish) Bosch&#8217;tan Ka\u00e7\u0131r\u0131lmayacak Periyodik Kombi Bak\u0131m Kampanyas\u0131!"},"content":{"rendered":"<p class=\"qtranxs-available-languages-message qtranxs-available-languages-message-en\">Sorry, this entry is only available in <a href=\"https:\/\/www.enerjigazetesi.ist\/tr\/wp-json\/wp\/v2\/posts\/135265\" class=\"qtranxs-available-language-link qtranxs-available-language-link-tr\" title=\"Turkish\">Turkish<\/a>. For the sake of viewer convenience, the content is shown below in the alternative language. You may click the link to switch the active language.<\/p><p><\/p>\n<h1><strong>\u0130klimlendirme sekt\u00f6r\u00fcn\u00fcn \u00f6nc\u00fc markalar\u0131ndan Bosch Termoteknik, indirimli periyodik kombi bak\u0131m<img loading=\"lazy\" class=\"alignright wp-image-135267\" src=\"https:\/\/www.enerjigazetesi.ist\/wp-content\/uploads\/2021\/05\/boschtan-kacirilmayacak-periyodik-kombi-bakim-kampanyasi-1.jpg\" alt=\"\" width=\"320\" height=\"320\" srcset=\"https:\/\/www.enerjigazetesi.ist\/wp-content\/uploads\/2021\/05\/boschtan-kacirilmayacak-periyodik-kombi-bakim-kampanyasi-1.jpg 550w, https:\/\/www.enerjigazetesi.ist\/wp-content\/uploads\/2021\/05\/boschtan-kacirilmayacak-periyodik-kombi-bakim-kampanyasi-1-150x150.jpg 150w, https:\/\/www.enerjigazetesi.ist\/wp-content\/uploads\/2021\/05\/boschtan-kacirilmayacak-periyodik-kombi-bakim-kampanyasi-1-300x300.jpg 300w, https:\/\/www.enerjigazetesi.ist\/wp-content\/uploads\/2021\/05\/boschtan-kacirilmayacak-periyodik-kombi-bakim-kampanyasi-1-400x400.jpg 400w, https:\/\/www.enerjigazetesi.ist\/wp-content\/uploads\/2021\/05\/boschtan-kacirilmayacak-periyodik-kombi-bakim-kampanyasi-1-50x50.jpg 50w, https:\/\/www.enerjigazetesi.ist\/wp-content\/uploads\/2021\/05\/boschtan-kacirilmayacak-periyodik-kombi-bakim-kampanyasi-1-100x100.jpg 100w, https:\/\/www.enerjigazetesi.ist\/wp-content\/uploads\/2021\/05\/boschtan-kacirilmayacak-periyodik-kombi-bakim-kampanyasi-1-500x500.jpg 500w\" sizes=\"(max-width: 320px) 100vw, 320px\" \/> kampanyas\u0131 ile kullan\u0131c\u0131lar\u0131n tasarruf etmelerini sa\u011fl\u0131yor.<\/strong><\/h1>\n<p><strong>Bosch Termoteknoloji<\/strong>, kombilerin \u00f6mr\u00fcn\u00fc uzatan <strong>y\u0131ll\u0131k bak\u0131m i\u015flemleri<\/strong>nin en uygun fiyatlarla ger\u00e7ekle\u015ftirilebilmesi i\u00e7in <strong>15 May\u0131s-1 Eyl\u00fcl 2021<\/strong> tarihleri aras\u0131nda ge\u00e7erli olacak <strong>yeni kombi bak\u0131m kampanyas\u0131<\/strong>n\u0131 kullan\u0131c\u0131lar\u0131na duyurdu. <strong>160 TL<\/strong> olan <strong>y\u0131ll\u0131k kombi bak\u0131m \u00fccreti<\/strong>, kampanya kapsam\u0131nda yaln\u0131zca <strong>120 TL<\/strong> olarak belirlendi. <strong>Bosch Yetkili Servisleri<\/strong> taraf\u0131ndan ger\u00e7ekle\u015ftirilen kombi bak\u0131m\u0131 kapsam\u0131nda; <strong>kombinin su s\u0131zd\u0131rmazl\u0131\u011f\u0131<\/strong> ve <strong>emniyet kontrol\u00fc<\/strong>nden; <strong>br\u00fcl\u00f6r, yanma<\/strong> ve <strong>birinci \u0131s\u0131 e\u015fanj\u00f6r\u00fc kontrol\u00fc<\/strong>ne kadar bir\u00e7ok detayl\u0131 i\u015flem bulunuyor.<\/p>\n<p>Bosch profesyonelleri, <strong>kombilerin y\u0131ll\u0131k bak\u0131m\u0131n\u0131<\/strong> d\u00fczenli bir \u015fekilde yapt\u0131r\u0131lmas\u0131n\u0131n evlerin g\u00fcvenle \u0131s\u0131nabilmesi ad\u0131na \u00f6nemli oldu\u011funu belirtiyor. <strong>Kombi bak\u0131m\u0131<\/strong> sayesinde ileride meydana gelebilecek ar\u0131zalar\u0131n \u00f6n\u00fcne ge\u00e7ilerek, kombilerin uzun y\u0131llar \u00e7ok <strong>daha tasarruflu \u00e7al\u0131\u015fmas\u0131<\/strong> sa\u011flan\u0131yor.<\/p>\n<p>Son kullan\u0131c\u0131lar, daha fazla bilgi almak ve <strong>yaz aylar\u0131na \u00f6zel kampanyadan<\/strong> faydalanmak i\u00e7in\u00a0<a href=\"https:\/\/www.bosch-thermotechnology.com\/tr\/tr\/residential\/musteri-hizmetleri\/servis-hizmetlerimiz\/kombi-bakimi\/\" target=\"_blank\" rel=\"nofollow noopener\">resmi web sitesinden\u00a0<\/a>&gt;&gt;&gt; kendi lokasyonlar\u0131na en yak\u0131n Bosch yetkili servislerinin ileti\u015fim bilgilerine ula\u015fabilirler.<\/p>","protected":false},"excerpt":{"rendered":"<p>Sorry, this entry is only available in Turkish. For the sake of viewer convenience, the content is shown below in the alternative language. You may click the link to switch the active language. \u0130klimlendirme sekt\u00f6r\u00fcn\u00fcn \u00f6nc\u00fc markalar\u0131ndan Bosch Termoteknik, indirimli periyodik kombi bak\u0131m kampanyas\u0131 ile kullan\u0131c\u0131lar\u0131n tasarruf etmelerini sa\u011fl\u0131yor. Bosch Termoteknoloji, kombilerin \u00f6mr\u00fcn\u00fc uzatan y\u0131ll\u0131k [&hellip;]<\/p>\n","protected":false},"author":1,"featured_media":135268,"comment_status":"open","ping_status":"open","sticky":false,"template":"","format":"standard","meta":[],"categories":[46,53],"tags":[69175,72417,54036,53499,90716,59667,90715,72425,72416],"views":229,"_links":{"self":[{"href":"https:\/\/www.enerjigazetesi.ist\/en\/wp-json\/wp\/v2\/posts\/135265"}],"collection":[{"href":"https:\/\/www.enerjigazetesi.ist\/en\/wp-json\/wp\/v2\/posts"}],"about":[{"href":"https:\/\/www.enerjigazetesi.ist\/en\/wp-json\/wp\/v2\/types\/post"}],"author":[{"embeddable":true,"href":"https:\/\/www.enerjigazetesi.ist\/en\/wp-json\/wp\/v2\/users\/1"}],"replies":[{"embeddable":true,"href":"https:\/\/www.enerjigazetesi.ist\/en\/wp-json\/wp\/v2\/comments?post=135265"}],"version-history":[{"count":0,"href":"https:\/\/www.enerjigazetesi.ist\/en\/wp-json\/wp\/v2\/posts\/135265\/revisions"}],"wp:featuredmedia":[{"embeddable":true,"href":"https:\/\/www.enerjigazetesi.ist\/en\/wp-json\/wp\/v2\/media\/135268"}],"wp:attachment":[{"href":"https:\/\/www.enerjigazetesi.ist\/en\/wp-json\/wp\/v2\/media?parent=135265"}],"wp:term":[{"taxonomy":"category","embeddable":true,"href":"https:\/\/www.enerjigazetesi.ist\/en\/wp-json\/wp\/v2\/categories?post=135265"},{"taxonomy":"post_tag","embeddable":true,"href":"https:\/\/www.enerjigazetesi.ist\/en\/wp-json\/wp\/v2\/tags?post=135265"}],"curies":[{"name":"wp","href":"https:\/\/api.w.org\/{rel}","templated":true}]}}