{"id":135256,"date":"2021-05-21T14:12:00","date_gmt":"2021-05-21T11:12:00","guid":{"rendered":"https:\/\/www.enerjigazetesi.ist\/?p=135256"},"modified":"2021-05-21T14:12:22","modified_gmt":"2021-05-21T11:12:22","slug":"is-guvenligi-icin-el-ele-resim-yarismasi-sonuclari-aciklandi","status":"publish","type":"post","link":"https:\/\/www.enerjigazetesi.ist\/en\/is-guvenligi-icin-el-ele-resim-yarismasi-sonuclari-aciklandi\/","title":{"rendered":"(Turkish) &#8217;\u0130\u015f G\u00fcvenli\u011fi \u0130\u00e7in El Ele&#8217; Resim Yar\u0131\u015fmas\u0131 Sonu\u00e7lar\u0131 A\u00e7\u0131kland\u0131"},"content":{"rendered":"<p class=\"qtranxs-available-languages-message qtranxs-available-languages-message-en\">Sorry, this entry is only available in <a href=\"https:\/\/www.enerjigazetesi.ist\/tr\/wp-json\/wp\/v2\/posts\/135256\" class=\"qtranxs-available-language-link qtranxs-available-language-link-tr\" title=\"Turkish\">Turkish<\/a>. For the sake of viewer convenience, the content is shown below in the alternative language. You may click the link to switch the active language.<\/p><p><\/p>\n<h1><strong>F\u0131rat Elektrik Da\u011f\u0131t\u0131m A.\u015e., \u0130\u015f Sa\u011fl\u0131\u011f\u0131 ve G\u00fcvenli\u011fi (\u0130SG) Haftas\u0131 \u00e7er\u00e7evesinde \u201c\u0130\u015f G\u00fcvenli\u011fi \u0130\u00e7in El Ele\u201d slogan\u0131 ile \u00e7al\u0131\u015fanlar\u0131n \u00e7ocuklar\u0131 aras\u0131nda d\u00fczenledi\u011fi \u0130SG konulu resim yar\u0131\u015fmas\u0131nda \u00f6d\u00fcller sahiplerini buldu. <\/strong><\/h1>\n<p><strong>Bing\u00f6l, Elaz\u0131\u011f, Malatya<\/strong> ve <strong>Tunceli<\/strong> illerinde <strong>kesintisiz enerji parolas\u0131yla<\/strong> \u00e7al\u0131\u015fmalar\u0131n\u0131 s\u00fcrd\u00fcren <strong>F\u0131rat EDA\u015e,<\/strong> 4-10 May\u0131s 2021 <strong>\u0130\u015f Sa\u011fl\u0131\u011f\u0131 ve G\u00fcvenli\u011fi Haftas\u0131<\/strong> kapsam\u0131nda ger\u00e7ekle\u015ftirdi\u011fi <strong>resim <img loading=\"lazy\" class=\"alignright wp-image-135258\" src=\"https:\/\/www.enerjigazetesi.ist\/wp-content\/uploads\/2021\/05\/is-guvenligi-icin-el-ele-resim-yarismasi-sonuclari-aciklandi.jpg\" alt=\"\" width=\"320\" height=\"208\" srcset=\"https:\/\/www.enerjigazetesi.ist\/wp-content\/uploads\/2021\/05\/is-guvenligi-icin-el-ele-resim-yarismasi-sonuclari-aciklandi.jpg 550w, https:\/\/www.enerjigazetesi.ist\/wp-content\/uploads\/2021\/05\/is-guvenligi-icin-el-ele-resim-yarismasi-sonuclari-aciklandi-300x195.jpg 300w, https:\/\/www.enerjigazetesi.ist\/wp-content\/uploads\/2021\/05\/is-guvenligi-icin-el-ele-resim-yarismasi-sonuclari-aciklandi-500x325.jpg 500w, https:\/\/www.enerjigazetesi.ist\/wp-content\/uploads\/2021\/05\/is-guvenligi-icin-el-ele-resim-yarismasi-sonuclari-aciklandi-77x50.jpg 77w\" sizes=\"(max-width: 320px) 100vw, 320px\" \/>yar\u0131\u015fmas\u0131<\/strong> ile anlaml\u0131 bir fark\u0131ndal\u0131\u011fa imza att\u0131.<strong> \u201c\u0130\u015f G\u00fcvenli\u011fi \u0130\u00e7in El Ele\u201d<\/strong> slogan\u0131yla <strong>F\u0131rat EDA\u015e \u00e7al\u0131\u015fanlar\u0131<\/strong>n\u0131n<strong> \u00e7ocuklar\u0131<\/strong> aras\u0131nda ger\u00e7ekle\u015ftirilen \u0130SG konulu<strong> resim yar\u0131\u015fmas\u0131<\/strong>nda dereceye girenlere \u00f6d\u00fcller, e\u011fitim sahas\u0131nda d\u00fczenlenen<strong> \u00f6d\u00fcl t\u00f6reninde<\/strong> takdim edildi.<\/p>\n<p>Hayal d\u00fcnyalar\u0131nda canland\u0131rarak<strong> i\u015f sa\u011fl\u0131\u011f\u0131 <\/strong>ve<strong> g\u00fcvenli\u011fi<\/strong> konusunda \u00e7izdikleri <strong>resimler<\/strong> ile <strong>\u00e7ocuklar<\/strong>, ailelerine anlaml\u0131 mesajlar verdiler. Yar\u0131\u015fmada dereceye giren \u00e7ocuklar \u00f6d\u00fcllerini, <em>F\u0131rat EDA\u015e Da\u011f\u0131t\u0131m Operasyonlar\u0131<\/em> Genel M\u00fcd\u00fcr\u00fc <strong>\u00d6mer Kandemir<\/strong>\u2019in elinden ald\u0131. <strong>\u015eirket \u00e7al\u0131\u015fanlar\u0131<\/strong>n\u0131n ve <strong>y\u00f6neticilerinin<\/strong> kat\u0131ld\u0131\u011f\u0131 <strong>\u00f6d\u00fcl t\u00f6reninde<\/strong> ge\u00e7ti\u011fimiz g\u00fcnlerde kalp krizi sonucu vefat eden F\u0131rat EDA\u015e \u015eirket M\u00fcd\u00fcr\u00fc <strong>Fikret T\u00fcrkmen<\/strong> rahmetle an\u0131ld\u0131.<\/p>\n<h2><strong>\u00d6MER KANDEM\u0130R: \u201c\u0130\u015e SA\u011eLI\u011eI VE \u0130\u015e G\u00dcVENL\u0130\u011e\u0130N\u0130 B\u0130R YA\u015eAM B\u0130\u00c7\u0130M\u0130 HAL\u0130NE GET\u0130RMEL\u0130Y\u0130Z\u201d<\/strong><\/h2>\n<p><strong>\u0130\u015f sa\u011fl\u0131\u011f\u0131 <\/strong>ve<strong> g\u00fcvenli\u011fi k\u00fclt\u00fcr\u00fc<\/strong>n\u00fcn kazan\u0131lmas\u0131n\u0131n aileden ba\u015flad\u0131\u011f\u0131n\u0131 belirten <em>F\u0131rat EDA\u015e Da\u011f\u0131t\u0131m Operasyonlar\u0131<\/em> Genel M\u00fcd\u00fcr\u00fc <strong>\u00d6mer Kandemir<\/strong>, <em>\u201cAile i\u00e7inde de e\u015flerimize ve \u00e7ocuklar\u0131m\u0131za bu bilinci a\u015f\u0131lmal\u0131y\u0131z\u201d dedi. <strong>Elektrik da\u011f\u0131t\u0131m alan\u0131<\/strong>nda iki b\u00f6lgede<strong> 2 bin 500<\/strong>\u2019\u00fcn \u00fczerinde \u00e7al\u0131\u015fanlar\u0131n\u0131n oldu\u011funu hat\u0131rlatan <strong>\u00d6mer Kandemir<\/strong>, \u201c\u00c7al\u0131\u015fanlar\u0131m\u0131z\u0131n ailelerini de dahil etti\u011fimizde asl\u0131nda <strong>6 bin ki\u015filik<\/strong> b\u00fcy\u00fck bir aileyiz. Bir \u00e7al\u0131\u015fan\u0131m\u0131z\u0131n <strong>i\u015f kazas\u0131 ge\u00e7irmesi<\/strong> ve istenmeyen sonu\u00e7larla kar\u015f\u0131la\u015f\u0131lmas\u0131 bu <strong>6 bin ki\u015filik ailenin<\/strong> can\u0131n\u0131 \u00e7ok ciddi bir \u015fekilde ac\u0131t\u0131yor. Bu noktada \u00f6zellikle sekt\u00f6r\u00fcm\u00fczde <strong>i\u015f sa\u011fl\u0131\u011f\u0131 <\/strong>ve<strong> i\u015f g\u00fcvenli\u011fini<\/strong> bir ya\u015fam bi\u00e7imi haline getirmek zorunday\u0131z\u201d<\/em> diye konu\u015ftu.<\/p>\n<h2><strong>KANDEM\u0130R: \u201cHAYATIN HER ALANINDA \u0130SG VAR\u201d<\/strong><\/h2>\n<p><strong>\u0130\u015f sa\u011fl\u0131\u011f\u0131 ve g\u00fcvenli\u011fi malzemeleri<\/strong>nin do\u011fru bir bi\u00e7imde kullan\u0131lmas\u0131n\u0131n \u00f6nemli oldu\u011funu ifade eden \u00d6mer Kandemir,<em> \u201cHayat\u0131n her alan\u0131nda <strong>i\u015f sa\u011fl\u0131\u011f\u0131 <\/strong>ve<strong> g\u00fcvenli\u011fi kural\u0131<\/strong> vard\u0131r. Arabam\u0131za bindi\u011fimizde <strong>kemerimizi takmak<\/strong> bir <strong>\u0130SG kural\u0131<\/strong>d\u0131r. Evimizde bula\u015f\u0131k makinesine keskin mutfak e\u015fyalar\u0131n\u0131 yerle\u015ftirmek dahi <strong>i\u015f sa\u011fl\u0131\u011f\u0131<\/strong> ve<strong> g\u00fcvenli\u011fi<\/strong> ile alakal\u0131d\u0131r. Elektrik dire\u011fine <strong>gerekli te\u00e7hizatla<\/strong> \u00e7\u0131kmak <strong>i\u015f sa\u011fl\u0131\u011f\u0131 g\u00fcvenli\u011fi<\/strong> kural\u0131n\u0131 ta\u015f\u0131maktad\u0131r. Yapt\u0131\u011f\u0131m\u0131z her i\u015fte, <strong>i\u015f sa\u011fl\u0131\u011f\u0131<\/strong> ve <strong>g\u00fcvenli\u011fi<\/strong> kurallar\u0131na uymak her zaman \u00f6nceli\u011fimiz olmal\u0131d\u0131r\u201d diyerek, s\u00f6zlerini \u015fu c\u00fcmlelerle tamamlad\u0131: \u201cBu vesile ile yar\u0131\u015fman\u0131n ger\u00e7ekle\u015fmesinde b\u00fcy\u00fck katk\u0131lar\u0131 olan ve ge\u00e7ti\u011fimiz g\u00fcnlerde kalp krizi ge\u00e7irerek aram\u0131zdan ayr\u0131lan \u015eirket M\u00fcd\u00fcr\u00fcm\u00fcz <strong>Fikret T\u00fcrkmen<\/strong>\u2019i bir kez daha rahmetle an\u0131yor, <strong>dereceye giren t\u00fcm \u00e7ocuklar\u0131m\u0131z\u0131<\/strong> tebrik ediyorum.\u201d<\/em><\/p>","protected":false},"excerpt":{"rendered":"<p>Sorry, this entry is only available in Turkish. For the sake of viewer convenience, the content is shown below in the alternative language. You may click the link to switch the active language. F\u0131rat Elektrik Da\u011f\u0131t\u0131m A.\u015e., \u0130\u015f Sa\u011fl\u0131\u011f\u0131 ve G\u00fcvenli\u011fi (\u0130SG) Haftas\u0131 \u00e7er\u00e7evesinde \u201c\u0130\u015f G\u00fcvenli\u011fi \u0130\u00e7in El Ele\u201d slogan\u0131 ile \u00e7al\u0131\u015fanlar\u0131n \u00e7ocuklar\u0131 aras\u0131nda d\u00fczenledi\u011fi [&hellip;]<\/p>\n","protected":false},"author":1,"featured_media":135258,"comment_status":"open","ping_status":"open","sticky":false,"template":"","format":"standard","meta":[],"categories":[51,53],"tags":[90709,88162,29896,71517,90707,33050,49294,90708],"views":109,"_links":{"self":[{"href":"https:\/\/www.enerjigazetesi.ist\/en\/wp-json\/wp\/v2\/posts\/135256"}],"collection":[{"href":"https:\/\/www.enerjigazetesi.ist\/en\/wp-json\/wp\/v2\/posts"}],"about":[{"href":"https:\/\/www.enerjigazetesi.ist\/en\/wp-json\/wp\/v2\/types\/post"}],"author":[{"embeddable":true,"href":"https:\/\/www.enerjigazetesi.ist\/en\/wp-json\/wp\/v2\/users\/1"}],"replies":[{"embeddable":true,"href":"https:\/\/www.enerjigazetesi.ist\/en\/wp-json\/wp\/v2\/comments?post=135256"}],"version-history":[{"count":0,"href":"https:\/\/www.enerjigazetesi.ist\/en\/wp-json\/wp\/v2\/posts\/135256\/revisions"}],"wp:featuredmedia":[{"embeddable":true,"href":"https:\/\/www.enerjigazetesi.ist\/en\/wp-json\/wp\/v2\/media\/135258"}],"wp:attachment":[{"href":"https:\/\/www.enerjigazetesi.ist\/en\/wp-json\/wp\/v2\/media?parent=135256"}],"wp:term":[{"taxonomy":"category","embeddable":true,"href":"https:\/\/www.enerjigazetesi.ist\/en\/wp-json\/wp\/v2\/categories?post=135256"},{"taxonomy":"post_tag","embeddable":true,"href":"https:\/\/www.enerjigazetesi.ist\/en\/wp-json\/wp\/v2\/tags?post=135256"}],"curies":[{"name":"wp","href":"https:\/\/api.w.org\/{rel}","templated":true}]}}