{"id":13505,"date":"2013-07-29T10:39:20","date_gmt":"2013-07-29T07:39:20","guid":{"rendered":"https:\/\/www.enerjigazetesi.ist\/?p=13505"},"modified":"2013-07-29T10:39:20","modified_gmt":"2013-07-29T07:39:20","slug":"yenilenebilir-enerji-sistemleri-sekaparkta","status":"publish","type":"post","link":"https:\/\/www.enerjigazetesi.ist\/en\/yenilenebilir-enerji-sistemleri-sekaparkta\/","title":{"rendered":"(Turkish) Yenilenebilir Enerji Sistemleri Sekapark`ta!"},"content":{"rendered":"<p class=\"qtranxs-available-languages-message qtranxs-available-languages-message-en\">Sorry, this entry is only available in <a href=\"https:\/\/www.enerjigazetesi.ist\/tr\/wp-json\/wp\/v2\/posts\/13505\" class=\"qtranxs-available-language-link qtranxs-available-language-link-tr\" title=\"Turkish\">Turkish<\/a>. For the sake of viewer convenience, the content is shown below in the alternative language. You may click the link to switch the active language.<\/p><p><strong>Kocaeli B\u00fcy\u00fck\u015fehir Belediyesi, yenilenebilir enerji kaynaklar\u0131ndan yararlanmak \u00fczere g\u00fcne\u015f ve r\u00fczgara dayal\u0131 \u00f6rnek sistemler kurdu.<\/strong><\/p>\n<p>Kocaeli B\u00fcy\u00fck\u015fehir Belediyesi Sekapark`ta kurulan r\u00fczgar ve g\u00fcne\u015f enerjisinden elektrik \u00fcreten sistemleri devreye soktu. Sistemlerin Sekapark i\u00e7indeki tepelerden birine kurulmu\u015f olmas\u0131, halka yenilenebilir enerji kaynaklar\u0131n\u0131 yerinde g\u00f6rme \u015fans\u0131 tan\u0131yor. Kurulan enerji \u00fcss\u00fcndeki sistemleri<a href=\"https:\/\/www.enerjigazetesi.ist\/wp-content\/uploads\/2013\/07\/gunes-ve-ruzgar-yenilenebilir-eneri-sistemleri-sekapark-ta.jpg\"><img loading=\"lazy\" class=\"alignleft size-medium wp-image-13506\" title=\"gunes-ve-ruzgar-yenilenebilir-eneri-sistemleri-sekapark-ta\" src=\"https:\/\/www.enerjigazetesi.ist\/wp-content\/uploads\/2013\/07\/gunes-ve-ruzgar-yenilenebilir-eneri-sistemleri-sekapark-ta-300x190.jpg\" alt=\"\" width=\"300\" height=\"190\" srcset=\"https:\/\/www.enerjigazetesi.ist\/wp-content\/uploads\/2013\/07\/gunes-ve-ruzgar-yenilenebilir-eneri-sistemleri-sekapark-ta-300x190.jpg 300w, https:\/\/www.enerjigazetesi.ist\/wp-content\/uploads\/2013\/07\/gunes-ve-ruzgar-yenilenebilir-eneri-sistemleri-sekapark-ta-80x50.jpg 80w, https:\/\/www.enerjigazetesi.ist\/wp-content\/uploads\/2013\/07\/gunes-ve-ruzgar-yenilenebilir-eneri-sistemleri-sekapark-ta.jpg 448w\" sizes=\"(max-width: 300px) 100vw, 300px\" \/><\/a>n \u00f6zellikle \u00e7ocuklara tan\u0131t\u0131lmas\u0131 da, gelece\u011fe yat\u0131r\u0131m a\u00e7\u0131s\u0131ndan b\u00fcy\u00fck \u00f6nem arz ediyor.<\/p>\n<p><strong>PARK BU S\u0130STEMLE AYDINLATILIYOR<\/strong><\/p>\n<p>Enerji \u00fcss\u00fcnde 12 panelden olu\u015fturulmu\u015f bir g\u00fcne\u015f enerji sistemi ile bir r\u00fczgar t\u00fcrbini yer al\u0131yor. Bu iki sistem de ayr\u0131 ayr\u0131 3`er kilovatl\u0131k enerji sa\u011fl\u0131yor ve \u00fcretilen enerji direk olarak Sekapark`a veriliyor. Sistemde \u00fcretilen toplam 6 kilovatl\u0131k enerji parktaki 50 elektrik dire\u011finin ayd\u0131nlat\u0131lmas\u0131nda kullan\u0131l\u0131yor. B\u00fcy\u00fck\u015fehir Belediyesinin \u00e7al\u0131\u015fmalar\u0131 \u00fcss\u00fcn daha da geni\u015flemesi amac\u0131yla h\u0131z kesmeden devam ediyor.<\/p>\n<p><strong>GELECE\u011e\u0130N ENERJ\u0130S\u0130 YEN\u0130LENEB\u0130L\u0130R ENERJ\u0130<\/strong><\/p>\n<p>Gelece\u011fin enerji kaynaklar\u0131 aras\u0131nda yerini alacak olan yenilenebilir enerji, \u00e7evreci ve d\u00fc\u015f\u00fck maliyetli olmas\u0131 nedeniyle \u00f6nemli bir kaynak. Fosil yak\u0131tlar\u0131n k\u00fcresel \u0131s\u0131nmay\u0131 tetikledi\u011fi g\u00fcn\u00fcm\u00fczde bu kaynaklar daha da \u00f6nem kazan\u0131yor. B\u00fcy\u00fck\u015fehir Belediyesinin Do\u011fu K\u0131\u015fla Gen\u00e7lik Park\u0131\u2019nda kurdu\u011fu g\u00fcne\u015f enerji sistemleriyle elektrik enerjisi \u00fcretiliyor.<\/p>\n<p>Kaynak: <a href=\"http:\/\/enerjigunlugu.net\/yenilenebilir-eneri-sistemleri-sekaparkta_4381.html\" target=\"_blank\">Enerji G\u00fcnl\u00fc\u011f\u00fc<\/a><\/p>","protected":false},"excerpt":{"rendered":"<p>Sorry, this entry is only available in Turkish. For the sake of viewer convenience, the content is shown below in the alternative language. You may click the link to switch the active language.Kocaeli B\u00fcy\u00fck\u015fehir Belediyesi, yenilenebilir enerji kaynaklar\u0131ndan yararlanmak \u00fczere g\u00fcne\u015f ve r\u00fczgara dayal\u0131 \u00f6rnek sistemler kurdu. Kocaeli B\u00fcy\u00fck\u015fehir Belediyesi Sekapark`ta kurulan r\u00fczgar ve g\u00fcne\u015f [&hellip;]<\/p>\n","protected":false},"author":1,"featured_media":13506,"comment_status":"open","ping_status":"open","sticky":false,"template":"","format":"standard","meta":[],"categories":[53,49,50],"tags":[19,63,67,165,227,13,1876,5146,16,7228,7227,105],"views":1008,"_links":{"self":[{"href":"https:\/\/www.enerjigazetesi.ist\/en\/wp-json\/wp\/v2\/posts\/13505"}],"collection":[{"href":"https:\/\/www.enerjigazetesi.ist\/en\/wp-json\/wp\/v2\/posts"}],"about":[{"href":"https:\/\/www.enerjigazetesi.ist\/en\/wp-json\/wp\/v2\/types\/post"}],"author":[{"embeddable":true,"href":"https:\/\/www.enerjigazetesi.ist\/en\/wp-json\/wp\/v2\/users\/1"}],"replies":[{"embeddable":true,"href":"https:\/\/www.enerjigazetesi.ist\/en\/wp-json\/wp\/v2\/comments?post=13505"}],"version-history":[{"count":1,"href":"https:\/\/www.enerjigazetesi.ist\/en\/wp-json\/wp\/v2\/posts\/13505\/revisions"}],"predecessor-version":[{"id":13507,"href":"https:\/\/www.enerjigazetesi.ist\/en\/wp-json\/wp\/v2\/posts\/13505\/revisions\/13507"}],"wp:featuredmedia":[{"embeddable":true,"href":"https:\/\/www.enerjigazetesi.ist\/en\/wp-json\/wp\/v2\/media\/13506"}],"wp:attachment":[{"href":"https:\/\/www.enerjigazetesi.ist\/en\/wp-json\/wp\/v2\/media?parent=13505"}],"wp:term":[{"taxonomy":"category","embeddable":true,"href":"https:\/\/www.enerjigazetesi.ist\/en\/wp-json\/wp\/v2\/categories?post=13505"},{"taxonomy":"post_tag","embeddable":true,"href":"https:\/\/www.enerjigazetesi.ist\/en\/wp-json\/wp\/v2\/tags?post=13505"}],"curies":[{"name":"wp","href":"https:\/\/api.w.org\/{rel}","templated":true}]}}