{"id":134984,"date":"2021-05-17T09:35:21","date_gmt":"2021-05-17T06:35:21","guid":{"rendered":"https:\/\/www.enerjigazetesi.ist\/?p=134984"},"modified":"2021-05-17T09:35:21","modified_gmt":"2021-05-17T06:35:21","slug":"dijital-benim-isimde-yarisma-heyecani-basladi","status":"publish","type":"post","link":"https:\/\/www.enerjigazetesi.ist\/en\/dijital-benim-isimde-yarisma-heyecani-basladi\/","title":{"rendered":"(Turkish) &#8217;Dijital Benim \u0130\u015fim&#8217;de Yar\u0131\u015fma Heyecan\u0131 Ba\u015flad\u0131"},"content":{"rendered":"<p class=\"qtranxs-available-languages-message qtranxs-available-languages-message-en\">Sorry, this entry is only available in <a href=\"https:\/\/www.enerjigazetesi.ist\/tr\/wp-json\/wp\/v2\/posts\/134984\" class=\"qtranxs-available-language-link qtranxs-available-language-link-tr\" title=\"Turkish\">Turkish<\/a>. For the sake of viewer convenience, the content is shown below in the alternative language. You may click the link to switch the active language.<\/p><p><\/p>\n<h1><strong>Hayat Boyu \u00d6\u011frenme Genel M\u00fcd\u00fcrl\u00fc\u011f\u00fc, T\u00fcrkiye \u0130\u015f Kurumu Genel M\u00fcd\u00fcrl\u00fc\u011f\u00fc ve T\u00fcrkiye Vodafone Vakf\u0131 i\u015fbirli\u011fiyle hayata ge\u00e7irilen \u201cDijital Benim \u0130\u015fim\u201d projesi kapsam\u0131nda \u201cDijital Pazarlama\u201d e\u011fitimi alan kad\u0131nlar aras\u0131nda Sosyal Medya Kampanya Yar\u0131\u015fmas\u0131 d\u00fczenlenecek. Yar\u0131\u015fmac\u0131lar se\u00e7tikleri bir k\u00fc\u00e7\u00fck i\u015fletmenin sosyal medya hesaplar\u0131n\u0131 1 ay boyunca y\u00f6netecek. Ba\u015fvurular 21 May\u0131s 2021\u2019e kadar s\u00fcrecek.<\/strong><\/h1>\n<p>Teknolojinin g\u00fcc\u00fcn\u00fc kad\u0131nlar\u0131n potansiyeliyle bulu\u015fturmak \u00fczere\u00a0Hayat Boyu \u00d6\u011frenme Genel M\u00fcd\u00fcrl\u00fc\u011f\u00fc, T\u00fcrkiye \u0130\u015f Kurumu Genel M\u00fcd\u00fcrl\u00fc\u011f\u00fc ve T\u00fcrkiye Vodafone Vakf\u0131 i\u015fbirli\u011fiyle hayata ge\u00e7irilen <strong>\u201cDijital Benim \u0130\u015fim\u201d<\/strong> projesinde yar\u0131\u015fma heyecan\u0131 ba\u015flad\u0131. <strong>18 ya\u015f \u00fcst\u00fc kad\u0131nlar\u0131n<\/strong> <img loading=\"lazy\" class=\"alignright wp-image-134986\" src=\"https:\/\/www.enerjigazetesi.ist\/wp-content\/uploads\/2021\/05\/dijital-benim-isimde-yarisma-heyecani-basladi-1.jpg\" alt=\"\" width=\"320\" height=\"266\" srcset=\"https:\/\/www.enerjigazetesi.ist\/wp-content\/uploads\/2021\/05\/dijital-benim-isimde-yarisma-heyecani-basladi-1.jpg 550w, https:\/\/www.enerjigazetesi.ist\/wp-content\/uploads\/2021\/05\/dijital-benim-isimde-yarisma-heyecani-basladi-1-300x249.jpg 300w, https:\/\/www.enerjigazetesi.ist\/wp-content\/uploads\/2021\/05\/dijital-benim-isimde-yarisma-heyecani-basladi-1-481x400.jpg 481w, https:\/\/www.enerjigazetesi.ist\/wp-content\/uploads\/2021\/05\/dijital-benim-isimde-yarisma-heyecani-basladi-1-60x50.jpg 60w, https:\/\/www.enerjigazetesi.ist\/wp-content\/uploads\/2021\/05\/dijital-benim-isimde-yarisma-heyecani-basladi-1-500x415.jpg 500w\" sizes=\"(max-width: 320px) 100vw, 320px\" \/>dijital\u00a0becerilerinin art\u0131r\u0131lmas\u0131n\u0131n ama\u00e7land\u0131\u011f\u0131 projede \u201cDijital Pazarlama\u201d e\u011fitimini tamamlayan kad\u0131nlar aras\u0131nda <strong>Sosyal Medya Kampanya Yar\u0131\u015fmas\u0131<\/strong> d\u00fczenlenecek. Yar\u0131\u015fmada kat\u0131l\u0131mc\u0131lardan se\u00e7tikleri bir k\u00fc\u00e7\u00fck i\u015fletmenin sosyal medya hesaplar\u0131n\u0131\u00a0<strong>1 ay<\/strong> boyunca y\u00f6netmeleri istenecek.\u00a0Yar\u0131\u015fma sonucunda <strong>ilk 3\u2019e giren<\/strong> yar\u0131\u015fmac\u0131lara para \u00f6d\u00fcl\u00fc, <strong>2<\/strong> yar\u0131\u015fmac\u0131ya ise <strong>J\u00fcri \u00d6zel \u00d6d\u00fcl\u00fc<\/strong> verilecek.<\/p>\n<p><strong>Sosyal Medya Kampanya Yar\u0131\u015fmas\u0131<\/strong>\u2019na ba\u015fvurular\u00a0<strong>21 May\u0131s\u2019a<\/strong>\u00a0kadar devam edecek. Ba\u015fvuru i\u00e7in bir motivasyon mektubu ve i\u015f plan\u0131 beyan etmek yeterli olacak. \u00d6n elemeyi ge\u00e7en <strong>ba\u015fvuru sahipleri<\/strong> yar\u0131\u015fmaya kat\u0131lmaya hak kazanacak.<\/p>\n<p><strong>Hayat Boyu \u00d6\u011frenme Genel M\u00fcd\u00fcr\u00fc Yusuf B\u00fcy\u00fck<\/strong>\u00a0<span style=\"text-decoration: underline;\">\u015funlar\u0131 s\u00f6yledi:<\/span><\/p>\n<p><em>\u201c<strong>Hayat Boyu \u00d6\u011frenme Genel M\u00fcd\u00fcrl\u00fc\u011f\u00fc<\/strong> olarak, bir \u00fclkenin sahip oldu\u011fu en de\u011ferli do\u011fal kayna\u011f\u0131n insan oldu\u011fundan hareketle; <strong>yetenekleri, ya\u015flar\u0131, \u00f6\u011frenim d\u00fczeyleri<\/strong> \u00e7ok \u00e7e\u015fitli olan ve kendini geli\u015ftirmek isteyen t\u00fcm bireylere e\u011fitim deste\u011fi sa\u011flamaya devam ediyoruz. \u2018<strong>Dijital Benim \u0130\u015fim\u2019 projesi<\/strong> bu ama\u00e7la ger\u00e7ekle\u015ftirdi\u011fimiz ve dezavantajl\u0131 kad\u0131nlar\u0131n dijital alanda g\u00fc\u00e7lendirilmesini hedefleyen harmanlanm\u0131\u015f e\u011fitim modeli ile haz\u0131rlanan bir projedir. <strong>Proje<\/strong> ile <strong>13 ilde<\/strong> <strong>Dijital Okuryazarl\u0131k ve Dijital Pazarlama e\u011fitimleri<\/strong>miz devam ediyor ve projenin etki alan\u0131 kad\u0131nlar\u0131n yo\u011fun ilgisi ile g\u00fcn ge\u00e7tik\u00e7e b\u00fcy\u00fcyor. Aral\u0131k ay\u0131nda ba\u015flayan e\u011fitimlerimizle bug\u00fcne kadar yakla\u015f\u0131k <strong>4 bin kad\u0131na dijital alanda e\u011fitim<\/strong> vermenin sevincini ya\u015f\u0131yoruz. Proje kapsam\u0131nda kad\u0131nlara sadece e\u011fitim vermiyor, <strong>Sosyal Medya Kampanya Yar\u0131\u015fmas\u0131<\/strong> ile bu e\u011fitimleri hayata ge\u00e7irmeleri i\u00e7in de olanak sa\u011fl\u0131yoruz. E\u011fitimlerin uygulamaya d\u00f6n\u00fc\u015ft\u00fc\u011f\u00fc bu yar\u0131\u015fmada <strong>t\u00fcm kursiyerlerimize<\/strong> ba\u015far\u0131lar diler, hayat boyu \u00f6\u011frenen bir T\u00fcrkiye i\u00e7in \u00e7al\u0131\u015fmalar\u0131m\u0131z\u0131n devam edece\u011fini belirtmek isteriz.\u201d<\/em><\/p>\n<p><strong>T\u00fcrkiye Vodafone Vakf\u0131 Ba\u015fkan\u0131 Hasan S\u00fcel<\/strong>\u00a0<span style=\"text-decoration: underline;\">\u015funlar\u0131 s\u00f6yledi:\u00a0<\/span><\/p>\n<p><em>\u201c<strong>T\u00fcrkiye Vodafone Vakf\u0131\u00a0<\/strong>olarak,\u00a0yapt\u0131\u011f\u0131m\u0131z her i\u015fin bir amaca hizmet etmesi gerekti\u011fine inan\u0131yoruz.<strong>\u00a0\u2018Dijital Benim \u0130\u015fim\u2019 projesi<\/strong>ni de ama\u00e7 odakl\u0131 vizyonumuzdan yola \u00e7\u0131karak tasarlad\u0131k. Hem toplumun dijitalle\u015fmesine katk\u0131da bulunaca\u011f\u0131m\u0131z, hem de kad\u0131nlar\u0131n geli\u015fimini destekleyece\u011fimiz bir projeyi hayata ge\u00e7irdik. Bu projeyle, teknolojinin g\u00fcc\u00fcn\u00fc kullanarak kad\u0131nlar\u0131 meslek sahibi yaparken, <strong>dijital toplum hedefimize<\/strong> de bir ad\u0131m daha yakla\u015fm\u0131\u015f olaca\u011f\u0131z.\u00a0<strong>\u2018Dijital Benim \u0130\u015fim\u2019 projesiyle<\/strong>\u00a0kad\u0131nlar\u0131n dijitalle\u015fme potansiyelini farkl\u0131 e\u011fitim programlar\u0131yla ortaya \u00e7\u0131karmaya devam ediyoruz.\u00a0Proje kapsam\u0131nda verdi\u011fimiz <strong>40<\/strong> saatlik <strong>\u2018Dijital Pazarlama\u2019 e\u011fitimi<\/strong>ni tamamlayan kad\u0131n kursiyerler aras\u0131nda <strong>Sosyal Medya Kampanya Yar\u0131\u015fmas\u0131<\/strong> d\u00fczenliyoruz. Bu yar\u0131\u015fmada kursiyerlerimizden se\u00e7tikleri bir k\u00fc\u00e7\u00fck i\u015fletmenin sosyal medya hesaplar\u0131n\u0131 1 ay boyunca y\u00f6netmelerini isteyece\u011fiz. Kursiyerlerimize e\u011fitimde edindikleri bilgileri ger\u00e7ek hayatta uygulama imk\u00e2n\u0131 sunaca\u011f\u0131m\u0131z bu yar\u0131\u015fman\u0131n onlar i\u00e7in \u00f6nemli bir deneyim olaca\u011f\u0131na inan\u0131yor, kendilerine \u015fimdiden ba\u015far\u0131lar diliyoruz. <strong>T\u00fcrkiye Vodafone Vakf\u0131<\/strong> olarak,<strong> kad\u0131nlar\u0131n hayat\u0131n\u0131 dijital teknolojilerin sundu\u011fu imk\u00e2nlarla<\/strong> kolayla\u015ft\u0131rmaya devam edece\u011fiz.\u201d<\/em><\/p>\n<h2><strong>13 ilde yakla\u015f\u0131k 12 bin kad\u0131na ula\u015f\u0131lacak<\/strong><\/h2>\n<p><strong>\u201cDijital Benim \u0130\u015fim\u201d projesi<\/strong> kapsam\u0131nda, kad\u0131n kursiyerlere\u00a0<strong>24 saatlik<\/strong>\u00a0\u201cDijital Okuryazarl\u0131k\u201d ve <strong>40 saatlik<\/strong> \u201cDijital Pazarlama\u201d<strong>\u00a0<\/strong>e\u011fitimleri veriliyor.\u00a0<strong>\u0130stanbul, Ankara, \u0130zmir, Bursa, Antalya, Samsun, Mardin, Afyonkarahisar, Elaz\u0131\u011f, Sivas, A\u011fr\u0131, Kastamonu<\/strong> ve<strong> Gaziantep\u2019te<\/strong> d\u00fczenlenen\u00a0e\u011fitimler, bu illerdeki <strong>Halk E\u011fitimi Merkezleri&#8217;<\/strong>nde g\u00f6revli <strong>140 e\u011fitici<\/strong> taraf\u0131ndan veriliyor.\u00a0Proje kapsam\u0131nda e\u011fitimlerin bir k\u0131sm\u0131 s\u0131n\u0131f i\u00e7inde <strong>y\u00fcz y\u00fcze verilen e\u011fitimler<\/strong>, bir k\u0131sm\u0131 da <strong>Hayat Boyu \u00d6\u011frenme Genel M\u00fcd\u00fcrl\u00fc\u011f\u00fc Uzaktan E\u011fitim platformu<\/strong> \u00fczerinden izlenen videolar \u015feklinde ger\u00e7ekle\u015fiyor. Projeyle <strong>13 ilde<\/strong> yakla\u015f\u0131k\u00a0<strong>12 bin<\/strong> kad\u0131na ula\u015f\u0131lmas\u0131 hedefleniyor.<\/p>\n<h2><strong>Dijital mesleki e\u011fitim veriliyor<\/strong><\/h2>\n<p><strong>\u201cDijital Benim \u0130\u015fim\u201d projesi<\/strong> kapsam\u0131nda verilen <strong>\u201cDijital Pazarlama\u201d e\u011fitimleri<\/strong>yle, <strong>kad\u0131nlara dijital beceri kazand\u0131r\u0131lmas\u0131<\/strong> ve <strong>dijital mesleki e\u011fitim verilerek<\/strong> i\u015fg\u00fcc\u00fcne kat\u0131lmalar\u0131na olanak sa\u011flanmas\u0131 hedefleniyor. E\u011fitim konular\u0131 aras\u0131nda <strong>Pazarlamaya Giri\u015f ve Dijital Pazarlaman\u0131n Temelleri, Sosyal Medya Y\u00f6netimi, G\u00f6rsel \u00dcretimi ve Y\u00f6netimi, Mobil Pazarlama, Dijital Pazarlamada G\u00fcncel Stratejiler, E-Posta Pazarlama, Halkla \u0130li\u015fkilerde Temel Yakla\u015f\u0131mlar ve Dijitalde \u0130tibar Y\u00f6netimi, Yasal D\u00fczenlemeler, E-Ticaret, Arama Motoru Pazarlamas\u0131, Sosyal Medya Y\u00f6netimi<\/strong> bulunuyor. T\u00fcrkiye \u0130\u015f Kurumu Genel M\u00fcd\u00fcrl\u00fc\u011f\u00fc de<strong> \u201cDijital Pazarlama\u201d e\u011fitimleri<\/strong>ne yo\u011funla\u015ft\u0131r\u0131lm\u0131\u015f <strong>i\u015f ve meslek dan\u0131\u015fmanl\u0131\u011f\u0131 program\u0131<\/strong> \u0130\u015f Kul\u00fcb\u00fc ile destek oluyor.<\/p>","protected":false},"excerpt":{"rendered":"<p>Sorry, this entry is only available in Turkish. For the sake of viewer convenience, the content is shown below in the alternative language. You may click the link to switch the active language. Hayat Boyu \u00d6\u011frenme Genel M\u00fcd\u00fcrl\u00fc\u011f\u00fc, T\u00fcrkiye \u0130\u015f Kurumu Genel M\u00fcd\u00fcrl\u00fc\u011f\u00fc ve T\u00fcrkiye Vodafone Vakf\u0131 i\u015fbirli\u011fiyle hayata ge\u00e7irilen \u201cDijital Benim \u0130\u015fim\u201d projesi kapsam\u0131nda [&hellip;]<\/p>\n","protected":false},"author":1,"featured_media":134987,"comment_status":"open","ping_status":"open","sticky":false,"template":"","format":"standard","meta":[],"categories":[53,157],"tags":[90469,90470,90467,90471,65918,90468,57068],"views":61,"_links":{"self":[{"href":"https:\/\/www.enerjigazetesi.ist\/en\/wp-json\/wp\/v2\/posts\/134984"}],"collection":[{"href":"https:\/\/www.enerjigazetesi.ist\/en\/wp-json\/wp\/v2\/posts"}],"about":[{"href":"https:\/\/www.enerjigazetesi.ist\/en\/wp-json\/wp\/v2\/types\/post"}],"author":[{"embeddable":true,"href":"https:\/\/www.enerjigazetesi.ist\/en\/wp-json\/wp\/v2\/users\/1"}],"replies":[{"embeddable":true,"href":"https:\/\/www.enerjigazetesi.ist\/en\/wp-json\/wp\/v2\/comments?post=134984"}],"version-history":[{"count":0,"href":"https:\/\/www.enerjigazetesi.ist\/en\/wp-json\/wp\/v2\/posts\/134984\/revisions"}],"wp:featuredmedia":[{"embeddable":true,"href":"https:\/\/www.enerjigazetesi.ist\/en\/wp-json\/wp\/v2\/media\/134987"}],"wp:attachment":[{"href":"https:\/\/www.enerjigazetesi.ist\/en\/wp-json\/wp\/v2\/media?parent=134984"}],"wp:term":[{"taxonomy":"category","embeddable":true,"href":"https:\/\/www.enerjigazetesi.ist\/en\/wp-json\/wp\/v2\/categories?post=134984"},{"taxonomy":"post_tag","embeddable":true,"href":"https:\/\/www.enerjigazetesi.ist\/en\/wp-json\/wp\/v2\/tags?post=134984"}],"curies":[{"name":"wp","href":"https:\/\/api.w.org\/{rel}","templated":true}]}}