{"id":134799,"date":"2021-05-11T13:37:19","date_gmt":"2021-05-11T10:37:19","guid":{"rendered":"https:\/\/www.enerjigazetesi.ist\/?p=134799"},"modified":"2021-05-11T13:37:19","modified_gmt":"2021-05-11T10:37:19","slug":"sedastan-engelsiz-cagri-merkezi-hizmeti","status":"publish","type":"post","link":"https:\/\/www.enerjigazetesi.ist\/en\/sedastan-engelsiz-cagri-merkezi-hizmeti\/","title":{"rendered":"(Turkish) SEDA\u015e\u2019tan &#8220;Engelsiz \u00c7a\u011fr\u0131 Merkezi&#8221; Hizmeti"},"content":{"rendered":"<p class=\"qtranxs-available-languages-message qtranxs-available-languages-message-en\">Sorry, this entry is only available in <a href=\"https:\/\/www.enerjigazetesi.ist\/tr\/wp-json\/wp\/v2\/posts\/134799\" class=\"qtranxs-available-language-link qtranxs-available-language-link-tr\" title=\"Turkish\">Turkish<\/a>. For the sake of viewer convenience, the content is shown below in the alternative language. You may click the link to switch the active language.<\/p><p><\/p>\n<h1><strong>SEDA\u015e, ileti\u015fimde engelleri kald\u0131ran \u00f6nemli bir ad\u0131m att\u0131. 10 May\u0131s Engelliler Haftas\u0131 itibar\u0131yla, i\u015fitme engelli bireyler i\u00e7in \u00e7a\u011fr\u0131 merkezinde i\u015faret diliyle hizmet alabilme imk\u00e2n\u0131 ba\u015flad\u0131.<\/strong><\/h1>\n<p><img loading=\"lazy\" class=\"alignright wp-image-134801\" src=\"https:\/\/www.enerjigazetesi.ist\/wp-content\/uploads\/2021\/05\/sedas-tan-engelsiz-cagri-merkezi-hizmeti-2.jpg\" alt=\"\" width=\"320\" height=\"240\" srcset=\"https:\/\/www.enerjigazetesi.ist\/wp-content\/uploads\/2021\/05\/sedas-tan-engelsiz-cagri-merkezi-hizmeti-2.jpg 550w, https:\/\/www.enerjigazetesi.ist\/wp-content\/uploads\/2021\/05\/sedas-tan-engelsiz-cagri-merkezi-hizmeti-2-300x225.jpg 300w, https:\/\/www.enerjigazetesi.ist\/wp-content\/uploads\/2021\/05\/sedas-tan-engelsiz-cagri-merkezi-hizmeti-2-500x375.jpg 500w, https:\/\/www.enerjigazetesi.ist\/wp-content\/uploads\/2021\/05\/sedas-tan-engelsiz-cagri-merkezi-hizmeti-2-67x50.jpg 67w\" sizes=\"(max-width: 320px) 100vw, 320px\" \/>Mart ay\u0131nda <strong>T.C. Aile, \u00c7al\u0131\u015fma ve Sosyal Hizmetler Bakanl\u0131\u011f\u0131<\/strong> taraf\u0131ndan a\u00e7\u0131klanan verilere g\u00f6re T\u00fcrkiye\u2019de i\u015fitme engelli vatanda\u015f say\u0131s\u0131 <strong>179 bin 867<\/strong>. \u0130\u015fitme engeli bulunan <strong>yurtta\u015flar\u0131n<\/strong>, <strong>kamusal hizmetlerden yararlanabilme<\/strong> olanaklar\u0131n\u0131n art\u0131r\u0131lmas\u0131 \u00f6nem ta\u015f\u0131yor. <strong>Kocaeli, Sakarya, Bolu<\/strong> ve <strong>D\u00fczce<\/strong>&#8216;de hizmet veren <strong>Sakarya Elektrik Da\u011f\u0131t\u0131m A.\u015e. (SEDA\u015e)<\/strong>, bu konuda <strong>elektrik da\u011f\u0131t\u0131m sekt\u00f6r\u00fcnde<\/strong> \u00f6rnek olacak bir ad\u0131m att\u0131.<\/p>\n<h2><strong>\u00c7a\u011fr\u0131 merkezinde i\u015faret dili se\u00e7ene\u011fi<\/strong><\/h2>\n<p><strong>20 bin kilometrekarelik<\/strong> alanda <strong>3,7 milyon<\/strong> n\u00fcfus ve<strong> 1,9 milyon<\/strong> aboneye hizmet veren SEDA\u015e, \u201cEngelsiz \u0130leti\u015fim\u201d d\u00f6nemini ba\u015flatt\u0131.<strong> 186<\/strong> telefon numaral\u0131 <strong>SEDA\u015e \u00e7a\u011fr\u0131 merkezi<\/strong>nde, i\u015faret diliyle ileti\u015fim hizmeti de ilave edildi. <strong>10 May\u0131s Engelliler Haftas\u0131<\/strong>\u2019n\u0131n ilk g\u00fcn\u00fc itibar\u0131yla,<strong> i\u015faret dili uzman\u0131<\/strong> bir m\u00fc\u015fteri temsilcisi \u00e7a\u011fr\u0131 merkezinde g\u00f6reve ba\u015flad\u0131.<\/p>\n<h2><strong>G\u00f6r\u00fc\u015fmeler g\u00f6r\u00fcnt\u00fcl\u00fc yap\u0131lacak<\/strong><\/h2>\n<p><strong>\u201cEngelsiz \u00c7a\u011fr\u0131 Merkezi\u201d<\/strong> hizmeti kapsam\u0131nda, <strong>i\u015fitme engelli vatanda\u015flar<\/strong> SEDA\u015e web sitesindeki <strong>\u201cEngelsiz \u0130leti\u015fim i\u00e7in t\u0131klay\u0131n\u201d<\/strong> ikonu \u00fczerinden gerekli bilgileri doldurup <strong>\u00e7a\u011fr\u0131 merkezinde<\/strong> i\u015faret dili bilen <strong>m\u00fc\u015fteri temsilcisine<\/strong> ba\u011flanacaklar. <strong>G\u00f6r\u00fcnt\u00fcl\u00fc yap\u0131lacak g\u00f6r\u00fc\u015fme<\/strong> sayesinde <strong>i\u015fitme engelli bireyler<\/strong> talep ve \u015fikayetlerini <strong>i\u015faret diliyle<\/strong> aktarabilecek ve<strong> \u00e7a\u011fr\u0131 merkezi<\/strong> hizmetlerinden yararlanabilecekler.<\/p>","protected":false},"excerpt":{"rendered":"<p>Sorry, this entry is only available in Turkish. For the sake of viewer convenience, the content is shown below in the alternative language. You may click the link to switch the active language. SEDA\u015e, ileti\u015fimde engelleri kald\u0131ran \u00f6nemli bir ad\u0131m att\u0131. 10 May\u0131s Engelliler Haftas\u0131 itibar\u0131yla, i\u015fitme engelli bireyler i\u00e7in \u00e7a\u011fr\u0131 merkezinde i\u015faret diliyle hizmet [&hellip;]<\/p>\n","protected":false},"author":1,"featured_media":134802,"comment_status":"open","ping_status":"open","sticky":false,"template":"","format":"standard","meta":[],"categories":[51,53],"tags":[90309,52566,52259,90311,90310,80389,64561],"views":87,"_links":{"self":[{"href":"https:\/\/www.enerjigazetesi.ist\/en\/wp-json\/wp\/v2\/posts\/134799"}],"collection":[{"href":"https:\/\/www.enerjigazetesi.ist\/en\/wp-json\/wp\/v2\/posts"}],"about":[{"href":"https:\/\/www.enerjigazetesi.ist\/en\/wp-json\/wp\/v2\/types\/post"}],"author":[{"embeddable":true,"href":"https:\/\/www.enerjigazetesi.ist\/en\/wp-json\/wp\/v2\/users\/1"}],"replies":[{"embeddable":true,"href":"https:\/\/www.enerjigazetesi.ist\/en\/wp-json\/wp\/v2\/comments?post=134799"}],"version-history":[{"count":0,"href":"https:\/\/www.enerjigazetesi.ist\/en\/wp-json\/wp\/v2\/posts\/134799\/revisions"}],"wp:featuredmedia":[{"embeddable":true,"href":"https:\/\/www.enerjigazetesi.ist\/en\/wp-json\/wp\/v2\/media\/134802"}],"wp:attachment":[{"href":"https:\/\/www.enerjigazetesi.ist\/en\/wp-json\/wp\/v2\/media?parent=134799"}],"wp:term":[{"taxonomy":"category","embeddable":true,"href":"https:\/\/www.enerjigazetesi.ist\/en\/wp-json\/wp\/v2\/categories?post=134799"},{"taxonomy":"post_tag","embeddable":true,"href":"https:\/\/www.enerjigazetesi.ist\/en\/wp-json\/wp\/v2\/tags?post=134799"}],"curies":[{"name":"wp","href":"https:\/\/api.w.org\/{rel}","templated":true}]}}