{"id":134719,"date":"2021-05-10T12:29:03","date_gmt":"2021-05-10T09:29:03","guid":{"rendered":"https:\/\/www.enerjigazetesi.ist\/?p=134719"},"modified":"2021-05-10T12:29:03","modified_gmt":"2021-05-10T09:29:03","slug":"yedas-dan-ramazan-bayrami-seferberligi","status":"publish","type":"post","link":"https:\/\/www.enerjigazetesi.ist\/en\/yedas-dan-ramazan-bayrami-seferberligi\/","title":{"rendered":"(Turkish) YEDA\u015e&#8217;dan Ramazan Bayram\u0131 Seferberli\u011fi"},"content":{"rendered":"<p class=\"qtranxs-available-languages-message qtranxs-available-languages-message-en\">Sorry, this entry is only available in <a href=\"https:\/\/www.enerjigazetesi.ist\/tr\/wp-json\/wp\/v2\/posts\/134719\" class=\"qtranxs-available-language-link qtranxs-available-language-link-tr\" title=\"Turkish\">Turkish<\/a>. For the sake of viewer convenience, the content is shown below in the alternative language. You may click the link to switch the active language.<\/p><p><\/p>\n<h1>Ramazan Bayram\u0131\u2019nda elektrik enerjisinin kullan\u0131m\u0131 a\u00e7\u0131s\u0131ndan a\u015f\u0131r\u0131 y\u00fcklenmeler ya\u015fanabilece\u011fini dikkat \u00e7eken YEDA\u015e, olas\u0131 bir ar\u0131zaya kar\u015f\u0131 m\u00fcdahale i\u00e7in 24 saat haz\u0131r bekleyecek. 2 milyondan fazla m\u00fc\u015fterisine elektrik da\u011f\u0131t\u0131m hizmeti veren YEDA\u015e, Ramazan Bayram\u0131 s\u00fcresince kaliteli ve kesintisiz elektrik da\u011f\u0131t\u0131m hizmeti noktas\u0131nda gerekli t\u00fcm tedbirleri ald\u0131.<\/h1>\n<h2>7\/24 H\u0130ZMET ANLAYI\u015eI<\/h2>\n<p>Sorumlu oldu\u011fu <strong>5 ilden m\u00fc\u015fterileriyle<\/strong> kontroll\u00fc ve kaliteli ileti\u015fim kurmak i\u00e7in<strong> 7<\/strong> g\u00fcn<strong> 24 saat<\/strong> hizmet <img loading=\"lazy\" class=\"alignright wp-image-134721\" src=\"https:\/\/www.enerjigazetesi.ist\/wp-content\/uploads\/2021\/05\/yedas-dan-ramazan-bayrami-seferberligi-2.jpg\" alt=\"\" width=\"340\" height=\"318\" srcset=\"https:\/\/www.enerjigazetesi.ist\/wp-content\/uploads\/2021\/05\/yedas-dan-ramazan-bayrami-seferberligi-2.jpg 550w, https:\/\/www.enerjigazetesi.ist\/wp-content\/uploads\/2021\/05\/yedas-dan-ramazan-bayrami-seferberligi-2-300x280.jpg 300w, https:\/\/www.enerjigazetesi.ist\/wp-content\/uploads\/2021\/05\/yedas-dan-ramazan-bayrami-seferberligi-2-428x400.jpg 428w, https:\/\/www.enerjigazetesi.ist\/wp-content\/uploads\/2021\/05\/yedas-dan-ramazan-bayrami-seferberligi-2-54x50.jpg 54w, https:\/\/www.enerjigazetesi.ist\/wp-content\/uploads\/2021\/05\/yedas-dan-ramazan-bayrami-seferberligi-2-500x467.jpg 500w\" sizes=\"(max-width: 340px) 100vw, 340px\" \/>veren ve en son geli\u015fmi\u015f teknolojiye sahip YEDA\u015e&#8217;\u0131n <strong>186 nolu<\/strong> <strong>Elektrik Ar\u0131za Hatt\u0131<\/strong> her an ula\u015f\u0131labilir ileti\u015fim merkezi olarak hizmet verirken, <strong>186 nolu<\/strong> <strong>Elektrik Ar\u0131za Hatt\u0131<\/strong>&#8216;na ba\u011fl\u0131 ar\u0131za ekipleri de g\u00f6revlerinin ba\u015f\u0131nda olacak. Buna ba\u011fl\u0131 olarak ekipler kuran YEDA\u015e, anl\u0131k kesintilerde h\u0131zl\u0131 eri\u015fim sa\u011flanabilmesi ad\u0131na vardiya giri\u015fleri de\u011fi\u015ftirilmi\u015f, \u00f6nemli saat aral\u0131\u011f\u0131 g\u00f6z \u00f6n\u00fcnde bulundurularak \u00e7al\u0131\u015fan say\u0131lar\u0131 <strong>% 100 kapasiteye<\/strong> \u00e7\u0131kar\u0131lm\u0131\u015ft\u0131r. <strong>7\/24<\/strong> t\u00fcm ihbar, \u015fik\u00e2yet ve taleplerin kar\u015f\u0131lanaca\u011f\u0131 <strong>WeCall, WhatsApp, Webchat<\/strong> gibi uygulamalar\u0131n takibini sa\u011flayacak personel say\u0131lar\u0131 art\u0131r\u0131lm\u0131\u015ft\u0131r.<strong> SMS ekibi<\/strong> g\u00fc\u00e7lendirilerek anl\u0131k t\u00fcm kesintilerden t\u00fcketicilerin bilgilendirilmesi planlanm\u0131\u015ft\u0131r.<\/p>\n<h2>ARIZA ONARIM EK\u0130B\u0130 HAZIR<\/h2>\n<p><strong>Ramazan Bayram\u0131<\/strong> s\u00fcresince, sorumluluk b\u00f6lgemizdeki <strong>Samsun, Ordu, \u00c7orum, Amasya, Sinop<\/strong> il ve il\u00e7e merkezlerinde g\u00f6rev almak \u00fczere <strong>63 ki\u015filik n\u00f6bet\u00e7i amir kadrosu<\/strong> olu\u015fturulmu\u015ftur. Ya\u015fanabilecek herhangi bir <strong>elektrik ar\u0131zas\u0131na m\u00fcdahale<\/strong> i\u00e7in <strong>725 ki\u015filik ar\u0131za onar\u0131m<\/strong> ekibi, <strong>232 ara\u00e7<\/strong> ile g\u00f6revi ba\u015f\u0131nda olacakt\u0131r. Kullan\u0131c\u0131lar\u0131m\u0131z taraf\u0131ndan herhangi bir ar\u0131za bildirimi yap\u0131lmadan, ar\u0131za takip sistemlerimiz \u00fczerinden s\u00f6z konusu ar\u0131zay\u0131 tespit etmek ve tedarik s\u00fcreklili\u011fi uzaktan izleme sistemleri \u00fczerinden, ar\u0131za lokasyonuna intikal etmeden uzaktan besleme yolu ile da\u011f\u0131t\u0131m \u015febekesine enerji alabilece\u011fimiz, <strong>7\/24<\/strong> esas\u0131na dayal\u0131 \u00e7al\u0131\u015fan <strong>35 ki\u015filik \u015febeke y\u00f6netim operat\u00f6r\u00fc<\/strong> ekibimiz, SCADA merkezimizde g\u00f6rev alacakt\u0131r. Ayr\u0131ca <strong>elektrik da\u011f\u0131t\u0131m \u015febekesi \u00fczerinde<\/strong> s\u00f6z konusu olabilecek kal\u0131c\u0131 ar\u0131za kayna\u011f\u0131 neticesinde <strong>kritik lokasyonlar\u0131n enerjilendirilebilmesi<\/strong> i\u00e7in <strong>12 adet jenerat\u00f6r<\/strong> haz\u0131rda bulundurulacakt\u0131r.<\/p>\n<p>YEDA\u015e Genel M\u00fcd\u00fcr\u00fc Hasan Yasir Bora, <strong>Ramazan Bayram\u0131 s\u00fcresince<\/strong> <em>\u00e7a\u011fr\u0131 merkezi<\/em> ve<em> ar\u0131za ekiplerinin<\/em> haz\u0131r oldu\u011funu s\u00f6ylerken bayram s\u00fcresince <strong>yo\u011fun bir enerji sarfiyat\u0131<\/strong> olacak. Sorumluluk alan\u0131m\u0131zdaki <strong>5 ilde ekipler<\/strong> olu\u015fturuldu. Ramazan Bayram\u0131 s\u00fcresince YEDA\u015e ekipleri tedbirini ald\u0131 ve herhangi bir olas\u0131 ar\u0131zalara an\u0131nda m\u00fcdahale edilecek\u201d dedi. Genel M\u00fcd\u00fcr Bora konu\u015fmas\u0131n\u0131n sonunda t\u00fcm \u0130slam aleminin <strong>Ramazan Bayram\u0131&#8217;n\u0131 kutlayarak<\/strong> sa\u011fl\u0131kl\u0131 ve huzurlu bir bayram ge\u00e7irilmesini temenni ederim\u201d diye konu\u015ftu.<\/p>","protected":false},"excerpt":{"rendered":"<p>Sorry, this entry is only available in Turkish. For the sake of viewer convenience, the content is shown below in the alternative language. You may click the link to switch the active language. Ramazan Bayram\u0131\u2019nda elektrik enerjisinin kullan\u0131m\u0131 a\u00e7\u0131s\u0131ndan a\u015f\u0131r\u0131 y\u00fcklenmeler ya\u015fanabilece\u011fini dikkat \u00e7eken YEDA\u015e, olas\u0131 bir ar\u0131zaya kar\u015f\u0131 m\u00fcdahale i\u00e7in 24 saat haz\u0131r bekleyecek. [&hellip;]<\/p>\n","protected":false},"author":1,"featured_media":134722,"comment_status":"open","ping_status":"open","sticky":false,"template":"","format":"standard","meta":[],"categories":[51,53],"tags":[88809,23936,53114,90264,72107],"views":158,"_links":{"self":[{"href":"https:\/\/www.enerjigazetesi.ist\/en\/wp-json\/wp\/v2\/posts\/134719"}],"collection":[{"href":"https:\/\/www.enerjigazetesi.ist\/en\/wp-json\/wp\/v2\/posts"}],"about":[{"href":"https:\/\/www.enerjigazetesi.ist\/en\/wp-json\/wp\/v2\/types\/post"}],"author":[{"embeddable":true,"href":"https:\/\/www.enerjigazetesi.ist\/en\/wp-json\/wp\/v2\/users\/1"}],"replies":[{"embeddable":true,"href":"https:\/\/www.enerjigazetesi.ist\/en\/wp-json\/wp\/v2\/comments?post=134719"}],"version-history":[{"count":0,"href":"https:\/\/www.enerjigazetesi.ist\/en\/wp-json\/wp\/v2\/posts\/134719\/revisions"}],"wp:featuredmedia":[{"embeddable":true,"href":"https:\/\/www.enerjigazetesi.ist\/en\/wp-json\/wp\/v2\/media\/134722"}],"wp:attachment":[{"href":"https:\/\/www.enerjigazetesi.ist\/en\/wp-json\/wp\/v2\/media?parent=134719"}],"wp:term":[{"taxonomy":"category","embeddable":true,"href":"https:\/\/www.enerjigazetesi.ist\/en\/wp-json\/wp\/v2\/categories?post=134719"},{"taxonomy":"post_tag","embeddable":true,"href":"https:\/\/www.enerjigazetesi.ist\/en\/wp-json\/wp\/v2\/tags?post=134719"}],"curies":[{"name":"wp","href":"https:\/\/api.w.org\/{rel}","templated":true}]}}