{"id":134713,"date":"2021-05-10T12:18:53","date_gmt":"2021-05-10T09:18:53","guid":{"rendered":"https:\/\/www.enerjigazetesi.ist\/?p=134713"},"modified":"2021-05-10T15:59:30","modified_gmt":"2021-05-10T12:59:30","slug":"vaillant-hayata-gecirdigi-calismalari-surdurulebilirlik-zirvesinde-anlatti","status":"publish","type":"post","link":"https:\/\/www.enerjigazetesi.ist\/en\/vaillant-hayata-gecirdigi-calismalari-surdurulebilirlik-zirvesinde-anlatti\/","title":{"rendered":"(Turkish) &#8217;Vaillant&#8217;tan S\u00fcrd\u00fcr\u00fclebilirlik Odakl\u0131 \u00c7evre Dostu \u00c7al\u0131\u015fmalar"},"content":{"rendered":"<p class=\"qtranxs-available-languages-message qtranxs-available-languages-message-en\">Sorry, this entry is only available in <a href=\"https:\/\/www.enerjigazetesi.ist\/tr\/wp-json\/wp\/v2\/posts\/134713\" class=\"qtranxs-available-language-link qtranxs-available-language-link-tr\" title=\"Turkish\">Turkish<\/a>. For the sake of viewer convenience, the content is shown below in the alternative language. You may click the link to switch the active language.<\/p><p><\/p>\n<h1><strong>Vaillant Group T\u00fcrkiye CEO\u2019su Alper Avdel, Harvard Business Review (HBR) taraf\u0131ndan d\u00fczenlenen \u201cS\u00fcrd\u00fcr\u00fclebilirlik Zirvesi: De\u011fer Odakl\u0131 Yakla\u015f\u0131m\u201d etkinli\u011fine kat\u0131ld\u0131. Vaillant Group olarak kaynaklar\u0131n\u0131n b\u00fcy\u00fck b\u00f6l\u00fcm\u00fcn\u00fc s\u00fcrd\u00fcr\u00fclebilirlik \u00e7al\u0131\u015fmalar\u0131na ay\u0131rd\u0131klar\u0131n\u0131 belirten Avdel, \u201cS\u00fcrd\u00fcr\u00fclebilirlik bilinci ile \u00e7al\u0131\u015fmalar\u0131m\u0131za y\u00f6n veriyor ve bu do\u011frultuda \u00e7evre dostu<img loading=\"lazy\" class=\"alignright wp-image-134715\" src=\"https:\/\/www.enerjigazetesi.ist\/wp-content\/uploads\/2021\/05\/vaillant-hayata-gecirdigi-calismalari-surdurulebilirlik-zirvesinde-anlatti-1.jpg\" alt=\"\" width=\"320\" height=\"350\" srcset=\"https:\/\/www.enerjigazetesi.ist\/wp-content\/uploads\/2021\/05\/vaillant-hayata-gecirdigi-calismalari-surdurulebilirlik-zirvesinde-anlatti-1.jpg 550w, https:\/\/www.enerjigazetesi.ist\/wp-content\/uploads\/2021\/05\/vaillant-hayata-gecirdigi-calismalari-surdurulebilirlik-zirvesinde-anlatti-1-275x300.jpg 275w, https:\/\/www.enerjigazetesi.ist\/wp-content\/uploads\/2021\/05\/vaillant-hayata-gecirdigi-calismalari-surdurulebilirlik-zirvesinde-anlatti-1-366x400.jpg 366w, https:\/\/www.enerjigazetesi.ist\/wp-content\/uploads\/2021\/05\/vaillant-hayata-gecirdigi-calismalari-surdurulebilirlik-zirvesinde-anlatti-1-46x50.jpg 46w, https:\/\/www.enerjigazetesi.ist\/wp-content\/uploads\/2021\/05\/vaillant-hayata-gecirdigi-calismalari-surdurulebilirlik-zirvesinde-anlatti-1-500x546.jpg 500w\" sizes=\"(max-width: 320px) 100vw, 320px\" \/> \u00fcr\u00fcn geli\u015ftirme \u00fczerine yo\u011funla\u015f\u0131yoruz\u201d dedi.<\/strong><\/h1>\n<p><strong>Vaillant T\u00fcrkiye<\/strong>, d\u00fcnyan\u0131n en prestijli i\u015f ve y\u00f6netim dergisi <strong>Harvard Business Review (HBR)<\/strong> taraf\u0131ndan d\u00fczenlenen<strong> \u201cS\u00fcrd\u00fcr\u00fclebilirlik Zirvesi: De\u011fer Odakl\u0131 Yakla\u015f\u0131m\u201d<\/strong>\u00a0etkinli\u011finde, <strong>147 y\u0131ld\u0131r<\/strong> sadece <strong>iklimlendirme sekt\u00f6r\u00fcne yat\u0131r\u0131ma<\/strong> odaklanan \u015firketin daha ya\u015fanabilir bir d\u00fcnya i\u00e7in hayata ge\u00e7irdi\u011fi \u00e7al\u0131\u015fmalar\u0131 anlatt\u0131. Vaillant Group T\u00fcrkiye CEO\u2019su <strong>Alper Avdel<\/strong> zirve kapsam\u0131nda d\u00fczenlenen <strong>\u201cS\u00fcrd\u00fcr\u00fclebilirlik ve Enerji\u201d<\/strong> paneline kat\u0131ld\u0131. <strong>Avdel<\/strong>, panelde; \u201cVaillant Group, kuruldu\u011fu ilk g\u00fcnden beri <strong>s\u00fcrd\u00fcr\u00fclebilirlik bilinci<\/strong> ile \u00e7al\u0131\u015fmalar\u0131na y\u00f6n vermi\u015f ve bu do\u011frultuda <strong>\u00e7evre dostu \u00fcr\u00fcn geli\u015ftirme<\/strong> \u00fczerine yo\u011funla\u015fm\u0131\u015f bir firma\u201d dedi.<\/p>\n<h2><strong>\u201cG\u00fc\u00e7l\u00fc teknoloji altyap\u0131m\u0131z ile sekt\u00f6r\u00fcm\u00fcze \u00f6nc\u00fcl\u00fck ediyoruz\u201d<\/strong><\/h2>\n<p>Vaillant Group olarak kaynaklar\u0131n\u0131n b\u00fcy\u00fck b\u00f6l\u00fcm\u00fcn\u00fc <strong>s\u00fcrd\u00fcr\u00fclebilirli\u011fe ay\u0131rd\u0131klar\u0131n\u0131<\/strong> vurgulayan <strong>Alper Avdel<\/strong> \u015f\u00f6yle konu\u015ftu: <em>\u201cS\u00fcrd\u00fcr\u00fclebilirlik yolunda \u00f6l\u00e7\u00fclebilir hedefler koyduk. Vaillant Group olarak <strong>SEEDS<\/strong> ad\u0131n\u0131 verdi\u011fimiz bir projemiz var. Vaillant Group olarak bu projeyi, <strong>CO2 emisyonlar\u0131n\u0131 azaltmak<\/strong> ad\u0131na 2011 y\u0131l\u0131nda hayata ge\u00e7irdik ve bu y\u0131l ciddi hedeflerle <strong>ikinci faz\u0131na<\/strong> ge\u00e7tik. SEEDS kapsam\u0131nda 2030 y\u0131l\u0131na kadar Vaillant Group olarak <strong>iklim-n\u00f6tr olmay\u0131;<\/strong> enerji t\u00fcketimini <strong>% 40<\/strong> ve <strong>CO2 emisyonunu\u00a0<\/strong><strong>% 50<\/strong> azaltmay\u0131 ama\u00e7l\u0131yoruz.\u00a0Bu hedefleri yenilenebilir kaynaklardan <strong>elektrik enerjisi kullan\u0131m\u0131, \u00fcretim s\u00fcre\u00e7leri<\/strong>nde ve binalarda \u00f6nemli \u00f6l\u00e7\u00fcde <strong>azalt\u0131lm\u0131\u015f enerji t\u00fcketimi<\/strong> ve<strong> \u00e7evre dostu bir yat\u0131r\u0131m yoluyla<\/strong> ger\u00e7ekle\u015ftirmeyi hedefliyoruz. T\u00fcrkiye\u2019de de bu vizyonla ilerliyor, ayn\u0131 ilkeleri benimsiyoruz.\u201d <strong>Ar-Ge\u2019ye<\/strong> <strong>ciddi yat\u0131r\u0131mlar<\/strong> yapt\u0131klar\u0131n\u0131 belirten Alper Avdel, \u201cY\u00fcksek teknolojili geni\u015f bir \u00fcr\u00fcn yelpazesine sahibiz. G\u00fc\u00e7l\u00fc teknoloji altyap\u0131m\u0131z ile sekt\u00f6r\u00fcm\u00fcze \u00f6nc\u00fcl\u00fck ediyoruz. Gelecekte yenilenebilir \u00fcr\u00fcnler ba\u015frolde olacak. Is\u0131 pompalar\u0131 ve hidrojen ile \u00e7al\u0131\u015fan cihazlar \u00f6ne \u00e7\u0131kacak.\u00a0Is\u0131 pompas\u0131 ve hidrojen kategorisinde m\u00fc\u015fterilerimize en iyi \u00fcr\u00fcnleri sunmak i\u00e7in \u00e7al\u0131\u015f\u0131yoruz\u201d<\/em> ifadelerini kulland\u0131.<\/p>","protected":false},"excerpt":{"rendered":"<p>Sorry, this entry is only available in Turkish. For the sake of viewer convenience, the content is shown below in the alternative language. You may click the link to switch the active language. Vaillant Group T\u00fcrkiye CEO\u2019su Alper Avdel, Harvard Business Review (HBR) taraf\u0131ndan d\u00fczenlenen \u201cS\u00fcrd\u00fcr\u00fclebilirlik Zirvesi: De\u011fer Odakl\u0131 Yakla\u015f\u0131m\u201d etkinli\u011fine kat\u0131ld\u0131. Vaillant Group olarak [&hellip;]<\/p>\n","protected":false},"author":1,"featured_media":134716,"comment_status":"open","ping_status":"open","sticky":false,"template":"","format":"standard","meta":[],"categories":[53],"tags":[36997,90262,90263,3525,3755,25779,11662],"views":63,"_links":{"self":[{"href":"https:\/\/www.enerjigazetesi.ist\/en\/wp-json\/wp\/v2\/posts\/134713"}],"collection":[{"href":"https:\/\/www.enerjigazetesi.ist\/en\/wp-json\/wp\/v2\/posts"}],"about":[{"href":"https:\/\/www.enerjigazetesi.ist\/en\/wp-json\/wp\/v2\/types\/post"}],"author":[{"embeddable":true,"href":"https:\/\/www.enerjigazetesi.ist\/en\/wp-json\/wp\/v2\/users\/1"}],"replies":[{"embeddable":true,"href":"https:\/\/www.enerjigazetesi.ist\/en\/wp-json\/wp\/v2\/comments?post=134713"}],"version-history":[{"count":0,"href":"https:\/\/www.enerjigazetesi.ist\/en\/wp-json\/wp\/v2\/posts\/134713\/revisions"}],"wp:featuredmedia":[{"embeddable":true,"href":"https:\/\/www.enerjigazetesi.ist\/en\/wp-json\/wp\/v2\/media\/134716"}],"wp:attachment":[{"href":"https:\/\/www.enerjigazetesi.ist\/en\/wp-json\/wp\/v2\/media?parent=134713"}],"wp:term":[{"taxonomy":"category","embeddable":true,"href":"https:\/\/www.enerjigazetesi.ist\/en\/wp-json\/wp\/v2\/categories?post=134713"},{"taxonomy":"post_tag","embeddable":true,"href":"https:\/\/www.enerjigazetesi.ist\/en\/wp-json\/wp\/v2\/tags?post=134713"}],"curies":[{"name":"wp","href":"https:\/\/api.w.org\/{rel}","templated":true}]}}