{"id":134708,"date":"2021-05-10T12:01:28","date_gmt":"2021-05-10T09:01:28","guid":{"rendered":"https:\/\/www.enerjigazetesi.ist\/?p=134708"},"modified":"2021-05-10T12:01:28","modified_gmt":"2021-05-10T09:01:28","slug":"kuraklik-tarimsal-sulamada-elektrik-faturasini-da-artiriyor","status":"publish","type":"post","link":"https:\/\/www.enerjigazetesi.ist\/en\/kuraklik-tarimsal-sulamada-elektrik-faturasini-da-artiriyor\/","title":{"rendered":"(Turkish) Kurakl\u0131k Tar\u0131msal Sulamada Elektrik Faturas\u0131n\u0131 da Art\u0131r\u0131yor"},"content":{"rendered":"<p class=\"qtranxs-available-languages-message qtranxs-available-languages-message-en\">Sorry, this entry is only available in <a href=\"https:\/\/www.enerjigazetesi.ist\/tr\/wp-json\/wp\/v2\/posts\/134708\" class=\"qtranxs-available-language-link qtranxs-available-language-link-tr\" title=\"Turkish\">Turkish<\/a>. For the sake of viewer convenience, the content is shown below in the alternative language. You may click the link to switch the active language.<\/p><p><\/p>\n<h1><strong>G\u00fcneydo\u011fu\u2019da ya\u015fanan kurakl\u0131k \u00e7ift\u00e7ilerin enerji maliyetini yeniden g\u00fcndeme getirdi. Depsa\u015f Enerji, tar\u0131msal sulamada kullan\u0131lan elektri\u011fin ge\u00e7en y\u0131la g\u00f6re % 350 artt\u0131\u011f\u0131na dikkat \u00e7ekerek, su kaynaklar\u0131n\u0131n verimli kullan\u0131m\u0131 konusunda uyard\u0131. \u015eirket \u00e7ift\u00e7ileri ve sulama birliklerini biriken bor\u00e7lar\u0131n\u0131 \u00f6demeye \u00e7a\u011f\u0131rd\u0131, bor\u00e7lu abone ve birliklere enerji tedari\u011finin durdurulaca\u011f\u0131n\u0131 a\u00e7\u0131klad\u0131. <\/strong><\/h1>\n<p>Bu y\u0131l G\u00fcneydo\u011fu\u2019da ya\u015fanan kurakl\u0131k tar\u0131msal \u00fcretimi olumsuz etkilerken, <strong>su kaynaklar\u0131n\u0131n verimli kullan\u0131m\u0131<\/strong>n\u0131 bir kez daha g\u00fcndeme getirdi. G\u00fcneydo\u011fu Anadolu b\u00f6lgesinin g\u00f6revli tedarik <img loading=\"lazy\" class=\"alignright wp-image-134711\" src=\"https:\/\/www.enerjigazetesi.ist\/wp-content\/uploads\/2021\/05\/kuraklik-tarimsal-sulamada-elektrik-faturasini-da-artiriyor.jpg\" alt=\"\" width=\"320\" height=\"212\" srcset=\"https:\/\/www.enerjigazetesi.ist\/wp-content\/uploads\/2021\/05\/kuraklik-tarimsal-sulamada-elektrik-faturasini-da-artiriyor.jpg 550w, https:\/\/www.enerjigazetesi.ist\/wp-content\/uploads\/2021\/05\/kuraklik-tarimsal-sulamada-elektrik-faturasini-da-artiriyor-300x199.jpg 300w, https:\/\/www.enerjigazetesi.ist\/wp-content\/uploads\/2021\/05\/kuraklik-tarimsal-sulamada-elektrik-faturasini-da-artiriyor-500x331.jpg 500w, https:\/\/www.enerjigazetesi.ist\/wp-content\/uploads\/2021\/05\/kuraklik-tarimsal-sulamada-elektrik-faturasini-da-artiriyor-76x50.jpg 76w, https:\/\/www.enerjigazetesi.ist\/wp-content\/uploads\/2021\/05\/kuraklik-tarimsal-sulamada-elektrik-faturasini-da-artiriyor-450x300.jpg 450w\" sizes=\"(max-width: 320px) 100vw, 320px\" \/>\u015firketi <strong>Depsa\u015f Enerji<\/strong>\u2019den yap\u0131lan a\u00e7\u0131klamada, hizmet b\u00f6lgesinde yer alan <strong>Diyarbak\u0131r, \u015eanl\u0131urfa<\/strong> ve <strong>Mardin\u2019de<\/strong> kurakl\u0131k nedeniyle tar\u0131msal \u00fcretimde g\u00f6r\u00fclen<strong> sert d\u00fc\u015f\u00fc\u015fle<\/strong> ilgili meslek odalar\u0131n\u0131n ve uzmanlar\u0131n uyar\u0131lar\u0131n\u0131n bas\u0131na yans\u0131d\u0131\u011f\u0131na dikkat \u00e7ekildi. A\u00e7\u0131klamada meteorolojik verilere g\u00f6re, b\u00f6lgede ya\u011f\u0131\u015flar\u0131n ge\u00e7en y\u0131la g\u00f6re <strong>y\u00fczde 50<\/strong>\u2019den fazla azald\u0131\u011f\u0131 belirtilerek, <em>\u201c2021 y\u0131l\u0131 <strong>Ocak-Nisan d\u00f6nemi<\/strong>nde kurakl\u0131k nedeniyle tar\u0131msal sulamada kullan\u0131lan enerji miktar\u0131 \u00f6nceki y\u0131llara g\u00f6re <strong>y\u00fczde 350<\/strong> artm\u0131\u015ft\u0131r.\u00a0Bu t\u00fcketim art\u0131\u015f\u0131 sadece y\u0131l\u0131n<strong> ilk d\u00f6rt ay\u0131nda<\/strong> \u015firketimize <strong>800 milyon TL<\/strong> ek y\u00fck getirmi\u015ftir.<strong> Mart 2021<\/strong> itibar\u0131yla <strong>4,5 milyar liray\u0131<\/strong> a\u015fan \u00e7ift\u00e7ilerin elektrik borcu daha da artmaktad\u0131r.\u201d<\/em> denildi.<\/p>\n<h2><strong>Suyun verimli kullan\u0131m\u0131 ve \u00fcr\u00fcn se\u00e7imi daha \u00f6nemli hale geldi<\/strong><\/h2>\n<p>Depsa\u015f Enerji\u2019den konuyla ilgili yap\u0131lan yaz\u0131l\u0131 a\u00e7\u0131klamada, <strong>ya\u015fanan kurakl\u0131\u011f\u0131n su kaynaklar\u0131n\u0131n verimli kullan\u0131m\u0131n\u0131<\/strong> ve <strong>\u00fcr\u00fcn se\u00e7imini<\/strong> \u00e7ok daha \u00f6nemli hale getirdi\u011fine <span style=\"text-decoration: underline;\">dikkat \u00e7ekildi:<\/span><\/p>\n<p>\u201cAra\u015ft\u0131rmalar\u0131m\u0131z su kaynaklar\u0131n\u0131n <strong>% 70<\/strong>\u2019inin tar\u0131msal sulama amac\u0131yla kullan\u0131ld\u0131\u011f\u0131n\u0131 g\u00f6steriyor. B\u00f6lgemizdeki su kaynaklar\u0131n\u0131n zaten k\u0131s\u0131tl\u0131 oldu\u011funun bilincindeyiz, \u00e7ift\u00e7ilerimize gerek<strong> verimli sulama y\u00f6ntemleri<\/strong> gerekse de \u00fcr\u00fcn se\u00e7imi konusunda destek sa\u011flamaya \u00e7al\u0131\u015f\u0131yoruz. Ayr\u0131ca <strong>m\u0131s\u0131r<\/strong> ve <strong>pamuk<\/strong> gibi <strong>a\u015f\u0131r\u0131 sulama gerektiren<\/strong> \u00fcr\u00fcnler yerine <strong>farkl\u0131 alternatif \u00fcr\u00fcnlere<\/strong> y\u00f6nelmelerini te\u015fvik ediyoruz. Bunu bir <strong>hizmet<\/strong> ve s<strong>osyal sorumluluk<\/strong> olarak g\u00f6r\u00fcyoruz.\u201d<\/p>\n<p>\u015eirket, ba\u015fta <strong>Devlet Su \u0130\u015fleri (DS\u0130)<\/strong> ve sulama birlikleri olmak \u00fczere <strong>suyun daha verimli kullan\u0131m\u0131n\u0131<\/strong> te\u015fvik noktas\u0131nda t\u00fcm payda\u015flar\u0131 sorumluluk almaya davet ettiklerini belirterek, \u00e7ift\u00e7ilerin vah\u015fi sulamadan vaz ge\u00e7erek <strong>damlama tekni\u011fine y\u00f6nelmelerinin<\/strong> maliyetlerini \u00e7ok b\u00fcy\u00fck oranda azaltaca\u011f\u0131n\u0131 ifade etti. B\u00f6lgede tar\u0131msal sulama ihtiyac\u0131 b\u00fcy\u00fck oranda <strong>yer alt\u0131ndan su motorlar\u0131<\/strong> ile \u00e7ekilerek kar\u015f\u0131lan\u0131yor. Yer alt\u0131 sular\u0131n\u0131n <strong>kurakl\u0131k nedeniyle<\/strong> y\u0131ldan y\u0131la azalmas\u0131 ise <strong>suya ula\u015fmak i\u00e7in<\/strong> daha derin kuyu a\u00e7\u0131lmas\u0131n\u0131 gerektiriyor. Bu durum daha <strong>fazla elektrik t\u00fcketimi<\/strong> ve <strong>y\u00fcksek enerji maliyeti<\/strong> anlam\u0131na geliyor.<\/p>\n<h2><strong>\u201cBor\u00e7lar y\u00f6netilemez hale geliyor\u201d<\/strong><\/h2>\n<p>Depsa\u015f Enerji, uzun bir s\u00fcredir birikmekte olan <strong>bor\u00e7lar\u0131n<\/strong>, kurakl\u0131\u011f\u0131n etkileri ile katlanarak b\u00fcy\u00fcme ihtimaline dikkat \u00e7ekerek, <strong>pe\u015fin ald\u0131klar\u0131<\/strong> elektri\u011fi <strong>sabit fiyatlardan vadeli satan<\/strong> bir serbest piyasa \u015firketi olduklar\u0131n\u0131n alt\u0131n\u0131 \u00e7izdi, bor\u00e7lar\u0131n\u0131 \u00f6dememekte <strong>direnen \u00e7ift\u00e7ilere elektrik tedari\u011fine<\/strong> devam etme imkan\u0131 kalmad\u0131\u011f\u0131n\u0131 belirtti. \u015eirketten yap\u0131lan a\u00e7\u0131klamada <strong>\u00e7ift\u00e7iler<\/strong> ve <strong>sulama birlikleri, biriken bor\u00e7lar\u0131n\u0131 \u00f6demeye<\/strong> <span style=\"text-decoration: underline;\">davet edildi:<\/span><\/p>\n<p><em>\u201c\u00d6denmeyen her bir fatura, sadece<strong> \u00fczerimizdeki y\u00fck\u00fc daha da art\u0131rmakla<\/strong> kalm\u0131yor, ayn\u0131 zamanda \u00f6zellikle <strong>\u015eanl\u0131urfa<\/strong> ve<strong> Mardin<\/strong>&#8216;de uzun y\u0131llard\u0131r biriken<strong> tar\u0131msal sulama bor\u00e7lar\u0131n\u0131<\/strong> y\u00f6netilemez hale getiriyor, uygulanan tar\u0131m modelini s\u00fcrd\u00fcr\u00fclemez hale getiriyor. <strong>Mart 2021<\/strong> itibariyle tar\u0131msal sulama abonelerinin \u015firketimize olan elektrik bor\u00e7lar\u0131 <strong>4,5 milyar liray\u0131<\/strong> a\u015fm\u0131\u015f durumdad\u0131r. Bu s\u00fcrecin bu \u015fekilde s\u00fcrmesine m\u00fcsaade etmemiz m\u00fcmk\u00fcn de\u011fildir.\u201d<\/em><\/p>","protected":false},"excerpt":{"rendered":"<p>Sorry, this entry is only available in Turkish. For the sake of viewer convenience, the content is shown below in the alternative language. You may click the link to switch the active language. G\u00fcneydo\u011fu\u2019da ya\u015fanan kurakl\u0131k \u00e7ift\u00e7ilerin enerji maliyetini yeniden g\u00fcndeme getirdi. Depsa\u015f Enerji, tar\u0131msal sulamada kullan\u0131lan elektri\u011fin ge\u00e7en y\u0131la g\u00f6re % 350 artt\u0131\u011f\u0131na dikkat [&hellip;]<\/p>\n","protected":false},"author":1,"featured_media":134711,"comment_status":"open","ping_status":"open","sticky":false,"template":"","format":"standard","meta":[],"categories":[51,53],"tags":[88855,57394,53114,52259,90260,90261],"views":119,"_links":{"self":[{"href":"https:\/\/www.enerjigazetesi.ist\/en\/wp-json\/wp\/v2\/posts\/134708"}],"collection":[{"href":"https:\/\/www.enerjigazetesi.ist\/en\/wp-json\/wp\/v2\/posts"}],"about":[{"href":"https:\/\/www.enerjigazetesi.ist\/en\/wp-json\/wp\/v2\/types\/post"}],"author":[{"embeddable":true,"href":"https:\/\/www.enerjigazetesi.ist\/en\/wp-json\/wp\/v2\/users\/1"}],"replies":[{"embeddable":true,"href":"https:\/\/www.enerjigazetesi.ist\/en\/wp-json\/wp\/v2\/comments?post=134708"}],"version-history":[{"count":0,"href":"https:\/\/www.enerjigazetesi.ist\/en\/wp-json\/wp\/v2\/posts\/134708\/revisions"}],"wp:featuredmedia":[{"embeddable":true,"href":"https:\/\/www.enerjigazetesi.ist\/en\/wp-json\/wp\/v2\/media\/134711"}],"wp:attachment":[{"href":"https:\/\/www.enerjigazetesi.ist\/en\/wp-json\/wp\/v2\/media?parent=134708"}],"wp:term":[{"taxonomy":"category","embeddable":true,"href":"https:\/\/www.enerjigazetesi.ist\/en\/wp-json\/wp\/v2\/categories?post=134708"},{"taxonomy":"post_tag","embeddable":true,"href":"https:\/\/www.enerjigazetesi.ist\/en\/wp-json\/wp\/v2\/tags?post=134708"}],"curies":[{"name":"wp","href":"https:\/\/api.w.org\/{rel}","templated":true}]}}