{"id":134701,"date":"2021-05-10T11:31:06","date_gmt":"2021-05-10T08:31:06","guid":{"rendered":"https:\/\/www.enerjigazetesi.ist\/?p=134701"},"modified":"2021-05-10T11:34:49","modified_gmt":"2021-05-10T08:34:49","slug":"avrupa-2021-nesli-tukenmekte-olan-ulusal-yaban-hayati-anma-pulu-ve-zarfi","status":"publish","type":"post","link":"https:\/\/www.enerjigazetesi.ist\/en\/avrupa-2021-nesli-tukenmekte-olan-ulusal-yaban-hayati-anma-pulu-ve-zarfi\/","title":{"rendered":"(Turkish) Avrupa 2021 (Nesli T\u00fckenmekte Olan Ulusal Yaban Hayat\u0131) Pul ve Zarf\u0131&#8230;"},"content":{"rendered":"<p class=\"qtranxs-available-languages-message qtranxs-available-languages-message-en\">Sorry, this entry is only available in <a href=\"https:\/\/www.enerjigazetesi.ist\/tr\/wp-json\/wp\/v2\/posts\/134701\" class=\"qtranxs-available-language-link qtranxs-available-language-link-tr\" title=\"Turkish\">Turkish<\/a>. For the sake of viewer convenience, the content is shown below in the alternative language. You may click the link to switch the active language.<\/p><p><\/p>\n<h1><strong>PTT A\u015e., T\u00fcrkiye\u2019de nesli t\u00fckenme tehlikesi alt\u0131nda olan \u201cAkdeniz Foku ve \u00c7ay\u0131r Delicesi\u201d g\u00f6rsellerine yer verilerek haz\u0131rlanan Avrupa 2021 (Nesli T\u00fckenmekte Olan Ulusal Yaban Hayat\u0131) konulu iki de\u011ferli anma pulu ile \u201cYe\u015fil Ar\u0131 Ku\u015fu, Anadolu Yaban Koyunu ve Flamingo\u201d g\u00f6rsellerine yer<img loading=\"lazy\" class=\"alignright wp-image-134704\" src=\"https:\/\/www.enerjigazetesi.ist\/wp-content\/uploads\/2021\/05\/avrupa-2021-nesli-tukenmekte-olan-ulusal-yaban-hayati-anma-pulu-ve-zarfi.jpg\" alt=\"\" width=\"320\" height=\"224\" srcset=\"https:\/\/www.enerjigazetesi.ist\/wp-content\/uploads\/2021\/05\/avrupa-2021-nesli-tukenmekte-olan-ulusal-yaban-hayati-anma-pulu-ve-zarfi.jpg 550w, https:\/\/www.enerjigazetesi.ist\/wp-content\/uploads\/2021\/05\/avrupa-2021-nesli-tukenmekte-olan-ulusal-yaban-hayati-anma-pulu-ve-zarfi-300x210.jpg 300w, https:\/\/www.enerjigazetesi.ist\/wp-content\/uploads\/2021\/05\/avrupa-2021-nesli-tukenmekte-olan-ulusal-yaban-hayati-anma-pulu-ve-zarfi-500x350.jpg 500w, https:\/\/www.enerjigazetesi.ist\/wp-content\/uploads\/2021\/05\/avrupa-2021-nesli-tukenmekte-olan-ulusal-yaban-hayati-anma-pulu-ve-zarfi-71x50.jpg 71w\" sizes=\"(max-width: 320px) 100vw, 320px\" \/> verilerek haz\u0131rlanan ilkg\u00fcn zarf\u0131n\u0131, 09 May\u0131s 2021 tarihinde tedav\u00fcle sundu.<\/strong><\/h1>\n<p>&#8220;Avrupa 2021 (Nesli T\u00fckenmekte Olan Ulusal Yaban Hayat\u0131)&#8221; konulu <strong>3,00 TL<\/strong>,<strong> 6,50 TL<\/strong> (45&#215;45 mm boyutunda) anma pulu,<strong> s\u00f6z konusu pula<\/strong> ait <strong>12,00 TL<\/strong> bedelli ilkg\u00fcn zarf\u0131; PTT i\u015f yerlerinde, <a href=\"http:\/\/www.filateli.gov.tr\/\">www.filateli.gov.tr<\/a> adresinde ve <strong>filateli cep uygulamas\u0131nda<\/strong> sat\u0131\u015fa \u00e7\u0131kt\u0131.<\/p>\n<p>Koronavir\u00fcs salg\u0131n\u0131ndan dolay\u0131 toplum sa\u011fl\u0131\u011f\u0131n\u0131 korumaya destek olmak, PTT i\u015f yerlerinde yo\u011funluk <strong>ya\u015fanmas\u0131n\u0131 \u00f6nlemek<\/strong> ve <strong>m\u00fc\u015fterilerimizin filatelik i\u015flemleri<\/strong>ni PTT i\u015f yerlerine gelmeden yapabilmeleri i\u00e7in;<strong> 09 May\u0131s\u00a02021<\/strong> tarihinde sat\u0131\u015fa sunulan ilkg\u00fcn zarf\u0131n\u0131 <strong>posta damgas\u0131<\/strong> ile talep eden m\u00fc\u015fterilerimize, <a href=\"http:\/\/www.filateli.gov.tr\" target=\"_blank\" rel=\"nofollow noopener\">www.filateli.gov.tr<\/a> adresinden \u00fcr\u00fcn\u00fcn tedav\u00fcl tarihi itibari ile <strong>6 ay i\u00e7erisinde<\/strong> sat\u0131n al\u0131nmas\u0131 halinde posta damgal\u0131 olarak g\u00f6nderilebilecek.<\/p>\n<p>M\u00fc\u015fterilerimiz taraf\u0131ndan haz\u0131rlanan <strong>filatelik \u00fcr\u00fcnler<\/strong> i\u00e7in (Filateli \u0130\u015fletme Prosed\u00fcr\u00fc\u2019ne uygun olmas\u0131 halinde)\u00a0ilkg\u00fcn damgas\u0131 ve posta damgas\u0131 talepleri, <strong>3 ay<\/strong> i\u00e7erisinde <strong>PTT A\u015e<\/strong>\u2019ye iletildi\u011fi takdirde kar\u015f\u0131lanabilecek.<\/p>","protected":false},"excerpt":{"rendered":"<p>Sorry, this entry is only available in Turkish. For the sake of viewer convenience, the content is shown below in the alternative language. You may click the link to switch the active language. PTT A\u015e., T\u00fcrkiye\u2019de nesli t\u00fckenme tehlikesi alt\u0131nda olan \u201cAkdeniz Foku ve \u00c7ay\u0131r Delicesi\u201d g\u00f6rsellerine yer verilerek haz\u0131rlanan Avrupa 2021 (Nesli T\u00fckenmekte Olan [&hellip;]<\/p>\n","protected":false},"author":1,"featured_media":134704,"comment_status":"open","ping_status":"open","sticky":false,"template":"","format":"standard","meta":[],"categories":[53],"tags":[90256,90257,90259,90253,90258,90254,90255,57125],"views":117,"_links":{"self":[{"href":"https:\/\/www.enerjigazetesi.ist\/en\/wp-json\/wp\/v2\/posts\/134701"}],"collection":[{"href":"https:\/\/www.enerjigazetesi.ist\/en\/wp-json\/wp\/v2\/posts"}],"about":[{"href":"https:\/\/www.enerjigazetesi.ist\/en\/wp-json\/wp\/v2\/types\/post"}],"author":[{"embeddable":true,"href":"https:\/\/www.enerjigazetesi.ist\/en\/wp-json\/wp\/v2\/users\/1"}],"replies":[{"embeddable":true,"href":"https:\/\/www.enerjigazetesi.ist\/en\/wp-json\/wp\/v2\/comments?post=134701"}],"version-history":[{"count":1,"href":"https:\/\/www.enerjigazetesi.ist\/en\/wp-json\/wp\/v2\/posts\/134701\/revisions"}],"predecessor-version":[{"id":134702,"href":"https:\/\/www.enerjigazetesi.ist\/en\/wp-json\/wp\/v2\/posts\/134701\/revisions\/134702"}],"wp:featuredmedia":[{"embeddable":true,"href":"https:\/\/www.enerjigazetesi.ist\/en\/wp-json\/wp\/v2\/media\/134704"}],"wp:attachment":[{"href":"https:\/\/www.enerjigazetesi.ist\/en\/wp-json\/wp\/v2\/media?parent=134701"}],"wp:term":[{"taxonomy":"category","embeddable":true,"href":"https:\/\/www.enerjigazetesi.ist\/en\/wp-json\/wp\/v2\/categories?post=134701"},{"taxonomy":"post_tag","embeddable":true,"href":"https:\/\/www.enerjigazetesi.ist\/en\/wp-json\/wp\/v2\/tags?post=134701"}],"curies":[{"name":"wp","href":"https:\/\/api.w.org\/{rel}","templated":true}]}}