{"id":134682,"date":"2021-05-10T10:19:45","date_gmt":"2021-05-10T07:19:45","guid":{"rendered":"https:\/\/www.enerjigazetesi.ist\/?p=134682"},"modified":"2021-05-10T10:19:45","modified_gmt":"2021-05-10T07:19:45","slug":"ciscodan-iklim-kriziyle-mucadeleye-100-milyon-dolar","status":"publish","type":"post","link":"https:\/\/www.enerjigazetesi.ist\/en\/ciscodan-iklim-kriziyle-mucadeleye-100-milyon-dolar\/","title":{"rendered":"(Turkish) Cisco&#8217;dan \u0130klim Kriziyle M\u00fccadeleye 100 Milyon Dolar"},"content":{"rendered":"<p class=\"qtranxs-available-languages-message qtranxs-available-languages-message-en\">Sorry, this entry is only available in <a href=\"https:\/\/www.enerjigazetesi.ist\/tr\/wp-json\/wp\/v2\/posts\/134682\" class=\"qtranxs-available-language-link qtranxs-available-language-link-tr\" title=\"Turkish\">Turkish<\/a>. For the sake of viewer convenience, the content is shown below in the alternative language. You may click the link to switch the active language.<\/p><p><\/p>\n<h1><strong>Cisco Vakf\u0131, iklim de\u011fi\u015fikli\u011finin etkilerinin tersine \u00e7evrilmesi i\u00e7in y\u00fcr\u00fct\u00fclecek \u00e7al\u0131\u015fmalara 10 y\u0131lda toplam 100 milyon dolar kaynak ay\u0131r\u0131yor. B\u00f6ylece iklim kriziyle m\u00fccadeleye \u00f6nemli katk\u0131 sa\u011flayacak olan Cisco, teknoloji temelli \u00e7\u00f6z\u00fcmler, sera gaz\u0131 ve karbon emisyonunun azalt\u0131lmas\u0131, iklim esnekli\u011fi, \u00e7evreci istihdam, toplumun e\u011fitilmesi ve harekete ge\u00e7irilmesi \u00fczerinde yo\u011funla\u015facak.<\/strong><\/h1>\n<p><strong>CISCO<\/strong>\u00a0Vakf\u0131, giderek b\u00fcy\u00fcyen <strong>iklim kriziyle m\u00fccadele<\/strong>ye <strong>10 y\u0131l<\/strong> boyunca <strong>100 milyon dolar<\/strong> ay\u0131raca\u011f\u0131n\u0131 duyurdu.\u00a0Vak\u0131f arac\u0131l\u0131\u011f\u0131yla Cisco taraf\u0131ndan sa\u011flanacak bu kaynak, <strong>iklim \u00e7\u00f6z\u00fcmlerinin<\/strong> yan\u0131 s\u0131ra <strong>toplumun e\u011fitilmesine<\/strong> ve <strong>\u00e7evreyi koruma<\/strong> konusunda harekete ge\u00e7irilmesine y\u00f6nelik<strong> k\u00e2r amac\u0131<\/strong> g\u00fctmeyen<strong> hibeler<\/strong> ve <strong>etki yat\u0131r\u0131mlar\u0131n\u0131<\/strong> finanse etmekte kullan\u0131lacak.\u00a0Cisco Foundation \u0130dari \u0130\u015fler M\u00fcd\u00fcr\u00fc <strong>Peter Tavernise<\/strong>, konu hakk\u0131nda <span style=\"text-decoration: underline;\">\u015funlar\u0131 s\u00f6yledi:<\/span> &#8220;Bug\u00fcn ay\u0131rd\u0131\u011f\u0131m\u0131z kayna\u011f\u0131n <img loading=\"lazy\" class=\"alignright wp-image-134685\" src=\"https:\/\/www.enerjigazetesi.ist\/wp-content\/uploads\/2021\/05\/ulkeleri-en-fazla-etkileyen-iklim-krizi-sorunlarin-basini-cekiyor.jpg\" alt=\"\" width=\"340\" height=\"223\" srcset=\"https:\/\/www.enerjigazetesi.ist\/wp-content\/uploads\/2021\/05\/ulkeleri-en-fazla-etkileyen-iklim-krizi-sorunlarin-basini-cekiyor.jpg 643w, https:\/\/www.enerjigazetesi.ist\/wp-content\/uploads\/2021\/05\/ulkeleri-en-fazla-etkileyen-iklim-krizi-sorunlarin-basini-cekiyor-300x197.jpg 300w, https:\/\/www.enerjigazetesi.ist\/wp-content\/uploads\/2021\/05\/ulkeleri-en-fazla-etkileyen-iklim-krizi-sorunlarin-basini-cekiyor-500x328.jpg 500w, https:\/\/www.enerjigazetesi.ist\/wp-content\/uploads\/2021\/05\/ulkeleri-en-fazla-etkileyen-iklim-krizi-sorunlarin-basini-cekiyor-76x50.jpg 76w\" sizes=\"(max-width: 340px) 100vw, 340px\" \/>kullan\u0131m\u0131nda Vakf\u0131n, kurulu\u015f a\u015famas\u0131nda olan ve b\u00fcy\u00fcme potansiyeli ile <strong>s\u00fcrd\u00fcr\u00fclebilirli\u011fe sahip teknoloji temelli \u00e7\u00f6z\u00fcmleri<\/strong> destekleyerek anlaml\u0131 etki yaratacak bi\u00e7imde <strong>finansman sa\u011flama yakla\u015f\u0131m\u0131<\/strong> temel al\u0131nacak.<\/p>\n<p><strong>\u0130klim de\u011fi\u015fikli\u011fiyle m\u00fccadele<\/strong> etmek i\u00e7in harekete ge\u00e7ilmesi konusunda d\u00fcnya genelinde bir fikir birli\u011fi s\u00f6z konusu. Bunun yan\u0131nda bir\u00e7ok ki\u015fi, tek bir ki\u015finin kayda de\u011fer bir etki yaratamayaca\u011f\u0131n\u0131 d\u00fc\u015f\u00fcnmesi veya<strong> krizin b\u00fcy\u00fckl\u00fc\u011f\u00fc<\/strong> kar\u015f\u0131s\u0131nda g\u00fc\u00e7s\u00fcz hissetmesi nedeniyle kendini bu konunun d\u0131\u015f\u0131nda g\u00f6r\u00fcyor. Bu durum, yard\u0131m faaliyetlerine harcanan toplam tutar\u0131n <strong>%2<\/strong>&#8216;sinden az\u0131n\u0131n<strong> iklim de\u011fi\u015fikli\u011fiyle m\u00fccadeleye<\/strong> harcand\u0131\u011f\u0131 d\u00fc\u015f\u00fcn\u00fcld\u00fc\u011f\u00fcnde <strong>iklim konusundaki<\/strong> bir\u00e7ok cesur \u00e7\u00f6z\u00fcm\u00fcn eylem ve yat\u0131r\u0131m eksikli\u011fi nedeniyle geli\u015ftirilememesi anlam\u0131na geliyor. Cisco Vakf\u0131\u2019n\u0131n <strong>10 y\u0131l<\/strong> i\u00e7inde <strong>100 milyon dolar ba\u011f\u0131\u015f taahh\u00fcd\u00fcyle<\/strong>, \u00f6zellikle a\u015fa\u011f\u0131daki alanlarda finansman sa\u011flanmas\u0131yla bu <span style=\"text-decoration: underline;\">eksikli\u011fin giderilmesini ama\u00e7l\u0131yor:<\/span><\/p>\n<p>1- Net s\u0131f\u0131r emisyon hedefini veya d\u00f6ng\u00fcsel\/yenilenebilir ekonomileri ileri ta\u015f\u0131yacak yenilik\u00e7i ve\/veya yarat\u0131c\u0131 \u00e7\u00f6z\u00fcmler.<\/p>\n<p>2- \u0130klim, ekolojik fark\u0131ndal\u0131k ve bireysel al\u0131\u015fkanl\u0131klar\u0131n de\u011fi\u015ftirilmesi ile etkili i\u015fbirli\u011fine y\u00f6nelik \u00e7al\u0131\u015fmalara y\u00f6nelik toplumsal e\u011fitim ve eylemler.<\/p>\n<p>Cisco, finansmandan faydalanan kurulu\u015flarla yak\u0131n i\u015f birli\u011fi i\u00e7erisinde, uygulanan programlar\u0131n etkisine ili\u015fkin \u00f6l\u00e7\u00fcmler yap\u0131p bilgi verecek. Cisco Vakf\u0131\u2019n\u0131n uygulad\u0131\u011f\u0131 yakla\u015f\u0131m, <strong>y\u00fcksek s\u00fcrd\u00fcr\u00fclebilirlik<\/strong> ve <strong>\u00f6l\u00e7eklenebilirlik<\/strong> potansiyeline sahip erken a\u015fama \u00e7\u00f6z\u00fcmlere<strong> finansman sa\u011flamay\u0131<\/strong> i\u00e7eren kan\u0131tlanm\u0131\u015f bir model \u00fczerine kurulu.<\/p>\n<p>\u0130\u015f birli\u011fi yap\u0131lacak <strong>k\u00e2r amac\u0131 g\u00fctmeyen<\/strong> kurulu\u015flar, a\u015fa\u011f\u0131daki sonu\u00e7lara etki eden ve bu etkileri \u00f6l\u00e7\u00fcp raporlama <span style=\"text-decoration: underline;\">olana\u011f\u0131na g\u00f6re belirlenecek:<\/span><\/p>\n<p>&#8211; Sera gaz\u0131 ve karbon emisyonlar\u0131n\u0131 azaltma, yakalama ve\/veya tutma<\/p>\n<p>&#8211; Enerji verimlili\u011fi art\u0131\u015f\u0131<\/p>\n<p>&#8211; \u00c7evreci istihdam yaratma ve \u00e7evreci istihdama eri\u015fimi art\u0131rma<\/p>\n<p>&#8211; Toplum davran\u0131\u015flar\u0131nda, <strong>karbon ayak izinin azalt\u0131lmas\u0131<\/strong>n\u0131, <strong>iklim de\u011fi\u015fikli\u011fi<\/strong>ne kar\u015f\u0131 toplumsal hareketi ve hepimizin istedi\u011fi ortak iklim gelece\u011fine ili\u015fkin <strong>yerel\/b\u00f6lgesel vizyonun yarat\u0131lmas\u0131<\/strong>n\u0131 sa\u011flayacak de\u011fi\u015fimler<\/p>\n<p><strong>Cisco \u0130nsan Kaynaklar\u0131, Politikalar ve \u015eirket Hedefleri \u015eefi Fran Katsoudas:<\/strong>\u00a0&#8220;Cisco&#8217;nun bak\u0131\u015f a\u00e7\u0131s\u0131ndan, herkes i\u00e7in kapsay\u0131c\u0131 bir gelece\u011fe g\u00fc\u00e7 verme amac\u0131m\u0131z\u0131 ger\u00e7ekle\u015ftirmek i\u00e7in iklim de\u011fi\u015fikli\u011fi kaynakl\u0131 artan e\u015fitsizlikle m\u00fccadele etmek zorunday\u0131z. Teknolojimizin, i\u015f uygulamalar\u0131m\u0131z\u0131n ve ortakl\u0131klar\u0131m\u0131z\u0131n bu \u00e7al\u0131\u015fmalar\u0131m\u0131zda hayati \u00f6neme sahip oldu\u011funu da biliyoruz. \u0130klim de\u011fi\u015fikli\u011fi gibi b\u00fcy\u00fck bir sorun, hepimizi etkiliyor. Bu y\u00fczden cesur \u00e7\u00f6z\u00fcmlere finansman sa\u011flamaktan ve insan topluluklar\u0131n\u0131n de\u011fi\u015fime ortak olmas\u0131n\u0131 sa\u011flaman\u0131n yeni yollar\u0131n\u0131 bulmaktan gurur duyuyoruz. \u0130klim bilincine sahip <strong>s\u00fcrd\u00fcr\u00fclebilir \u00e7\u00f6z\u00fcmleri<\/strong> ileri ta\u015f\u0131yan yenilik\u00e7i \u00fcr\u00fcn ve i\u015f modellerini hayata ge\u00e7irirken karbon ayak izimizi k\u00fc\u00e7\u00fcltmeye y\u00f6nelik \u00e7al\u0131\u015fmalar yapmay\u0131 s\u00fcrd\u00fcrece\u011fiz.&#8221;<\/p>\n<p>Cisco, <strong>emisyonlar\u0131<\/strong> ve <strong>at\u0131klar\u0131 azaltarak<\/strong>, daha <strong>verimli \u00fcr\u00fcnler<\/strong> \u00fcreterek ve <strong>kararl\u0131<\/strong>, ancak<strong> eri\u015filebilir hedefler belirleyerek<\/strong> s\u00fcrd\u00fcr\u00fclebilir bir gelecek yaratmay\u0131 ama\u00e7l\u0131yor.<\/p>\n<p>&#8211; \u00c7e\u015fitli \u00fclkelerde <strong>%100 yenilenebilir enerji kullanma hedefini<\/strong> \u015fimdiden ger\u00e7ekle\u015ftiren Cisco, 2022 y\u0131l\u0131nda \u015firketin k\u00fcresel elektrik talebinin en az <strong>%85<\/strong>&#8216;i i\u00e7in yenilenebilir kaynaklardan sa\u011flanan elektrik kullanma ve yine<strong> 2022<\/strong> y\u0131l\u0131nda <strong>Kapsam 1<\/strong> ve <strong>2 sera gaz\u0131 emisyonlar\u0131<\/strong>n\u0131<strong> %60 azaltma<\/strong> (2007&#8217;ye k\u0131yasla) hedeflerine do\u011fru ilerliyor. Cisco ayr\u0131ca,\u00a0<strong><a href=\"https:\/\/www.cisco.com\/c\/en\/us\/about\/csr\/environmental-sustainability.html\">tedarik zincirinin tamam\u0131nda emisyonlar\u0131 azaltmak<\/a><\/strong>\u00a0i\u00e7in tedarik\u00e7ileriyle i\u015f birli\u011fi yap\u0131yor.<\/p>\n<p><a href=\"https:\/\/www.cisco.com\/c\/en\/us\/about\/csr\/circular-economy-supply-chain.html\">&#8211; <strong>\u00dcr\u00fcn ve ambalajlar\u0131n\u0131 yeniden kullan\u0131m, onar\u0131m ve kaynak verimlili\u011fi sa\u011flayacak bi\u00e7imde tasarlamay\u0131<\/strong><\/a>\u00a0ama\u00e7layan Cisco, 2025 y\u0131l\u0131na kadar yeni \u00fcr\u00fcn ve ambalajlar\u0131n\u0131n <strong>%100<\/strong>&#8216;\u00fcn\u00fcn D\u00f6ng\u00fcsel Tasar\u0131m \u0130lkelerini kar\u015f\u0131lamas\u0131 hedefine do\u011fru ilerliyor. \u015eirket ayr\u0131ca, CEO Chuck Robbins&#8217;in <strong>WEF 2018<\/strong>&#8216;de duyurdu\u011fu <strong>%100 geri alma<\/strong> vaadini yerine getirmek i\u00e7in \u00e7al\u0131\u015fmalara ba\u015flad\u0131.<\/p>\n<p>&#8211; Cisco \u00fcr\u00fcnleri s\u00fcrd\u00fcr\u00fclebilirlik g\u00f6z \u00f6n\u00fcnde bulundurularak \u00fcretilir. \u0130ster <strong>enerji t\u00fcketimini azaltan<\/strong> <strong>ak\u0131ll\u0131 kent<\/strong> ve<strong> ak\u0131ll\u0131 bina teknolojileri<\/strong>, ister insanlar\u0131n istedi\u011fi yerden \u00e7al\u0131\u015fabilmesine olanak tan\u0131yan uzaktan i\u015fbirli\u011fi ara\u00e7lar\u0131 olsun, <strong>Cisco teknolojileri emisyonlar\u0131n azalt\u0131lmas\u0131na<\/strong> yard\u0131mc\u0131 olur.<\/p>\n<p><strong>Cisco Mali \u0130\u015fler M\u00fcd\u00fcr\u00fc Scott Herren:<\/strong>\u00a0<em>&#8220;Cisco, \u00e7evresel, toplumsal ve kurumsal sorumlulu\u011fu i\u015f uygulamalar\u0131na ve \u00fcr\u00fcnlerine dahil etme konusunda uzun zamand\u0131r \u00f6nc\u00fc bir \u015firket. <strong>\u0130klim kriziyle m\u00fccadeleye y\u00f6nelik<\/strong> bu yeni ad\u0131m\u0131m\u0131zla bu konudaki kararl\u0131l\u0131\u011f\u0131m\u0131z\u0131 ileri ta\u015f\u0131maktan gurur duyuyoruz.\u00a0Bu noktada, \u015firketimizin amac\u0131n\u0131 <strong>desteklemeye<\/strong> ve<strong> g\u00fc\u00e7lendirmeye<\/strong> yat\u0131r\u0131m yapabilir ve yapmam\u0131z\u0131n gerekti\u011fi bir durumday\u0131z.&#8221;<\/em><\/p>\n<p>Cisco&#8217;nun\u00a0<strong><a href=\"https:\/\/www.cisco.com\/c\/en\/us\/about\/csr.html\" target=\"_blank\" rel=\"nofollow noopener\">daha s\u00fcrd\u00fcr\u00fclebilir bir gelece\u011fe g\u00fc\u00e7 verme<\/a><\/strong> \u00e7al\u0131\u015fmalar\u0131 i\u00e7in t\u0131klay\u0131n&gt;&gt;&gt;<\/p>","protected":false},"excerpt":{"rendered":"<p>Sorry, this entry is only available in Turkish. For the sake of viewer convenience, the content is shown below in the alternative language. You may click the link to switch the active language. Cisco Vakf\u0131, iklim de\u011fi\u015fikli\u011finin etkilerinin tersine \u00e7evrilmesi i\u00e7in y\u00fcr\u00fct\u00fclecek \u00e7al\u0131\u015fmalara 10 y\u0131lda toplam 100 milyon dolar kaynak ay\u0131r\u0131yor. B\u00f6ylece iklim kriziyle m\u00fccadeleye [&hellip;]<\/p>\n","protected":false},"author":1,"featured_media":134685,"comment_status":"open","ping_status":"open","sticky":false,"template":"","format":"standard","meta":[],"categories":[53,52,157],"tags":[90240,90242,90243,41159,10921,53809,90241,65918],"views":138,"_links":{"self":[{"href":"https:\/\/www.enerjigazetesi.ist\/en\/wp-json\/wp\/v2\/posts\/134682"}],"collection":[{"href":"https:\/\/www.enerjigazetesi.ist\/en\/wp-json\/wp\/v2\/posts"}],"about":[{"href":"https:\/\/www.enerjigazetesi.ist\/en\/wp-json\/wp\/v2\/types\/post"}],"author":[{"embeddable":true,"href":"https:\/\/www.enerjigazetesi.ist\/en\/wp-json\/wp\/v2\/users\/1"}],"replies":[{"embeddable":true,"href":"https:\/\/www.enerjigazetesi.ist\/en\/wp-json\/wp\/v2\/comments?post=134682"}],"version-history":[{"count":0,"href":"https:\/\/www.enerjigazetesi.ist\/en\/wp-json\/wp\/v2\/posts\/134682\/revisions"}],"wp:featuredmedia":[{"embeddable":true,"href":"https:\/\/www.enerjigazetesi.ist\/en\/wp-json\/wp\/v2\/media\/134685"}],"wp:attachment":[{"href":"https:\/\/www.enerjigazetesi.ist\/en\/wp-json\/wp\/v2\/media?parent=134682"}],"wp:term":[{"taxonomy":"category","embeddable":true,"href":"https:\/\/www.enerjigazetesi.ist\/en\/wp-json\/wp\/v2\/categories?post=134682"},{"taxonomy":"post_tag","embeddable":true,"href":"https:\/\/www.enerjigazetesi.ist\/en\/wp-json\/wp\/v2\/tags?post=134682"}],"curies":[{"name":"wp","href":"https:\/\/api.w.org\/{rel}","templated":true}]}}