{"id":134658,"date":"2021-05-09T18:48:34","date_gmt":"2021-05-09T15:48:34","guid":{"rendered":"https:\/\/www.enerjigazetesi.ist\/?p=134658"},"modified":"2021-05-09T19:22:25","modified_gmt":"2021-05-09T16:22:25","slug":"marcep-ekonomik-meyvecilik-sorunlari-ve-cozum-yollarini-masaya-yatirdi","status":"publish","type":"post","link":"https:\/\/www.enerjigazetesi.ist\/en\/marcep-ekonomik-meyvecilik-sorunlari-ve-cozum-yollarini-masaya-yatirdi\/","title":{"rendered":"(Turkish) MAR\u00c7EP &#8216;Ekonomik Meyvecilik, Sorunlar\u0131yla \u00c7\u00f6z\u00fcm Yollar\u0131&#8217;n\u0131 Konu\u015ftu"},"content":{"rendered":"<p class=\"qtranxs-available-languages-message qtranxs-available-languages-message-en\">Sorry, this entry is only available in <a href=\"https:\/\/www.enerjigazetesi.ist\/tr\/wp-json\/wp\/v2\/posts\/134658\" class=\"qtranxs-available-language-link qtranxs-available-language-link-tr\" title=\"Turkish\">Turkish<\/a>. For the sake of viewer convenience, the content is shown below in the alternative language. You may click the link to switch the active language.<\/p><p><\/p>\n<h1><strong>T\u00fcrkiye \u00c7evre Platformu (T\u00dcR\u00c7EP) ve Marmara \u00c7evre Platformu (MAR\u00c7EP) in ortakla\u015fa d\u00fczenledi\u011fi ve bir\u00e7ok \u00e7evreci \u00f6rg\u00fct\u00fcn ve \u0130stanbul Sanayi Odas\u0131&#8217;ndan bir \u00e7ok kat\u0131l\u0131mc\u0131n\u0131n te\u015frif etti\u011fi bilgilendirme ve de\u011ferlendirme toplant\u0131s\u0131 Zoom \u00fczerinden \u00e7evrimi\u00e7i olarak d\u00fczenlenmi\u015ftir.<\/strong><\/h1>\n<p>Moderat\u00f6rl\u00fc\u011f\u00fcn\u00fc <strong>MAR\u00c7EP<\/strong> d\u00f6nem Sekreteri <strong>H\u00fcseyin ER\u00c7\u0130N&#8217;<\/strong>in \u00a0yapt\u0131\u011f\u0131,<strong> \u201cEkonomik Meyvecilik, Sorunlar\u0131 ve \u00c7\u00f6z\u00fcm Yollar\u0131\u201d<\/strong> temal\u0131 bilgilenme toplant\u0131s\u0131nda <strong>\u0130SO ( \u0130stanbul Sanayi Odas\u0131 ) Meclis \u00dcyesi<\/strong> \u2013 <strong>Organik G\u00fcbre ve Meyve \u00dcreticisi\u00a0<\/strong>Mehmet KO\u00c7 sunumunda \u00e7ok \u00f6nemli konulara <img loading=\"lazy\" class=\"alignright wp-image-134661\" src=\"https:\/\/www.enerjigazetesi.ist\/wp-content\/uploads\/2021\/05\/marcep-ekonomik-meyvecilik-sorunlari-ve-cozum-yollarini-masaya-yatirdi.jpg\" alt=\"\" width=\"340\" height=\"181\" srcset=\"https:\/\/www.enerjigazetesi.ist\/wp-content\/uploads\/2021\/05\/marcep-ekonomik-meyvecilik-sorunlari-ve-cozum-yollarini-masaya-yatirdi.jpg 484w, https:\/\/www.enerjigazetesi.ist\/wp-content\/uploads\/2021\/05\/marcep-ekonomik-meyvecilik-sorunlari-ve-cozum-yollarini-masaya-yatirdi-300x159.jpg 300w, https:\/\/www.enerjigazetesi.ist\/wp-content\/uploads\/2021\/05\/marcep-ekonomik-meyvecilik-sorunlari-ve-cozum-yollarini-masaya-yatirdi-80x42.jpg 80w\" sizes=\"(max-width: 340px) 100vw, 340px\" \/>de\u011finerek a\u015fa\u011f\u0131daki tespitleri dile getirmi\u015ftir.<\/p>\n<p><strong>Meyvecili\u011fin bilin\u00e7li yap\u0131lmad\u0131\u011f\u0131<\/strong>, en ba\u015fta tercihlerin \u00e7ok \u00f6nemli oldu\u011fu, <strong>topra\u011f\u0131n organik yap\u0131s\u0131n\u0131n incelenmeden dikime ge\u00e7ildi\u011fi<\/strong> ve <strong>Ekonomik b\u00fcy\u00fckl\u00fck g\u00f6z ard\u0131 edilmesi<\/strong> ve <strong>k\u00fc\u00e7\u00fck \u00f6l\u00e7ekli \u00fcreticinin toptanc\u0131<\/strong> ve <strong>t\u00fcccar\u0131n eline mahkum oldu\u011funu<\/strong> belirtmi\u015ftir. Bunun \u00f6n\u00fcne ge\u00e7ilmesi i\u00e7in bir an \u00f6nce <strong>hal yasas\u0131n\u0131n \u00e7\u0131kar\u0131lmas\u0131<\/strong>, <em>Su bakanl\u0131\u011f\u0131 kurulmal\u0131, Kimyasal kullan\u0131m\u0131 azalt\u0131lmal\u0131, kooperatif\u00e7ili\u011fin desteklenmesi, ziraat meslek liselerinin<strong> yayg\u0131nla\u015ft\u0131r\u0131lmas\u0131<\/strong><\/em> ve <strong><em>mezunlar\u0131n\u0131n bizzat tarlada g\u00f6rev yapmas\u0131<\/em><\/strong> ve <em>tar\u0131mda <strong>vah\u015fi sulamay\u0131 b\u0131rakmam\u0131z<\/strong><\/em> gerekti\u011finin \u00fczerine basa basa vurgulam\u0131\u015ft\u0131r.<\/p>\n<p>\u0130stanbul Sanayi Odas\u0131 Ambalaj \u00fcreticisi <strong>Mustafa TAH\u0130R<\/strong> ise <strong>\u201c\u00dcretti\u011fimiz meyvelerin % 40&#8217;\u0131 heba oluyor, meyvelerin kalibrasyonu \u00e7ok \u00f6nem arz ediyor\u201d<\/strong> demi\u015ftir.<\/p>\n<p><strong>\u0130stanbul Sanayi Odas\u0131<\/strong>&#8216;ndan Aromatik Bitkiler \u00fcreticisi <strong>Hakan ALKAN<\/strong> ise <em>\u201cKatma de\u011feri y\u00fcksek \u00fcr\u00fcn \u00fcretimine ge\u00e7memiz gerekiyor ve ayr\u0131ca teknolojiden gere\u011fince yararlanam\u0131yoruz. G\u00fcn\u00fcm\u00fczde\u00a0 Dronlarla, IHA&#8217;larla tarlaya girmeden meyvelere yabanc\u0131 b\u00f6cek vb. elemanlar tespit edilerek bunlar\u0131 dronlarla yok etmek m\u00fcmk\u00fcn iken bunu yapm\u0131yoruz. <strong>Aromatik bitki<\/strong> ve <strong>kokulardan<\/strong> yararlanm\u0131yoruz\u201d<\/em> diyerek katk\u0131 sa\u011flam\u0131\u015ft\u0131r.<\/p>\n<p><strong>Ni\u011fde \u00c7evre E\u011fitim K\u00fclt\u00fcr Derne\u011fi<\/strong>&#8216;nden <strong>Abidin \u00d6ZKAYMAK<\/strong> &#8220;Meyvecilikte di\u011fer \u00fcr\u00fcnlerde oldu\u011fu gibi <strong>Merkezi Planlama<\/strong> \u00e7ok \u00f6nemlidir ama bu maalesef yap\u0131lm\u0131yor ve buda <strong>kaynak<\/strong> ve<strong> emek<\/strong> <strong>israf\u0131na<\/strong> yol a\u00e7\u0131yor. Hangi \u00fcr\u00fcn nerede ne kadar \u00fcretilmelidir bunun planlanmas\u0131 yap\u0131lmal\u0131d\u0131r. T\u00fcrk \u00e7ift\u00e7isi gerekti\u011fi kadar desteklenmemektedir.&#8221;<\/p>\n<p>K\u0131r\u0131kkale \u0130l Genel Meclis Ba\u015fkan\u0131<strong> Ayd\u0131n KARAKO\u00c7<\/strong> <em>\u201cMilli Tar\u0131m politikas\u0131 olmal\u0131d\u0131r. T\u00fcrkiye <strong>13 adet<\/strong> temel \u00fcr\u00fcn belirlenmi\u015f olup bunlar <strong>\u00fcretici kooperatifleri yolu<\/strong> ile D\u00fcnya ile rekabet eder duruma getirilmeli, <strong>k\u00f6yl\u00fcy\u00fc k\u00f6yde tutarak<\/strong> tar\u0131m yap\u0131lmal\u0131d\u0131r.<\/em><\/p>\n<p><em>\u0130stanbul Sanayi Odas\u0131ndan <strong>\u0130brahim AYDO\u011eAN<\/strong> \u201c Kooperatif\u00e7ili\u011fe \u00f6nem vermemiz gerekiyor. \u00c7iftcilerimiz para kazanmal\u0131d\u0131r. Para kazanmaz ise bu i\u015fi yapamaz. T\u00fcrkiye\u2019 de kilosu <strong>20 TL<\/strong> olan kurutulmu\u015f kay\u0131s\u0131 Amerika\u2019da <strong>40 $<\/strong> d\u0131r. <\/em><\/p>\n<p><em>\u0130DA Dayan\u0131\u015fma Derne\u011fi&#8217;nden <strong>Ekrem AKG\u00dcL<\/strong> \u201c \u00c7anakkale b\u00f6lgesinde<strong> 520 bin ton meyva<\/strong> \u00fcretilmi\u015ftir. <strong>100.000 ton<\/strong> Elma, <strong>160.000 ton<\/strong> \u015eeftali\u00a0 yani T\u00fcrkiye\u2019nin <strong>% 13<\/strong> \u00fc Lapseki\u2019de\u00a0<\/em><em>\u00fcretilmi\u015ftir. B\u00f6yle \u00f6nemli bir b\u00f6lgede <strong>Kazda\u011flar\u0131&#8217;nda<\/strong> ve <strong>maden sahalar\u0131n<\/strong>da oldu\u011fu gibi topraklar\u0131m\u0131z\u0131 kaybediyoruz. Bu \u00fcretilenler <strong>Buzhaneler<\/strong> ve<strong> kooperatifle\u015fme<\/strong> olmasa bu meyveler ziyan olacakt\u0131r.\u201d<\/em><\/p>\n<p>T\u00dcR\u00c7EP koordinat\u00f6r\u00fc <strong>Prof.Dr. Tanay S\u0131dk\u0131 UYAR<\/strong> \u201c Avrupa Birli\u011fi (AB) \u00fcyesi olan <strong>28 \u00fclke<\/strong> iklim krizinde 2030 y\u0131l\u0131na kadar <strong>karbon s\u0131f\u0131r olmas\u0131<\/strong> i\u00e7in<strong> 1 Trilyon \u20ac<\/strong> kaynak ay\u0131rarak ortak tar\u0131m politikas\u0131 belirliyor. T\u00fcrkiye\u2019de aday \u00fclkelerden birisidir. AB <strong>2050 ye kadar<\/strong> aday \u00fclkelerinde uymas\u0131 gereken<strong> tar\u0131m politikalar\u0131<\/strong> belirleyecektir. Biz <strong>pestisist\u2019lerden ar\u0131nd\u0131r\u0131lm\u0131\u015f<\/strong> bir<strong> tar\u0131m politikas\u0131<\/strong> belirleyerek \u00fcr\u00fcnlerimizi tarladan sofraya ula\u015ft\u0131r\u0131lmas\u0131 \u00f6nemlidir.<\/p>\n<p><strong>Konya Do\u011fa<\/strong> ve <strong>Havyan Haklar\u0131n\u0131 Koruma Derne\u011fi<\/strong>&#8216;nden Osman <strong>Nevres YILMAZLAR<\/strong> \u201cKonya kapal\u0131 su havzas\u0131nda tar\u0131m plans\u0131z programs\u0131z yap\u0131ld\u0131\u011f\u0131ndan ve bilin\u00e7siz su kullan\u0131m\u0131ndan birka\u00e7 <strong>10 y\u0131l<\/strong> sonra<strong> topraklar\u0131m\u0131z \u00e7\u00f6lle\u015fmeye<\/strong> ba\u015flayacakt\u0131r.<\/p>\n<p>Zoom \u00fczerinden yap\u0131lan toplant\u0131da toplant\u0131ya kat\u0131lan \u00e7evreci kurulu\u015f <strong>temsilcilerin sorular\u0131<\/strong> ve <strong>a\u00e7\u0131klay\u0131c\u0131<\/strong> ve <strong>doyurucu bilgiler<\/strong> ile toplant\u0131 sona ermi\u015ftir.<strong> Escevder (Eski\u015fehir \u00c7evre Koruma ve Geli\u015ftirme Derne\u011fi)\u00a0<\/strong>de kat\u0131l\u0131mc\u0131lar aras\u0131nda yer alm\u0131\u015ft\u0131r.<\/p>\n<p><strong>T\u00dcR\u00c7EP ( T\u00fcrkiye \u00c7evre Platformu )\u00a0<\/strong>\u00f6nderli\u011finde yap\u0131lan bu s\u00f6yle\u015filerin \u00e7evrimi\u00e7i olarak Zoom \u00fczerinden yap\u0131laca\u011f\u0131 ve bilgilerinin kamuoyu ile payla\u015f\u0131laca\u011f\u0131 duyurulmu\u015ftur. <strong>08.05.2021<\/strong><\/p>","protected":false},"excerpt":{"rendered":"<p>Sorry, this entry is only available in Turkish. For the sake of viewer convenience, the content is shown below in the alternative language. You may click the link to switch the active language. T\u00fcrkiye \u00c7evre Platformu (T\u00dcR\u00c7EP) ve Marmara \u00c7evre Platformu (MAR\u00c7EP) in ortakla\u015fa d\u00fczenledi\u011fi ve bir\u00e7ok \u00e7evreci \u00f6rg\u00fct\u00fcn ve \u0130stanbul Sanayi Odas\u0131&#8217;ndan bir \u00e7ok [&hellip;]<\/p>\n","protected":false},"author":1,"featured_media":134662,"comment_status":"open","ping_status":"open","sticky":false,"template":"","format":"standard","meta":[],"categories":[53],"tags":[90226,70472,74104],"views":143,"_links":{"self":[{"href":"https:\/\/www.enerjigazetesi.ist\/en\/wp-json\/wp\/v2\/posts\/134658"}],"collection":[{"href":"https:\/\/www.enerjigazetesi.ist\/en\/wp-json\/wp\/v2\/posts"}],"about":[{"href":"https:\/\/www.enerjigazetesi.ist\/en\/wp-json\/wp\/v2\/types\/post"}],"author":[{"embeddable":true,"href":"https:\/\/www.enerjigazetesi.ist\/en\/wp-json\/wp\/v2\/users\/1"}],"replies":[{"embeddable":true,"href":"https:\/\/www.enerjigazetesi.ist\/en\/wp-json\/wp\/v2\/comments?post=134658"}],"version-history":[{"count":0,"href":"https:\/\/www.enerjigazetesi.ist\/en\/wp-json\/wp\/v2\/posts\/134658\/revisions"}],"wp:featuredmedia":[{"embeddable":true,"href":"https:\/\/www.enerjigazetesi.ist\/en\/wp-json\/wp\/v2\/media\/134662"}],"wp:attachment":[{"href":"https:\/\/www.enerjigazetesi.ist\/en\/wp-json\/wp\/v2\/media?parent=134658"}],"wp:term":[{"taxonomy":"category","embeddable":true,"href":"https:\/\/www.enerjigazetesi.ist\/en\/wp-json\/wp\/v2\/categories?post=134658"},{"taxonomy":"post_tag","embeddable":true,"href":"https:\/\/www.enerjigazetesi.ist\/en\/wp-json\/wp\/v2\/tags?post=134658"}],"curies":[{"name":"wp","href":"https:\/\/api.w.org\/{rel}","templated":true}]}}