{"id":134653,"date":"2021-05-09T18:18:45","date_gmt":"2021-05-09T15:18:45","guid":{"rendered":"https:\/\/www.enerjigazetesi.ist\/?p=134653"},"modified":"2021-05-09T18:22:16","modified_gmt":"2021-05-09T15:22:16","slug":"izmir-in-yavru-flamingolari-dunyaya-gozlerini-acti","status":"publish","type":"post","link":"https:\/\/www.enerjigazetesi.ist\/en\/izmir-in-yavru-flamingolari-dunyaya-gozlerini-acti\/","title":{"rendered":"(Turkish) \u0130zmir\u2019in Yavru Flamingolar\u0131 D\u00fcnyaya G\u00f6zlerini A\u00e7t\u0131"},"content":{"rendered":"<p class=\"qtranxs-available-languages-message qtranxs-available-languages-message-en\">Sorry, this entry is only available in <a href=\"https:\/\/www.enerjigazetesi.ist\/tr\/wp-json\/wp\/v2\/posts\/134653\" class=\"qtranxs-available-language-link qtranxs-available-language-link-tr\" title=\"Turkish\">Turkish<\/a>. For the sake of viewer convenience, the content is shown below in the alternative language. You may click the link to switch the active language.<\/p><p><\/p>\n<h1><strong>\u0130zmir\u2019in Gediz Deltas\u0131\u2019nda yuva kuran yakla\u015f\u0131k 20 bin flamingo \u00e7iftinin yavrular\u0131 yumurtadan \u00e7\u0131kmaya ba\u015flad\u0131. Gediz Deltas\u0131\u2019nda \u00fcreyen flamingolar\u0131n yavrular\u0131, \u00f6n\u00fcm\u00fczdeki yaz aylar\u0131n\u0131n sonunda u\u00e7maya ba\u015flayacak.<\/strong><\/h1>\n<p>D\u00fcnya n\u00fcfusunun yakla\u015f\u0131k<strong> % 5<\/strong> ila <strong>10\u2019nun<\/strong> Gediz Deltas\u0131\u2019nda \u00fcredi\u011fi <strong>flamingolar\u0131n ilk yavrular\u0131<\/strong> do\u011fmaya ba\u015flad\u0131. Flamingolar <strong>k\u0131\u015f aylar\u0131nda kur danslar\u0131na<\/strong> ba\u015flam\u0131\u015f, Nisan ay\u0131n\u0131n ba\u015f\u0131nda <img loading=\"lazy\" class=\"alignright wp-image-134655\" src=\"https:\/\/www.enerjigazetesi.ist\/wp-content\/uploads\/2021\/05\/izmir-in-yavru-flamingolari-dunyaya-gozlerini-acti-1.jpg\" alt=\"\" width=\"320\" height=\"240\" srcset=\"https:\/\/www.enerjigazetesi.ist\/wp-content\/uploads\/2021\/05\/izmir-in-yavru-flamingolari-dunyaya-gozlerini-acti-1.jpg 550w, https:\/\/www.enerjigazetesi.ist\/wp-content\/uploads\/2021\/05\/izmir-in-yavru-flamingolari-dunyaya-gozlerini-acti-1-300x225.jpg 300w, https:\/\/www.enerjigazetesi.ist\/wp-content\/uploads\/2021\/05\/izmir-in-yavru-flamingolari-dunyaya-gozlerini-acti-1-500x375.jpg 500w, https:\/\/www.enerjigazetesi.ist\/wp-content\/uploads\/2021\/05\/izmir-in-yavru-flamingolari-dunyaya-gozlerini-acti-1-67x50.jpg 67w\" sizes=\"(max-width: 320px) 100vw, 320px\" \/>deltadaki<strong> \u00fcreme adas\u0131nda kulu\u00e7kaya<\/strong> yatm\u0131\u015ft\u0131. Ge\u00e7mi\u015f y\u0131llardaki \u00e7al\u0131\u015fmalara g\u00f6re <strong>Gediz Deltas\u0131\u2019<\/strong>nda<strong> y\u0131ll\u0131k<\/strong> ortalama <strong>18-20 bin \u00e7ift flamingo<\/strong> \u00fcr\u00fcyor. Bu senenin tam say\u0131lar\u0131, flamingolar \u00fcreme adas\u0131n\u0131 terk ettikten sonra <strong>yuvalar\u0131n say\u0131lmas\u0131 sonucunda<\/strong> belli olacak. <strong>Flamingolar<\/strong>, yaz aylar\u0131nda bir kre\u015f olu\u015fturacak ve yavrulara toplu olarak bakacak.<\/p>\n<p>T\u00fcrkiye\u2019nin \u00f6nemli <strong>sulak alan sistemlerinden<\/strong> biri olan <strong>Gediz Deltas\u0131\u2019nda<\/strong> bu y\u0131l\u00a0ku\u015f n\u00fcfusunun belirlenmesi \u00e7al\u0131\u015fmalar\u0131 <strong>Do\u011fa Derne\u011fi<\/strong> ve <strong>\u0130zmir B\u00fcy\u00fck\u015fehir Belediyesi<\/strong> ortakl\u0131\u011f\u0131nda, <strong>Do\u011fa Koruma ve Milli Parklar Genel M\u00fcd\u00fcrl\u00fc\u011f\u00fc<\/strong>\u2019n\u00fcn (DKMP) ve<strong> DKMP \u0130zmir \u015eube M\u00fcd\u00fcrl\u00fc\u011f\u00fc<\/strong>\u2019n\u00fcn g\u00f6zetimiyle ger\u00e7ekle\u015ftiriliyor.<\/p>\n<p>\u00c7al\u0131\u015fmada, <strong>Gediz Deltas\u0131<\/strong>\u2019n\u0131n y\u0131l boyu izlenmesi ve hem \u00fcreme hem de \u00fcreme d\u00f6nemi d\u0131\u015f\u0131nda<strong> t\u00fcm ku\u015f varl\u0131\u011f\u0131n\u0131n belirlenmesi<\/strong> hedefleniyor.\u00a0<strong>Gediz Deltas\u0131<\/strong>, <strong>\u0130zmir B\u00fcy\u00fck\u015fehir Belediyesi<\/strong>\u2019nin yapm\u0131\u015f oldu\u011fu resmi ba\u015fvuruyla, <strong>UNESCO D\u00fcnya Miras\u0131 Ge\u00e7ici Listesi<\/strong>\u2019ne girmeye haz\u0131rlan\u0131yor. Deltada ba\u015flat\u0131lan <strong>Ku\u015f \u0130zleme Program\u0131<\/strong> hem deltan\u0131n tan\u0131nmas\u0131 hem de deltan\u0131n d\u00fcnya miras\u0131 \u00f6zellikleri g\u00f6steren <strong>benzersiz do\u011fas\u0131n\u0131n ara\u015ft\u0131r\u0131lmas\u0131<\/strong> i\u00e7in \u00f6nem ta\u015f\u0131yor.<\/p>\n<p><strong>Gediz Deltas\u0131\u2019nda<\/strong> y\u00fcr\u00fct\u00fclen <strong>ku\u015f ara\u015ft\u0131rma program\u0131<\/strong> hakk\u0131nda a\u00e7\u0131klama yapan Do\u011fa Derne\u011fi Y\u00f6netim Kurulu Ba\u015fkan\u0131 <strong>Dicle Tuba K\u0131l\u0131\u00e7:<\/strong> <em>\u201cD\u00fcnyadaki her <strong>10 flamingodan birine<\/strong> \u0130zmir\u2019in ya\u015fam vermesi b\u00fcy\u00fck bir ayr\u0131cal\u0131k. <strong>\u0130klim kriziyle kar\u015f\u0131 kar\u015f\u0131ya<\/strong> oldu\u011fumuz bu d\u00f6nemde<strong> Gediz Deltas\u0131<\/strong> ve onun sundu\u011fu ya\u015fam her zamankinden daha fazla \u00f6nem ta\u015f\u0131yor. Bu nedenle,<strong> \u0130zmir B\u00fcy\u00fck\u015fehir Belediyesi<\/strong> ve <strong>DKMP<\/strong> ile y\u00fcr\u00fctt\u00fc\u011f\u00fcm\u00fcz bu \u00e7al\u0131\u015fma Deltan\u0131n daha fazla tan\u0131nmas\u0131, sevilmesi ve ya\u015fat\u0131lmas\u0131 i\u00e7in b\u00fcy\u00fck \u00f6nem ta\u015f\u0131yor. <strong>Deltadaki ku\u015flar\u0131n ya\u015fam\u0131<\/strong>na g\u00fcn be g\u00fcn \u015fahitlik yapmak ve bunu payla\u015fmak bizim i\u00e7in hem bir mutluluk kayna\u011f\u0131 hem de bir g\u00f6rev. <strong>Pandemi ko\u015fullar\u0131nda<\/strong> \u00f6zel izinle s\u00fcrd\u00fcrd\u00fc\u011f\u00fcm\u00fcz \u00e7al\u0131\u015fmam\u0131z \u00f6n\u00fcm\u00fczdeki d\u00f6nemde g\u00f6n\u00fcll\u00fclerimize de a\u00e7\u0131k olacak\u201d<\/em> dedi.<\/p>\n<p><strong>Flamingo \u00fcreme adas\u0131<\/strong>n\u0131 canl\u0131 olarak<strong> izlemek<\/strong> ve <strong>yumurtadan yeni \u00e7\u0131kan yavrular\u0131<\/strong> g\u00f6rmek i\u00e7in a\u015fa\u011f\u0131daki ba\u011flant\u0131y\u0131 ziyaret edebilirsiniz.<\/p>\n<p><a href=\"http:\/\/panel.mediatriple.net\/embed\/player\/2\/broadcast_5b1e204868946?autoplay=false\">http:\/\/panel.mediatriple.net\/embed\/player\/2\/broadcast_5b1e204868946?autoplay=false<\/a><\/p>","protected":false},"excerpt":{"rendered":"<p>Sorry, this entry is only available in Turkish. For the sake of viewer convenience, the content is shown below in the alternative language. You may click the link to switch the active language. \u0130zmir\u2019in Gediz Deltas\u0131\u2019nda yuva kuran yakla\u015f\u0131k 20 bin flamingo \u00e7iftinin yavrular\u0131 yumurtadan \u00e7\u0131kmaya ba\u015flad\u0131. Gediz Deltas\u0131\u2019nda \u00fcreyen flamingolar\u0131n yavrular\u0131, \u00f6n\u00fcm\u00fczdeki yaz aylar\u0131n\u0131n [&hellip;]<\/p>\n","protected":false},"author":1,"featured_media":134655,"comment_status":"open","ping_status":"open","sticky":false,"template":"","format":"standard","meta":[],"categories":[53],"tags":[90223,90221,90224,90220,46279,10632,76929,90225,90222],"views":61,"_links":{"self":[{"href":"https:\/\/www.enerjigazetesi.ist\/en\/wp-json\/wp\/v2\/posts\/134653"}],"collection":[{"href":"https:\/\/www.enerjigazetesi.ist\/en\/wp-json\/wp\/v2\/posts"}],"about":[{"href":"https:\/\/www.enerjigazetesi.ist\/en\/wp-json\/wp\/v2\/types\/post"}],"author":[{"embeddable":true,"href":"https:\/\/www.enerjigazetesi.ist\/en\/wp-json\/wp\/v2\/users\/1"}],"replies":[{"embeddable":true,"href":"https:\/\/www.enerjigazetesi.ist\/en\/wp-json\/wp\/v2\/comments?post=134653"}],"version-history":[{"count":0,"href":"https:\/\/www.enerjigazetesi.ist\/en\/wp-json\/wp\/v2\/posts\/134653\/revisions"}],"wp:featuredmedia":[{"embeddable":true,"href":"https:\/\/www.enerjigazetesi.ist\/en\/wp-json\/wp\/v2\/media\/134655"}],"wp:attachment":[{"href":"https:\/\/www.enerjigazetesi.ist\/en\/wp-json\/wp\/v2\/media?parent=134653"}],"wp:term":[{"taxonomy":"category","embeddable":true,"href":"https:\/\/www.enerjigazetesi.ist\/en\/wp-json\/wp\/v2\/categories?post=134653"},{"taxonomy":"post_tag","embeddable":true,"href":"https:\/\/www.enerjigazetesi.ist\/en\/wp-json\/wp\/v2\/tags?post=134653"}],"curies":[{"name":"wp","href":"https:\/\/api.w.org\/{rel}","templated":true}]}}