{"id":134569,"date":"2021-05-07T13:57:48","date_gmt":"2021-05-07T10:57:48","guid":{"rendered":"https:\/\/www.enerjigazetesi.ist\/?p=134569"},"modified":"2021-05-07T13:57:48","modified_gmt":"2021-05-07T10:57:48","slug":"turkiye-den-ihrac-edilen-kuruyemisler-artik-gunesin-enerjisi-ile-kurutulacak","status":"publish","type":"post","link":"https:\/\/www.enerjigazetesi.ist\/en\/turkiye-den-ihrac-edilen-kuruyemisler-artik-gunesin-enerjisi-ile-kurutulacak\/","title":{"rendered":"(Turkish) T\u00fcrkiye\u2019den \u0130hra\u00e7 Edilen Kuruyemi\u015fler Art\u0131k G\u00fcne\u015fin Enerjisi ile Kurutulacak"},"content":{"rendered":"<p class=\"qtranxs-available-languages-message qtranxs-available-languages-message-en\">Sorry, this entry is only available in <a href=\"https:\/\/www.enerjigazetesi.ist\/tr\/wp-json\/wp\/v2\/posts\/134569\" class=\"qtranxs-available-language-link qtranxs-available-language-link-tr\" title=\"Turkish\">Turkish<\/a>. For the sake of viewer convenience, the content is shown below in the alternative language. You may click the link to switch the active language.<\/p><p><\/p>\n<h1>D\u00fcnya \u00fczerinde 57\u00b4yi a\u015fk\u0131n \u00fclke ile ticari faaliyetlerini s\u00fcrd\u00fcren, kuru meyve ve mamulleri sekt\u00f6r\u00fcnde en y\u00fcksek ihracat\u0131 ger\u00e7ekle\u015ftiren firma olan Ayd\u0131n Kuruyemi\u015f, \u00e7at\u0131 \u00fczeri GES projeleri i\u00e7in ASUN\u0130M T\u00fcrkiye\u2019yi tercih etti. T\u00fcrkiye\u2019den d\u00fcnyaya ihra\u00e7 edilen kuruyemi\u015fler bu sayede art\u0131k<strong><img loading=\"lazy\" class=\"alignright wp-image-134572\" src=\"https:\/\/www.enerjigazetesi.ist\/wp-content\/uploads\/2021\/05\/turkiye-den-ihrac-edilen-kuruyemisler-artik-gunesin-enerjisi-ile-kurutulacak-1.jpg\" alt=\"\" width=\"320\" height=\"240\" srcset=\"https:\/\/www.enerjigazetesi.ist\/wp-content\/uploads\/2021\/05\/turkiye-den-ihrac-edilen-kuruyemisler-artik-gunesin-enerjisi-ile-kurutulacak-1.jpg 550w, https:\/\/www.enerjigazetesi.ist\/wp-content\/uploads\/2021\/05\/turkiye-den-ihrac-edilen-kuruyemisler-artik-gunesin-enerjisi-ile-kurutulacak-1-300x225.jpg 300w, https:\/\/www.enerjigazetesi.ist\/wp-content\/uploads\/2021\/05\/turkiye-den-ihrac-edilen-kuruyemisler-artik-gunesin-enerjisi-ile-kurutulacak-1-500x375.jpg 500w, https:\/\/www.enerjigazetesi.ist\/wp-content\/uploads\/2021\/05\/turkiye-den-ihrac-edilen-kuruyemisler-artik-gunesin-enerjisi-ile-kurutulacak-1-67x50.jpg 67w\" sizes=\"(max-width: 320px) 100vw, 320px\" \/><\/strong> g\u00fcne\u015fin enerjisi ile kurutulacak.<\/h1>\n<p>G\u00fc\u00e7l\u00fc bir tar\u0131m \u00fclkesi olan \u00fclkemizin ihracatta rekabet avantaj\u0131 elde etmesi i\u00e7in enerji maliyetlerini d\u00fc\u015f\u00fcrmesinin \u00f6nemine inanan ASUN\u0130M T\u00fcrkiye, kuruyemi\u015f ihracat\u0131nda T\u00fcrkiye lideri <strong>Ayd\u0131n Kuruyemi\u015f<\/strong>\u2019in <strong>Gaziantep Nizip<\/strong> ve <strong>Sakarya Hendek<\/strong>\u2019te bulunan <strong>2 fabrika \u00e7at\u0131s\u0131na<\/strong> e\u015f zamanl\u0131 <strong>\u00e7at\u0131 \u00fczeri GES kurulacak.<\/strong><\/p>\n<p><strong>ASUN\u0130M T\u00fcrkiye<\/strong>, imzalanan s\u00f6zle\u015fme kapsam\u0131nda <strong>Ayd\u0131n Kuruyemi\u015f<\/strong>\u2019in Sakarya Hendekte bulunan fabrikas\u0131 i\u00e7in<strong> 1.634kWp<\/strong> g\u00fcc\u00fcnde yap\u0131lacak olan santrale ek olarak grup b\u00fcnyesinde yer alan <strong>Ayd\u0131n F\u0131st\u0131k F\u0131nd\u0131k Pazarlama A.\u015e.<\/strong>\u2019nin <strong>Nizip\u2019teki<\/strong> fabrika \u00e7at\u0131s\u0131na<strong> 2.162kWp<\/strong> g\u00fcc\u00fcnde santral kuracak.<\/p>\n<p>Toplam kurulu g\u00fcc\u00fc <strong>3.7 MWp<\/strong> olacak santrallerde; <strong>Phono Solar<\/strong> g\u00fcne\u015f panelleri, <strong>SMA<\/strong> marka inverterler, <strong>Studer<\/strong> marka <strong>\u00f6zel solar kablolar<\/strong> kullan\u0131lacak ve santrallerin <strong>bak\u0131m onar\u0131m faaliyetleri<\/strong> <strong>ASUN\u0130M\u2019in i\u015ftirak firmas\u0131<\/strong> olan <strong>MAXIMA Enerji<\/strong> taraf\u0131ndan y\u00fcr\u00fct\u00fclecek.<\/p>","protected":false},"excerpt":{"rendered":"<p>Sorry, this entry is only available in Turkish. For the sake of viewer convenience, the content is shown below in the alternative language. You may click the link to switch the active language. D\u00fcnya \u00fczerinde 57\u00b4yi a\u015fk\u0131n \u00fclke ile ticari faaliyetlerini s\u00fcrd\u00fcren, kuru meyve ve mamulleri sekt\u00f6r\u00fcnde en y\u00fcksek ihracat\u0131 ger\u00e7ekle\u015ftiren firma olan Ayd\u0131n Kuruyemi\u015f, [&hellip;]<\/p>\n","protected":false},"author":1,"featured_media":134573,"comment_status":"open","ping_status":"open","sticky":false,"template":"","format":"standard","meta":[],"categories":[51,53,49],"tags":[83257,90186,88332,53157,36099,90187,13708,90188,54979],"views":93,"_links":{"self":[{"href":"https:\/\/www.enerjigazetesi.ist\/en\/wp-json\/wp\/v2\/posts\/134569"}],"collection":[{"href":"https:\/\/www.enerjigazetesi.ist\/en\/wp-json\/wp\/v2\/posts"}],"about":[{"href":"https:\/\/www.enerjigazetesi.ist\/en\/wp-json\/wp\/v2\/types\/post"}],"author":[{"embeddable":true,"href":"https:\/\/www.enerjigazetesi.ist\/en\/wp-json\/wp\/v2\/users\/1"}],"replies":[{"embeddable":true,"href":"https:\/\/www.enerjigazetesi.ist\/en\/wp-json\/wp\/v2\/comments?post=134569"}],"version-history":[{"count":0,"href":"https:\/\/www.enerjigazetesi.ist\/en\/wp-json\/wp\/v2\/posts\/134569\/revisions"}],"wp:featuredmedia":[{"embeddable":true,"href":"https:\/\/www.enerjigazetesi.ist\/en\/wp-json\/wp\/v2\/media\/134573"}],"wp:attachment":[{"href":"https:\/\/www.enerjigazetesi.ist\/en\/wp-json\/wp\/v2\/media?parent=134569"}],"wp:term":[{"taxonomy":"category","embeddable":true,"href":"https:\/\/www.enerjigazetesi.ist\/en\/wp-json\/wp\/v2\/categories?post=134569"},{"taxonomy":"post_tag","embeddable":true,"href":"https:\/\/www.enerjigazetesi.ist\/en\/wp-json\/wp\/v2\/tags?post=134569"}],"curies":[{"name":"wp","href":"https:\/\/api.w.org\/{rel}","templated":true}]}}