{"id":134551,"date":"2021-05-07T12:47:37","date_gmt":"2021-05-07T09:47:37","guid":{"rendered":"https:\/\/www.enerjigazetesi.ist\/?p=134551"},"modified":"2021-05-07T12:47:37","modified_gmt":"2021-05-07T09:47:37","slug":"akkuyu-ngs-egitim-programi-katilimcilarindan-moskovada-anlamli-ziyaret","status":"publish","type":"post","link":"https:\/\/www.enerjigazetesi.ist\/en\/akkuyu-ngs-egitim-programi-katilimcilarindan-moskovada-anlamli-ziyaret\/","title":{"rendered":"(Turkish) Akkuyu NGS E\u011fitim Program\u0131 Kat\u0131l\u0131mc\u0131lar\u0131&#8217;ndan Moskova&#8217;da Anlaml\u0131 Ziyaret"},"content":{"rendered":"<p class=\"qtranxs-available-languages-message qtranxs-available-languages-message-en\">Sorry, this entry is only available in <a href=\"https:\/\/www.enerjigazetesi.ist\/tr\/wp-json\/wp\/v2\/posts\/134551\" class=\"qtranxs-available-language-link qtranxs-available-language-link-tr\" title=\"Turkish\">Turkish<\/a>. For the sake of viewer convenience, the content is shown below in the alternative language. You may click the link to switch the active language.<\/p><p><\/p>\n<h1>Akkuyu N\u00fckleer Santrali uzmanlar\u0131na y\u00f6nelik e\u011fitim program\u0131na devam eden yakla\u015f\u0131k 40 T\u00fcrk \u00f6\u011frenci, T\u00fcrkiye\u2019nin Moskova B\u00fcy\u00fckel\u00e7ili\u011fi\u2019nin daveti \u00fczerine B\u00fcy\u00fckel\u00e7i Mehmet Samsar ve B\u00fcy\u00fckel\u00e7ilik E\u011fitim Dan\u0131\u015fman\u0131 Alper Alp ile bir araya geldi. B\u00fcy\u00fckel\u00e7ilik temsilcilerinin \u00f6\u011frencilerin taleplerini dinledi\u011fi g\u00f6r\u00fc\u015fmede \u00f6\u011frencilere, Ramazan dolay\u0131s\u0131yla haz\u0131rlanan ve i\u00e7inde T\u00fcrk \u00f6\u011frencilerin \u00f6zledikleri lezzetleri bar\u0131nd\u0131ran paketler de hediye edildi.<\/h1>\n<p>Rusya\u2019da faaliyet g\u00f6steren T\u00fcrk firmalar\u0131n\u0131n yard\u0131m\u0131yla haz\u0131rlanan g\u0131da kolilerinde, Moskova\u2019daki marketlerde bulunmas\u0131 zor olan <strong>sucuk, lokum, bulgur, T\u00fcrk kahvesi, nohut<\/strong> gibi T\u00fcrk yiyecekleri <img loading=\"lazy\" class=\"alignright wp-image-134553\" src=\"https:\/\/www.enerjigazetesi.ist\/wp-content\/uploads\/2021\/05\/akkuyu-ngs-egitim-programi-katilimcilarindan-moskovada-anlamli-ziyaret-1.jpg\" alt=\"\" width=\"320\" height=\"240\" srcset=\"https:\/\/www.enerjigazetesi.ist\/wp-content\/uploads\/2021\/05\/akkuyu-ngs-egitim-programi-katilimcilarindan-moskovada-anlamli-ziyaret-1.jpg 550w, https:\/\/www.enerjigazetesi.ist\/wp-content\/uploads\/2021\/05\/akkuyu-ngs-egitim-programi-katilimcilarindan-moskovada-anlamli-ziyaret-1-300x225.jpg 300w, https:\/\/www.enerjigazetesi.ist\/wp-content\/uploads\/2021\/05\/akkuyu-ngs-egitim-programi-katilimcilarindan-moskovada-anlamli-ziyaret-1-500x375.jpg 500w, https:\/\/www.enerjigazetesi.ist\/wp-content\/uploads\/2021\/05\/akkuyu-ngs-egitim-programi-katilimcilarindan-moskovada-anlamli-ziyaret-1-67x50.jpg 67w\" sizes=\"(max-width: 320px) 100vw, 320px\" \/>yer ald\u0131.<\/p>\n<p><strong>Rusya Ulusal N\u00fckleer Ara\u015ft\u0131rmalar \u00dcniversitesi\u2019<\/strong>nin <strong>(MEPhI) T\u00fcrk \u00f6\u011frencileri<\/strong>, toplant\u0131yla ilgili izlenimlerini ve T\u00fcrkiye\u2019nin <strong>ilk n\u00fckleer santralinde<\/strong> yap\u0131lacak \u00e7al\u0131\u015fmalara dair beklentilerini de payla\u015ft\u0131.<\/p>\n<p>T\u00fcrk \u00f6\u011frenci grubunun lideri olan 5&#8217;inci s\u0131n\u0131f \u00f6\u011frencisi<strong> Semih Avc\u0131<\/strong>, b\u00fcy\u00fckel\u00e7ili\u011fin kendilerine sunduklar\u0131 deste\u011fe m\u00fcte\u015fekkir olduklar\u0131n\u0131 belirterek, \u201c<em>Ramazan kolisi da\u011f\u0131t\u0131m\u0131 T\u00fcrkiye\u2019de yayg\u0131n olan bir gelenektir. B\u00fcy\u00fckel\u00e7ili\u011fimiz ge\u00e7en sene de benzeri bir etkinlik organize etmi\u015fti. Pandeminin ilk dalgas\u0131n\u0131n ortas\u0131nda da\u011f\u0131t\u0131lan kolilerde maskeden \u00e7e\u015fitli g\u0131da \u00fcr\u00fcnlerine kadar her t\u00fcrl\u00fc ihtiyac\u0131m\u0131z\u0131 \u00fcniversite d\u0131\u015f\u0131na \u00e7\u0131kmadan kar\u015f\u0131layabilece\u011fimiz bir i\u00e7erik mevcuttu. B\u00fcy\u00fckel\u00e7ilik <strong>dini<\/strong> ve<strong> milli<\/strong> bayramlarda d\u00fczenledi\u011fi etkinliklere de bizleri d\u00fczenli olarak davet ediyor<\/em>\u201d\u00a0\u015feklinde konu\u015ftu.<\/p>\n<p>\u00d6\u011frencilerden <strong>H\u00fcseyin Talo<\/strong> ise, <strong>Akkuyu N\u00fckleer Santrali<\/strong>\u2019nde g\u00f6rev alacak ilk n\u00fckleer m\u00fchendisleri aras\u0131nda yer alaca\u011f\u0131 i\u00e7in duydu\u011fu mutlulu\u011fu<span style=\"text-decoration: underline;\"> \u015fu s\u00f6zlerle ifade etti:<\/span><\/p>\n<p>\u201c<em>Modern d\u00fcnyada n\u00fckleer enerjinin rol\u00fc her g\u00fcn art\u0131yor ve gittik\u00e7e daha fazla say\u0131da \u00fclke bunu anlamaya ba\u015flad\u0131. D\u00fcnyada elektri\u011fe olan talepte de s\u00fcrekli bir art\u0131\u015f s\u00f6z konusu. <strong>K\u00fcresel \u0131s\u0131nma tehdidi<\/strong> d\u00fc\u015f\u00fcn\u00fcld\u00fc\u011f\u00fcnde, hepimizin gezegenimize iyi bakmas\u0131 gerekiyor. N\u00fckleer enerji hava ko\u015fullar\u0131 ne olursa olsun <strong>7\/24 karbonsuz enerji temin edebilen<\/strong> tek sabit kaynak<\/em>,\u201d<\/p>\n<p><strong>5. S\u0131n\u0131f \u00f6\u011frencileri<\/strong>nden <strong>Can Berk Kuna\u00e7<\/strong> da, Rusya\u2019ya gelmeden \u00f6nce de T\u00fcrkiye d\u0131\u015f\u0131nda e\u011fitim alm\u0131\u015f oldu\u011fu i\u00e7in bu programa kat\u0131lma karar\u0131n\u0131 daha kolay alabildi\u011fini belirterek, \u201c<em>\u0130leride mesleki geli\u015fim a\u00e7\u0131s\u0131ndan bana s\u0131n\u0131rs\u0131z f\u0131rsatlar sunacak, geni\u015f \u00e7apl\u0131 bir <strong>uluslararas\u0131 projede<\/strong> \u00e7al\u0131\u015f\u0131yor olaca\u011f\u0131m. N\u00fckleer enerji santralleri \u00e7ok az yak\u0131t t\u00fcketmekle birlikte \u00e7ok b\u00fcy\u00fck miktarda enerji \u00fcretme kapasitesine sahip. Elektrik olmadan insanl\u0131\u011f\u0131n ilerlemesi d\u00fc\u015f\u00fcn\u00fclemez. Ben eminim ki; T\u00fcrkiye n\u00fckleer enerji sayesinde hem teknolojik anlamda ilerleyecek hem de bunun sonucunda ekonomik b\u00fcy\u00fcme elde edecek. Bu sebeple, \u00fclkemizdeki ilk <strong>n\u00fckleer santralin ekibinin bir par\u00e7as\u0131 olmak<\/strong> benim i\u00e7in b\u00fcy\u00fck bir onur<\/em>\u201d ifadelerini kulland\u0131.<\/p>","protected":false},"excerpt":{"rendered":"<p>Sorry, this entry is only available in Turkish. For the sake of viewer convenience, the content is shown below in the alternative language. You may click the link to switch the active language. Akkuyu N\u00fckleer Santrali uzmanlar\u0131na y\u00f6nelik e\u011fitim program\u0131na devam eden yakla\u015f\u0131k 40 T\u00fcrk \u00f6\u011frenci, T\u00fcrkiye\u2019nin Moskova B\u00fcy\u00fckel\u00e7ili\u011fi\u2019nin daveti \u00fczerine B\u00fcy\u00fckel\u00e7i Mehmet Samsar ve [&hellip;]<\/p>\n","protected":false},"author":1,"featured_media":134555,"comment_status":"open","ping_status":"open","sticky":false,"template":"","format":"standard","meta":[],"categories":[51,53,43],"tags":[90174,90175,5070,90177,90176,53348],"views":277,"_links":{"self":[{"href":"https:\/\/www.enerjigazetesi.ist\/en\/wp-json\/wp\/v2\/posts\/134551"}],"collection":[{"href":"https:\/\/www.enerjigazetesi.ist\/en\/wp-json\/wp\/v2\/posts"}],"about":[{"href":"https:\/\/www.enerjigazetesi.ist\/en\/wp-json\/wp\/v2\/types\/post"}],"author":[{"embeddable":true,"href":"https:\/\/www.enerjigazetesi.ist\/en\/wp-json\/wp\/v2\/users\/1"}],"replies":[{"embeddable":true,"href":"https:\/\/www.enerjigazetesi.ist\/en\/wp-json\/wp\/v2\/comments?post=134551"}],"version-history":[{"count":0,"href":"https:\/\/www.enerjigazetesi.ist\/en\/wp-json\/wp\/v2\/posts\/134551\/revisions"}],"wp:featuredmedia":[{"embeddable":true,"href":"https:\/\/www.enerjigazetesi.ist\/en\/wp-json\/wp\/v2\/media\/134555"}],"wp:attachment":[{"href":"https:\/\/www.enerjigazetesi.ist\/en\/wp-json\/wp\/v2\/media?parent=134551"}],"wp:term":[{"taxonomy":"category","embeddable":true,"href":"https:\/\/www.enerjigazetesi.ist\/en\/wp-json\/wp\/v2\/categories?post=134551"},{"taxonomy":"post_tag","embeddable":true,"href":"https:\/\/www.enerjigazetesi.ist\/en\/wp-json\/wp\/v2\/tags?post=134551"}],"curies":[{"name":"wp","href":"https:\/\/api.w.org\/{rel}","templated":true}]}}