{"id":134523,"date":"2021-05-06T16:10:52","date_gmt":"2021-05-06T13:10:52","guid":{"rendered":"https:\/\/www.enerjigazetesi.ist\/?p=134523"},"modified":"2021-05-06T16:12:04","modified_gmt":"2021-05-06T13:12:04","slug":"isu-genel-mudurlugu-enerjisini-temiz-enerji-kaynaklarindan-karsiliyor","status":"publish","type":"post","link":"https:\/\/www.enerjigazetesi.ist\/en\/isu-genel-mudurlugu-enerjisini-temiz-enerji-kaynaklarindan-karsiliyor\/","title":{"rendered":"(Turkish) \u0130SU Genel M\u00fcd\u00fcrl\u00fc\u011f\u00fc Enerjisini Temiz Enerji Kaynaklar\u0131ndan Kar\u015f\u0131l\u0131yor"},"content":{"rendered":"<p class=\"qtranxs-available-languages-message qtranxs-available-languages-message-en\">Sorry, this entry is only available in <a href=\"https:\/\/www.enerjigazetesi.ist\/tr\/wp-json\/wp\/v2\/posts\/134523\" class=\"qtranxs-available-language-link qtranxs-available-language-link-tr\" title=\"Turkish\">Turkish<\/a>. For the sake of viewer convenience, the content is shown below in the alternative language. You may click the link to switch the active language.<\/p><p><\/p>\n<h1>Kocaeli\u2019nin i\u00e7me ve kullanma suyu ihtiyac\u0131n\u0131 kar\u015f\u0131layan \u0130SU Genel M\u00fcd\u00fcrl\u00fc\u011f\u00fc,<img loading=\"lazy\" class=\"alignright wp-image-134526\" src=\"https:\/\/www.enerjigazetesi.ist\/wp-content\/uploads\/2021\/05\/isu-genel-mudurlugu-enerjisini-temiz-enerji-kaynaklarindan-karsiliyor.jpg\" alt=\"\" width=\"320\" height=\"207\" srcset=\"https:\/\/www.enerjigazetesi.ist\/wp-content\/uploads\/2021\/05\/isu-genel-mudurlugu-enerjisini-temiz-enerji-kaynaklarindan-karsiliyor.jpg 550w, https:\/\/www.enerjigazetesi.ist\/wp-content\/uploads\/2021\/05\/isu-genel-mudurlugu-enerjisini-temiz-enerji-kaynaklarindan-karsiliyor-300x194.jpg 300w, https:\/\/www.enerjigazetesi.ist\/wp-content\/uploads\/2021\/05\/isu-genel-mudurlugu-enerjisini-temiz-enerji-kaynaklarindan-karsiliyor-500x323.jpg 500w, https:\/\/www.enerjigazetesi.ist\/wp-content\/uploads\/2021\/05\/isu-genel-mudurlugu-enerjisini-temiz-enerji-kaynaklarindan-karsiliyor-77x50.jpg 77w\" sizes=\"(max-width: 320px) 100vw, 320px\" \/> abonelerinin hizmetlerini kesintisiz olarak verimli \u00e7al\u0131\u015fan tesisleri ile vermektedir.<\/h1>\n<p>Verimli \u00e7al\u0131\u015fan tesisleriyle 2020 y\u0131l\u0131nda <strong>126,5 milyon lira<\/strong>\u00a0enerji gideri olan \u0130SU, enerji giderlerinin bir k\u0131sm\u0131n\u0131 kar\u015f\u0131lamaya y\u00f6nelik <strong>yenilenebilir enerji kaynaklar\u0131ndan yararlanmak<\/strong> i\u00e7in yat\u0131r\u0131mlar\u0131n\u0131 da s\u00fcrd\u00fcr\u00fcyor.<\/p>\n<p><strong>Kand\u0131ra Namazgah Baraj\u0131<\/strong> yan\u0131nda <strong>3<\/strong> ve <strong>Kullar At\u0131k su Ar\u0131tma Tesisi<\/strong> \u00fczerinde yer almak \u00fczere <strong>4<\/strong> <strong>g\u00fcne\u015f enerji santral tesisiyle<\/strong>\u00a0g\u00fcnl\u00fck <strong>3 bin 405 hanenin<\/strong>\u00a0ihtiyac\u0131 olan <strong>21 bin 144 kWh<\/strong> enerji \u00fcretiyor.<\/p>\n<p>Ayr\u0131ca, <strong>baraj<\/strong> ve <strong>isale hatlar\u0131ndan<\/strong> yararlanmak i\u00e7in <strong>6<\/strong> <em>hidroelektrik santrali<\/em> ve <strong>at\u0131k su ar\u0131tma \u00e7amurlar\u0131<\/strong>ndan yararlanmak i\u00e7in de <strong>2<\/strong> <em>biyok\u00fctle enerji santralinden<\/em> enerji sa\u011flan\u0131yor.<\/p>","protected":false},"excerpt":{"rendered":"<p>Sorry, this entry is only available in Turkish. For the sake of viewer convenience, the content is shown below in the alternative language. You may click the link to switch the active language. Kocaeli\u2019nin i\u00e7me ve kullanma suyu ihtiyac\u0131n\u0131 kar\u015f\u0131layan \u0130SU Genel M\u00fcd\u00fcrl\u00fc\u011f\u00fc, abonelerinin hizmetlerini kesintisiz olarak verimli \u00e7al\u0131\u015fan tesisleri ile vermektedir. Verimli \u00e7al\u0131\u015fan tesisleriyle [&hellip;]<\/p>\n","protected":false},"author":1,"featured_media":134526,"comment_status":"open","ping_status":"open","sticky":false,"template":"","format":"standard","meta":[],"categories":[22893,51,53,49,47],"tags":[53157,90158,90160,90159,54979],"views":708,"_links":{"self":[{"href":"https:\/\/www.enerjigazetesi.ist\/en\/wp-json\/wp\/v2\/posts\/134523"}],"collection":[{"href":"https:\/\/www.enerjigazetesi.ist\/en\/wp-json\/wp\/v2\/posts"}],"about":[{"href":"https:\/\/www.enerjigazetesi.ist\/en\/wp-json\/wp\/v2\/types\/post"}],"author":[{"embeddable":true,"href":"https:\/\/www.enerjigazetesi.ist\/en\/wp-json\/wp\/v2\/users\/1"}],"replies":[{"embeddable":true,"href":"https:\/\/www.enerjigazetesi.ist\/en\/wp-json\/wp\/v2\/comments?post=134523"}],"version-history":[{"count":0,"href":"https:\/\/www.enerjigazetesi.ist\/en\/wp-json\/wp\/v2\/posts\/134523\/revisions"}],"wp:featuredmedia":[{"embeddable":true,"href":"https:\/\/www.enerjigazetesi.ist\/en\/wp-json\/wp\/v2\/media\/134526"}],"wp:attachment":[{"href":"https:\/\/www.enerjigazetesi.ist\/en\/wp-json\/wp\/v2\/media?parent=134523"}],"wp:term":[{"taxonomy":"category","embeddable":true,"href":"https:\/\/www.enerjigazetesi.ist\/en\/wp-json\/wp\/v2\/categories?post=134523"},{"taxonomy":"post_tag","embeddable":true,"href":"https:\/\/www.enerjigazetesi.ist\/en\/wp-json\/wp\/v2\/tags?post=134523"}],"curies":[{"name":"wp","href":"https:\/\/api.w.org\/{rel}","templated":true}]}}