{"id":134508,"date":"2021-05-06T13:15:41","date_gmt":"2021-05-06T10:15:41","guid":{"rendered":"https:\/\/www.enerjigazetesi.ist\/?p=134508"},"modified":"2021-05-06T13:15:41","modified_gmt":"2021-05-06T10:15:41","slug":"istanbul-ebrd-nin-yesil-sehirler-surdurulebilirlik-programinda-yerini-aldi","status":"publish","type":"post","link":"https:\/\/www.enerjigazetesi.ist\/en\/istanbul-ebrd-nin-yesil-sehirler-surdurulebilirlik-programinda-yerini-aldi\/","title":{"rendered":"(Turkish) &#8217;\u0130stanbul&#8217; EBRD\u2019nin Ye\u015fil \u015eehirler S\u00fcrd\u00fcr\u00fclebilirlik Program\u0131nda Yerini Ald\u0131"},"content":{"rendered":"<p class=\"qtranxs-available-languages-message qtranxs-available-languages-message-en\">Sorry, this entry is only available in <a href=\"https:\/\/www.enerjigazetesi.ist\/tr\/wp-json\/wp\/v2\/posts\/134508\" class=\"qtranxs-available-language-link qtranxs-available-language-link-tr\" title=\"Turkish\">Turkish<\/a>. For the sake of viewer convenience, the content is shown below in the alternative language. You may click the link to switch the active language.<\/p><p><\/p>\n<h1><strong>\u0130stanbul B\u00fcy\u00fck\u015fehir Belediyesi, Avrupa \u0130mar ve Kalk\u0131nma Bankas\u0131\u2019n\u0131n (EBRD) ye\u015fil \u015fehirler s\u00fcrd\u00fcr\u00fclebilirlik program\u0131na kat\u0131ld\u0131.<\/strong><\/h1>\n<p>EBRD Ba\u015fkan\u0131 <strong>Odile Renaud<\/strong> \u2013 Basso ve \u0130stanbul B\u00fcy\u00fck\u015fehir Belediye Ba\u015fkan\u0131 <strong>Ekrem \u0130mamo\u011flu<\/strong>, <img loading=\"lazy\" class=\"alignright wp-image-134510\" src=\"https:\/\/www.enerjigazetesi.ist\/wp-content\/uploads\/2021\/05\/istanbul-ebrd-nin-yesil-sehirler-surdurulebilirlik-programinda-yerini-aldi.jpg\" alt=\"\" width=\"320\" height=\"214\" srcset=\"https:\/\/www.enerjigazetesi.ist\/wp-content\/uploads\/2021\/05\/istanbul-ebrd-nin-yesil-sehirler-surdurulebilirlik-programinda-yerini-aldi.jpg 740w, https:\/\/www.enerjigazetesi.ist\/wp-content\/uploads\/2021\/05\/istanbul-ebrd-nin-yesil-sehirler-surdurulebilirlik-programinda-yerini-aldi-300x200.jpg 300w, https:\/\/www.enerjigazetesi.ist\/wp-content\/uploads\/2021\/05\/istanbul-ebrd-nin-yesil-sehirler-surdurulebilirlik-programinda-yerini-aldi-500x334.jpg 500w, https:\/\/www.enerjigazetesi.ist\/wp-content\/uploads\/2021\/05\/istanbul-ebrd-nin-yesil-sehirler-surdurulebilirlik-programinda-yerini-aldi-75x50.jpg 75w, https:\/\/www.enerjigazetesi.ist\/wp-content\/uploads\/2021\/05\/istanbul-ebrd-nin-yesil-sehirler-surdurulebilirlik-programinda-yerini-aldi-450x300.jpg 450w\" sizes=\"(max-width: 320px) 100vw, 320px\" \/>anla\u015fmay\u0131 imzalarken Renaud \u2013 Basso, <em>\u201cEBRD\u2019nin <strong>ye\u015fil \u015fehirler program\u0131<\/strong> hepimize ya\u015fad\u0131\u011f\u0131m\u0131z \u015fehirleri nas\u0131l yeniden hayal edebilece\u011fimiz, yeniden daha iyi ve daha s\u00fcrd\u00fcr\u00fclebilir \u015fekilde in\u015fa edebilece\u011fimiz konusunda liderlik eden bir vizyon sunuyor. \u0130stanbul\u2019da <strong>iki metro hatt\u0131n\u0131<\/strong> finanse ediyoruz. Toplu ta\u015f\u0131man\u0131n ve \u015fehirdeki di\u011fer alanlar\u0131n geli\u015ftirilmesi i\u00e7in <strong>daha fazlas\u0131n\u0131 finanse etmeye<\/strong> haz\u0131r\u0131z\u201d<\/em> dedi.<\/p>\n<p>Ekrem \u0130mamo\u011flu ise yapt\u0131\u011f\u0131 a\u00e7\u0131klamada <span style=\"text-decoration: underline;\">\u015funlar\u0131 belirtti:<\/span><\/p>\n<p><em>\u201cBiz g\u00f6reve ba\u015flamadan \u00f6nce \u0130stanbul\u2019a en \u00f6nemli vaadimiz <strong>ye\u015fil \u0130stanbul<\/strong>\u2019du. Sadece 2 y\u0131l i\u00e7inde \u0130stanbul\u2019a <strong>aktif ye\u015fil alan<\/strong> katk\u0131m\u0131z<strong> 4 milyon metrekareyi<\/strong> a\u015ft\u0131. <strong>\u0130klim de\u011fi\u015fikli\u011finden, at\u0131k y\u00f6netimine, yenilenebilir enerjiden, hava kirlili\u011fini azaltmaya<\/strong> ve<strong> yer alt\u0131 toplu ula\u015f\u0131m\u0131n\u0131 geli\u015ftirmeye<\/strong> kadar bir\u00e7ok noktada i\u015f birli\u011fi i\u00e7inde olmay\u0131, ba\u015far\u0131l\u0131 sonu\u00e7lar almay\u0131 diliyorum.\u201d<\/em><\/p>\n<p>EBRD taraf\u0131ndan ilk etapta \u0130stanbul\u2019da<strong> 14 kilometrelik<\/strong> yeni bir <strong>metro hatt\u0131n\u0131n finansman\u0131<\/strong>n\u0131 yapaca\u011f\u0131, ilaveten <strong>ye\u015fil altyap\u0131 \u00f6nceliklerini<\/strong> belirleyerek buna uygun \u015fekilde <strong>projeleri destekleyece\u011fi<\/strong> belirtildi.<\/p>","protected":false},"excerpt":{"rendered":"<p>Sorry, this entry is only available in Turkish. For the sake of viewer convenience, the content is shown below in the alternative language. You may click the link to switch the active language. \u0130stanbul B\u00fcy\u00fck\u015fehir Belediyesi, Avrupa \u0130mar ve Kalk\u0131nma Bankas\u0131\u2019n\u0131n (EBRD) ye\u015fil \u015fehirler s\u00fcrd\u00fcr\u00fclebilirlik program\u0131na kat\u0131ld\u0131. EBRD Ba\u015fkan\u0131 Odile Renaud \u2013 Basso ve \u0130stanbul [&hellip;]<\/p>\n","protected":false},"author":1,"featured_media":134511,"comment_status":"open","ping_status":"open","sticky":false,"template":"","format":"standard","meta":[],"categories":[51,53,52],"tags":[90149,51945,90153,90151,57125,90152,90150],"views":193,"_links":{"self":[{"href":"https:\/\/www.enerjigazetesi.ist\/en\/wp-json\/wp\/v2\/posts\/134508"}],"collection":[{"href":"https:\/\/www.enerjigazetesi.ist\/en\/wp-json\/wp\/v2\/posts"}],"about":[{"href":"https:\/\/www.enerjigazetesi.ist\/en\/wp-json\/wp\/v2\/types\/post"}],"author":[{"embeddable":true,"href":"https:\/\/www.enerjigazetesi.ist\/en\/wp-json\/wp\/v2\/users\/1"}],"replies":[{"embeddable":true,"href":"https:\/\/www.enerjigazetesi.ist\/en\/wp-json\/wp\/v2\/comments?post=134508"}],"version-history":[{"count":0,"href":"https:\/\/www.enerjigazetesi.ist\/en\/wp-json\/wp\/v2\/posts\/134508\/revisions"}],"wp:featuredmedia":[{"embeddable":true,"href":"https:\/\/www.enerjigazetesi.ist\/en\/wp-json\/wp\/v2\/media\/134511"}],"wp:attachment":[{"href":"https:\/\/www.enerjigazetesi.ist\/en\/wp-json\/wp\/v2\/media?parent=134508"}],"wp:term":[{"taxonomy":"category","embeddable":true,"href":"https:\/\/www.enerjigazetesi.ist\/en\/wp-json\/wp\/v2\/categories?post=134508"},{"taxonomy":"post_tag","embeddable":true,"href":"https:\/\/www.enerjigazetesi.ist\/en\/wp-json\/wp\/v2\/tags?post=134508"}],"curies":[{"name":"wp","href":"https:\/\/api.w.org\/{rel}","templated":true}]}}