{"id":134504,"date":"2021-05-06T13:07:47","date_gmt":"2021-05-06T10:07:47","guid":{"rendered":"https:\/\/www.enerjigazetesi.ist\/?p=134504"},"modified":"2021-05-06T13:07:47","modified_gmt":"2021-05-06T10:07:47","slug":"bimin-istanbul-arnavutkoydeki-deposu-enerjisini-gunesten-aliyor","status":"publish","type":"post","link":"https:\/\/www.enerjigazetesi.ist\/en\/bimin-istanbul-arnavutkoydeki-deposu-enerjisini-gunesten-aliyor\/","title":{"rendered":"(Turkish) Bim&#8217;in \u0130stanbul Arnavutk\u00f6y\u2019deki Deposu Enerjisini G\u00fcne\u015ften Al\u0131yor"},"content":{"rendered":"<p class=\"qtranxs-available-languages-message qtranxs-available-languages-message-en\">Sorry, this entry is only available in <a href=\"https:\/\/www.enerjigazetesi.ist\/tr\/wp-json\/wp\/v2\/posts\/134504\" class=\"qtranxs-available-language-link qtranxs-available-language-link-tr\" title=\"Turkish\">Turkish<\/a>. For the sake of viewer convenience, the content is shown below in the alternative language. You may click the link to switch the active language.<\/p><p><\/p>\n<h1>Karbon ayak izini azaltmak i\u00e7in depolar\u0131nda kullan\u0131lan enerjinin \u00e7ok b\u00fcy\u00fck k\u0131sm\u0131n\u0131 g\u00fcne\u015f enerjisinden sa\u011flamaya karar veren perakende sekt\u00f6r\u00fcn\u00fcn lideri B\u0130M (B\u0130M\u00a0Birle\u015fik Ma\u011fazalar A.\u015e.) bu konuda Batman deposunda ge\u00e7en y\u0131l ger\u00e7ekle\u015ftirdi\u011fi ilk uygulamadan sonra 2&#8217;inci ad\u0131m\u0131n\u0131 <img loading=\"lazy\" class=\"alignright wp-image-134506\" src=\"https:\/\/www.enerjigazetesi.ist\/wp-content\/uploads\/2021\/05\/bim-in-istanbul-arnavutkoydeki-deposu-enerjisini-gunesten-aliyor.jpg\" alt=\"\" width=\"320\" height=\"198\" srcset=\"https:\/\/www.enerjigazetesi.ist\/wp-content\/uploads\/2021\/05\/bim-in-istanbul-arnavutkoydeki-deposu-enerjisini-gunesten-aliyor.jpg 500w, https:\/\/www.enerjigazetesi.ist\/wp-content\/uploads\/2021\/05\/bim-in-istanbul-arnavutkoydeki-deposu-enerjisini-gunesten-aliyor-300x185.jpg 300w, https:\/\/www.enerjigazetesi.ist\/wp-content\/uploads\/2021\/05\/bim-in-istanbul-arnavutkoydeki-deposu-enerjisini-gunesten-aliyor-80x50.jpg 80w\" sizes=\"(max-width: 320px) 100vw, 320px\" \/>\u0130stanbul\u2019da att\u0131. B\u0130M \u0130stanbul Arnavutk\u00f6y\u2019de bulunan deposunda g\u00fcne\u015f enerjisine ge\u00e7ti.<\/h1>\n<p>Deponun \u00e7at\u0131s\u0131na kurulan <strong>1.365 kW<\/strong> kurulu g\u00fc\u00e7 kapasiteli <strong>GES sistemi<\/strong> ile <strong>y\u0131ll\u0131k 1.600 MWh<\/strong> enerji \u00fcretimi ger\u00e7ekle\u015fecek ve <strong>depodaki enerji t\u00fcketimi<\/strong>nin <strong>% 100<\/strong>\u2019\u00fc g\u00fcne\u015f enerjisinden kar\u015f\u0131lanacak. <strong>1.600 MWh <\/strong>ile\u00a0600 hanenin <strong>y\u0131ll\u0131k enerji t\u00fcketimine denk<\/strong> enerji sa\u011fl\u0131yor.<\/p>\n<h2><strong>Karbon sal\u0131m\u0131nda y\u0131lda 800 ton azalma<\/strong><\/h2>\n<p>B\u0130M bu projeyle <strong>karbon ayak izini azaltarak<\/strong> \u00e7evreyi koruman\u0131n yan\u0131 s\u0131ra \u00fclke ekonomisine de katk\u0131 sa\u011fl\u0131yor. <strong>G\u00fcne\u015f enerjisi sistemiyle<\/strong> karbon sal\u0131m\u0131nda y\u0131lda <strong>800 ton<\/strong> azalma olaca\u011f\u0131 ve etkinin <strong>17 bin a\u011fa\u00e7<\/strong> kazan\u0131m\u0131na denk d\u00fc\u015fece\u011fi belirtiliyor.<\/p>","protected":false},"excerpt":{"rendered":"<p>Sorry, this entry is only available in Turkish. For the sake of viewer convenience, the content is shown below in the alternative language. You may click the link to switch the active language. Karbon ayak izini azaltmak i\u00e7in depolar\u0131nda kullan\u0131lan enerjinin \u00e7ok b\u00fcy\u00fck k\u0131sm\u0131n\u0131 g\u00fcne\u015f enerjisinden sa\u011flamaya karar veren perakende sekt\u00f6r\u00fcn\u00fcn lideri B\u0130M (B\u0130M\u00a0Birle\u015fik Ma\u011fazalar [&hellip;]<\/p>\n","protected":false},"author":1,"featured_media":134506,"comment_status":"open","ping_status":"open","sticky":false,"template":"","format":"standard","meta":[],"categories":[51,53,49],"tags":[90148,90147,5070,53157,37486,54979],"views":236,"_links":{"self":[{"href":"https:\/\/www.enerjigazetesi.ist\/en\/wp-json\/wp\/v2\/posts\/134504"}],"collection":[{"href":"https:\/\/www.enerjigazetesi.ist\/en\/wp-json\/wp\/v2\/posts"}],"about":[{"href":"https:\/\/www.enerjigazetesi.ist\/en\/wp-json\/wp\/v2\/types\/post"}],"author":[{"embeddable":true,"href":"https:\/\/www.enerjigazetesi.ist\/en\/wp-json\/wp\/v2\/users\/1"}],"replies":[{"embeddable":true,"href":"https:\/\/www.enerjigazetesi.ist\/en\/wp-json\/wp\/v2\/comments?post=134504"}],"version-history":[{"count":0,"href":"https:\/\/www.enerjigazetesi.ist\/en\/wp-json\/wp\/v2\/posts\/134504\/revisions"}],"wp:featuredmedia":[{"embeddable":true,"href":"https:\/\/www.enerjigazetesi.ist\/en\/wp-json\/wp\/v2\/media\/134506"}],"wp:attachment":[{"href":"https:\/\/www.enerjigazetesi.ist\/en\/wp-json\/wp\/v2\/media?parent=134504"}],"wp:term":[{"taxonomy":"category","embeddable":true,"href":"https:\/\/www.enerjigazetesi.ist\/en\/wp-json\/wp\/v2\/categories?post=134504"},{"taxonomy":"post_tag","embeddable":true,"href":"https:\/\/www.enerjigazetesi.ist\/en\/wp-json\/wp\/v2\/tags?post=134504"}],"curies":[{"name":"wp","href":"https:\/\/api.w.org\/{rel}","templated":true}]}}