{"id":134422,"date":"2021-05-05T11:12:16","date_gmt":"2021-05-05T08:12:16","guid":{"rendered":"https:\/\/www.enerjigazetesi.ist\/?p=134422"},"modified":"2021-05-05T11:16:05","modified_gmt":"2021-05-05T08:16:05","slug":"alarko-carrier-ilk-ceyrekte-cirosunu-yuzde-68-oraninda-artirdi","status":"publish","type":"post","link":"https:\/\/www.enerjigazetesi.ist\/en\/alarko-carrier-ilk-ceyrekte-cirosunu-yuzde-68-oraninda-artirdi\/","title":{"rendered":"(Turkish) &#8217;Alarko Carrier&#8217; \u0130lk \u00c7eyrekte Cirosunu % 68 Oran\u0131nda Art\u0131rd\u0131"},"content":{"rendered":"<p class=\"qtranxs-available-languages-message qtranxs-available-languages-message-en\">Sorry, this entry is only available in <a href=\"https:\/\/www.enerjigazetesi.ist\/tr\/wp-json\/wp\/v2\/posts\/134422\" class=\"qtranxs-available-language-link qtranxs-available-language-link-tr\" title=\"Turkish\">Turkish<\/a>. For the sake of viewer convenience, the content is shown below in the alternative language. You may click the link to switch the active language.<\/p><p><\/p>\n<h1><strong>\u0130klimlendirme sekt\u00f6r\u00fcn\u00fcn \u00f6nc\u00fcs\u00fc Alarko Carrier, 2021 ilk \u00e7eyrek sonu\u00e7lar\u0131na g\u00f6re cirosunu % 68 art\u0131rd\u0131. Pandeminin etkisinde ge\u00e7en 2020\u2019yi enerji verimlili\u011fi y\u00fcksek, insana ve \u00e7evreye duyarl\u0131, kaynak kullan\u0131m\u0131n\u0131 azaltan yenilik\u00e7i \u00fcr\u00fcnler sayesinde % 35 b\u00fcy\u00fcmeyle kapatan Alarko Carrier, y\u0131l\u0131n ilk \u00e7eyre\u011finde de bu performans\u0131n\u0131 s\u00fcrd\u00fcrd\u00fc.<\/strong><\/h1>\n<p>67 y\u0131ld\u0131r iklimlendirme sekt\u00f6r\u00fcnde faaliyet g\u00f6steren Alarko Carrier, 2021 y\u0131l\u0131 ilk \u00e7eyrek sonu\u00e7lar\u0131n\u0131 a\u00e7\u0131klad\u0131. \u015eirketin ilk \u00e7eyrekte cirosu ge\u00e7en y\u0131l\u0131n ayn\u0131 d\u00f6nemine g\u00f6re <strong>% 68<\/strong> art\u0131\u015fla<strong> 222 milyon liran\u0131n<\/strong> \u00fczerine \u00e7\u0131kt\u0131. Net kar\u0131n\u0131 ise 22 milyon liran\u0131n \u00fczerine ta\u015f\u0131yan Alarko Carrier\u2019in <strong>toplam \u00f6zkaynaklar\u0131<\/strong> ise <strong>451 milyon 345 bin lira<\/strong> oldu.<\/p>\n<h2><strong><img loading=\"lazy\" class=\"alignright wp-image-134424\" src=\"https:\/\/www.enerjigazetesi.ist\/wp-content\/uploads\/2021\/05\/alarko-carrier-ilk-ceyrekte-cirosunu-yuzde-68-oraninda-artirdi.jpg\" alt=\"\" width=\"320\" height=\"214\" srcset=\"https:\/\/www.enerjigazetesi.ist\/wp-content\/uploads\/2021\/05\/alarko-carrier-ilk-ceyrekte-cirosunu-yuzde-68-oraninda-artirdi.jpg 550w, https:\/\/www.enerjigazetesi.ist\/wp-content\/uploads\/2021\/05\/alarko-carrier-ilk-ceyrekte-cirosunu-yuzde-68-oraninda-artirdi-300x200.jpg 300w, https:\/\/www.enerjigazetesi.ist\/wp-content\/uploads\/2021\/05\/alarko-carrier-ilk-ceyrekte-cirosunu-yuzde-68-oraninda-artirdi-500x334.jpg 500w, https:\/\/www.enerjigazetesi.ist\/wp-content\/uploads\/2021\/05\/alarko-carrier-ilk-ceyrekte-cirosunu-yuzde-68-oraninda-artirdi-75x50.jpg 75w, https:\/\/www.enerjigazetesi.ist\/wp-content\/uploads\/2021\/05\/alarko-carrier-ilk-ceyrekte-cirosunu-yuzde-68-oraninda-artirdi-450x300.jpg 450w\" sizes=\"(max-width: 320px) 100vw, 320px\" \/>Da\u011f\u0131t\u0131labilir kar\u0131n % 40\u2019\u0131 ortaklarla payla\u015f\u0131lacak<\/strong><\/h2>\n<p><strong>Alarko Carrier Genel M\u00fcd\u00fcr\u00fc Cem Akan<\/strong>, pandemi etkisinin devam etti\u011fi 2021 y\u0131l\u0131n\u0131n ilk \u00e7eyre\u011finde esas faaliyetlerinden elde edilen kar\u0131n <strong>27 milyon liran\u0131n<\/strong> \u00fczerine \u00e7\u0131kt\u0131\u011f\u0131n\u0131 vurgulayarak, \u015fu de\u011ferlendirmede bulundu: <em>\u201c2021 y\u0131l\u0131n\u0131n da salg\u0131n\u0131n g\u00f6lgesinde ge\u00e7ece\u011fini, ancak <strong>y\u0131l\u0131n 2&#8217;inci yar\u0131s\u0131ndan<\/strong> sonra bu etkinin azalaca\u011f\u0131n\u0131 tahmin ediyoruz. \u00d6zellikle geli\u015fmekte olan \u00fclke ekonomilerinin ve \u00a0ABD\u2019nin de bu s\u00fcre\u00e7te h\u0131zl\u0131 bir toparlanmaya do\u011fru gidece\u011fini \u00f6ng\u00f6r\u00fcyoruz. T\u00fcrkiye ekonomisi de bu toparlanmada yerini alacakt\u0131r. \u00d6n\u00fcm\u00fczdeki y\u0131l<strong> b\u00fcy\u00fcme, i\u015fsizlik<\/strong> ve <strong>enflasyon verilerinde<\/strong> bir k\u0131s\u0131m iyile\u015fme g\u00f6rebiliriz. Bu \u00e7er\u00e7evede 2021 y\u0131l\u0131na \u00e7ok daha iddial\u0131 bir b\u00fct\u00e7e yaparak girmeyi uygun g\u00f6rd\u00fck. <strong>Ciro<\/strong> ve <strong>kar hedefimizi<\/strong> de enflasyonun belli bir miktar \u00fczerinde belirledik. \u015eirket prensibi olarak ola\u011fan\u00fcst\u00fc \u015fartlar olu\u015fmad\u0131\u011f\u0131 s\u00fcrece her y\u0131l da\u011f\u0131t\u0131labilir d\u00f6nem k\u00e2r\u0131n\u0131n en az <strong>% 20<\/strong>\u2019sini ortaklar\u0131m\u0131zla payla\u015f\u0131yoruz.<strong> 2020 y\u0131l\u0131nda<\/strong> da<strong> 4 milyon liray\u0131 a\u015fk\u0131n<\/strong> br\u00fct kar da\u011f\u0131t\u0131m\u0131 ger\u00e7ekle\u015ftirdik. Bu y\u0131l da 2020 y\u0131l\u0131nda olu\u015fan da\u011f\u0131t\u0131labilir kar\u0131m\u0131z\u0131n <strong>% 40<\/strong>\u2019\u0131n\u0131 ortaklar\u0131m\u0131zla payla\u015faca\u011f\u0131z. <strong>Alarko Carrier<\/strong> olarak kar etti\u011fimiz m\u00fcddet\u00e7e belli oranlarda temett\u00fc da\u011f\u0131tmaya devam edece\u011fiz.\u201d<\/em><\/p>\n<h2><strong>Pandemi ya\u015fam tarz\u0131m\u0131z\u0131 de\u011fi\u015ftirdi<\/strong><\/h2>\n<p>Pandeminin<strong> ya\u015fam tarz\u0131nda b\u00fcy\u00fck de\u011fi\u015fiklikler<\/strong> ger\u00e7ekle\u015ftirdi\u011fini belirten Cem Akan; <em>\u201cPandemi kapal\u0131 alanlarda <strong>i\u00e7 hava kalitesinin \u00f6nemini<\/strong> art\u0131rd\u0131. \u0130nsanlar\u0131n evde daha fazla vakit ge\u00e7irmeleri ile beraber yazl\u0131k b\u00f6lgelerde<strong> kombi, k\u0131\u015fl\u0131k ya\u015fam alanlar\u0131nda<\/strong> ise artan <strong>klima ihtiyac\u0131<\/strong> \u00f6ne \u00e7\u0131kt\u0131. 2020\u2019de pandemi ile ba\u015flayan e\u011filimin 2021 y\u0131l\u0131nda da devam etti\u011fini g\u00f6r\u00fcyoruz. Biz de Alarko Carrier olarak <strong>enerji verimlili\u011fi y\u00fcksek<\/strong>, <strong>insana<\/strong> ve <strong>\u00e7evreye duyarl\u0131<\/strong>, kaynak kullan\u0131m\u0131n\u0131 azaltan yenilik\u00e7i \u00fcr\u00fcnler geli\u015ftirmeye devam edece\u011fiz. \u0130\u00e7 ve d\u0131\u015f pazarlarda daha aktif bir pazarlama stratejisi ile sat\u0131\u015flar\u0131m\u0131z\u0131 art\u0131rmay\u0131 hedefliyoruz. Y\u0131l sonu belirledi\u011fimiz hedeflere ula\u015fmay\u0131 ama\u00e7larken \u00f6zellikle <strong>k\u00e2rl\u0131l\u0131k, likidite<\/strong> ve <strong>operasyonel verimlili\u011fimizden<\/strong> taviz vermeyece\u011fiz\u201d<\/em> dedi.<\/p>\n<h2><strong>Alarko Carrier Ar-Ge yat\u0131r\u0131mlar\u0131na devam edecek<\/strong><\/h2>\n<p>Y\u0131l i\u00e7inde yapacaklar\u0131 <strong>Ar-Ge yat\u0131r\u0131mlar\u0131na<\/strong> dikkat \u00e7eken Cem Akan; \u015firketin T\u00fcrkiye ve d\u00fcnya pazar\u0131n\u0131n gereksinimlerine uygun, <strong>katma de\u011feri y\u00fcksek, ileri teknoloji \u00fcr\u00fcnleri<\/strong> ile sekt\u00f6re y\u00f6n verece\u011fini s\u00f6yledi. <strong>Ar-Ge<\/strong> konusuna b\u00fcy\u00fck \u00f6nem verdiklerini belirten Cem Akan, cirolar\u0131n\u0131n <strong>% 2<\/strong>\u2019sini <strong>Ar-Ge yat\u0131r\u0131mlar\u0131na<\/strong> ay\u0131rd\u0131klar\u0131n\u0131 ve <strong>55 ki\u015filik<\/strong> bir ekibin liderli\u011finde ba\u015far\u0131l\u0131 \u00e7al\u0131\u015fmalar ger\u00e7ekle\u015ftirdiklerini s\u00f6yledi. Cem Akan, bu sene yap\u0131lacak <strong>Ar-Ge yat\u0131r\u0131mlar\u0131<\/strong> ile ilgili ise \u015fu bilgiyi verdi: \u201c2021 y\u0131l\u0131ndaki yat\u0131r\u0131mlar\u0131m\u0131z\u0131 <strong>Ar-Ge<\/strong> ve <strong>inovasyon odakl\u0131 yapmay\u0131<\/strong> hedefliyoruz. Carrier\u2019\u0131n ba\u011fl\u0131 bulundu\u011fu t\u00fcm b\u00f6lgelerinde uygulanan Carrier Excellence i\u015fletim sistemi bizim \u00fcretim tesisimizde de uygulan\u0131yor. \u00dcr\u00fcnlerimizi s\u00fcrekli geli\u015ftirmek amac\u0131yla, <strong>test<\/strong> ve <strong>Ar-Ge tesislerimizde<\/strong> \u00fcniversiteler ve <strong>T\u00dcB\u0130TAK<\/strong> ile ortak \u00e7al\u0131\u015fmalar yap\u0131yoruz. <strong>Rooftop<\/strong> ve <strong>klima santrali laboratuvar\u0131m\u0131za<\/strong> ek olarak bu y\u0131l i\u00e7inde fancoil laboratuvar\u0131m\u0131z\u0131 da a\u00e7\u0131yoruz. Ayr\u0131ca Carrier\u2019dan yap\u0131lan teknoloji transferleri ile de \u00fcr\u00fcnlerimizde \u00f6nemli geli\u015ftirmeler sa\u011fl\u0131yoruz. Carrier markas\u0131 ile hem i\u00e7 hem d\u0131\u015f pazarda piyasaya s\u00fcrece\u011fimiz <strong>fancoil projesini<\/strong> <strong>Temmuz ay\u0131nda lansman\u0131n\u0131<\/strong> yapaca\u011f\u0131z. Bu y\u0131lda \u00f6zellikle sirk\u00fclasyon pompas\u0131 ve \u0131s\u0131tma \u00fcr\u00fcnleri i\u00e7in<strong> Ar-Ge yat\u0131r\u0131mlar\u0131m\u0131z<\/strong> olacak. Sirk\u00fclasyon pompas\u0131nda yeni kapasiteler ve bina otomasyon uyumlu modelleri piyasaya sunaca\u011f\u0131z. Ayr\u0131ca y\u0131l\u0131n <strong>\u00fc\u00e7\u00fcnc\u00fc \u00e7eyre\u011finde<\/strong> yeni kombimizi piyasaya sunaca\u011f\u0131z. Hem<strong> yer tipi kazanlar\u0131m\u0131z<\/strong> hem de Amerika pazar\u0131 i\u00e7in geli\u015ftirdi\u011fimiz \u00f6zel kazan projesini de bu y\u0131l i\u00e7inde tamamlayaca\u011f\u0131z. Bu \u00fcr\u00fcnlerin yan\u0131 s\u0131ra <strong>Ar-Ge \u00e7al\u0131\u015fmalar\u0131<\/strong> devam eden<strong> 28-35-50 kW kapasiteli<\/strong> boylerli ve <strong>boylersiz villa tipi kat kaloriferleri<\/strong> bu y\u0131l piyasaya sunaca\u011f\u0131z. B\u00f6ylece villa pazar\u0131na y\u00f6nelik \u00fcr\u00fcn gam\u0131m\u0131z da tamamlanacak.\u201d<\/p>","protected":false},"excerpt":{"rendered":"<p>Sorry, this entry is only available in Turkish. For the sake of viewer convenience, the content is shown below in the alternative language. You may click the link to switch the active language. \u0130klimlendirme sekt\u00f6r\u00fcn\u00fcn \u00f6nc\u00fcs\u00fc Alarko Carrier, 2021 ilk \u00e7eyrek sonu\u00e7lar\u0131na g\u00f6re cirosunu % 68 art\u0131rd\u0131. Pandeminin etkisinde ge\u00e7en 2020\u2019yi enerji verimlili\u011fi y\u00fcksek, insana [&hellip;]<\/p>\n","protected":false},"author":1,"featured_media":134425,"comment_status":"open","ping_status":"open","sticky":false,"template":"","format":"standard","meta":[],"categories":[53,52],"tags":[71563,90115,16269,90114,58103,75551,53499,35322],"views":167,"_links":{"self":[{"href":"https:\/\/www.enerjigazetesi.ist\/en\/wp-json\/wp\/v2\/posts\/134422"}],"collection":[{"href":"https:\/\/www.enerjigazetesi.ist\/en\/wp-json\/wp\/v2\/posts"}],"about":[{"href":"https:\/\/www.enerjigazetesi.ist\/en\/wp-json\/wp\/v2\/types\/post"}],"author":[{"embeddable":true,"href":"https:\/\/www.enerjigazetesi.ist\/en\/wp-json\/wp\/v2\/users\/1"}],"replies":[{"embeddable":true,"href":"https:\/\/www.enerjigazetesi.ist\/en\/wp-json\/wp\/v2\/comments?post=134422"}],"version-history":[{"count":0,"href":"https:\/\/www.enerjigazetesi.ist\/en\/wp-json\/wp\/v2\/posts\/134422\/revisions"}],"wp:featuredmedia":[{"embeddable":true,"href":"https:\/\/www.enerjigazetesi.ist\/en\/wp-json\/wp\/v2\/media\/134425"}],"wp:attachment":[{"href":"https:\/\/www.enerjigazetesi.ist\/en\/wp-json\/wp\/v2\/media?parent=134422"}],"wp:term":[{"taxonomy":"category","embeddable":true,"href":"https:\/\/www.enerjigazetesi.ist\/en\/wp-json\/wp\/v2\/categories?post=134422"},{"taxonomy":"post_tag","embeddable":true,"href":"https:\/\/www.enerjigazetesi.ist\/en\/wp-json\/wp\/v2\/tags?post=134422"}],"curies":[{"name":"wp","href":"https:\/\/api.w.org\/{rel}","templated":true}]}}