{"id":134402,"date":"2021-05-05T10:12:05","date_gmt":"2021-05-05T07:12:05","guid":{"rendered":"https:\/\/www.enerjigazetesi.ist\/?p=134402"},"modified":"2021-05-05T10:12:23","modified_gmt":"2021-05-05T07:12:23","slug":"paris-anlasmasina-yonelik-taahhutler-kuresel-isinma-tahminlerini-iyilestirdi","status":"publish","type":"post","link":"https:\/\/www.enerjigazetesi.ist\/en\/paris-anlasmasina-yonelik-taahhutler-kuresel-isinma-tahminlerini-iyilestirdi\/","title":{"rendered":"(Turkish) Paris Anla\u015fmas\u0131&#8217;na Y\u00f6nelik Taahh\u00fctler K\u00fcresel Is\u0131nma Tahminlerini \u0130yile\u015ftirdi"},"content":{"rendered":"<p class=\"qtranxs-available-languages-message qtranxs-available-languages-message-en\">Sorry, this entry is only available in <a href=\"https:\/\/www.enerjigazetesi.ist\/tr\/wp-json\/wp\/v2\/posts\/134402\" class=\"qtranxs-available-language-link qtranxs-available-language-link-tr\" title=\"Turkish\">Turkish<\/a>. For the sake of viewer convenience, the content is shown below in the alternative language. You may click the link to switch the active language.<\/p><p><\/p>\n<h1>\u0130klim Liderleri Zirvesi\u2019nde ABD\u2019nin yeni iklim hedefleri a\u00e7\u0131klamas\u0131 ve ge\u00e7en Eyl\u00fcl ay\u0131ndan bu yana a\u00e7\u0131klanan di\u011fer taahh\u00fctlerle, <strong>\u0130klim Eylemi Takip\u00e7isi (Climate Action Tracker)\u2019\u0131n k\u00fcresel \u0131s\u0131nma tahminleri 0,2\u00b0C azald\u0131.<\/strong> Paris Anla\u015fmas\u0131\u2019na y\u00f6nelik taahh\u00fctler ve hedefler do\u011frultusunda, <strong>y\u00fczy\u0131l sonuna kadar \u0131s\u0131nman\u0131n art\u0131k 2,4\u00b0C olaca\u011f\u0131 tahmin ediliyor<\/strong>.<\/h1>\n<p><strong>Net s\u0131f\u0131r hedefleri<\/strong>ni a\u00e7\u0131klayan <strong>ABD, \u00c7in<\/strong> ve yine <strong>benzer iklim hedeflerini<\/strong> a\u00e7\u0131klayan ancak hen\u00fcz bunlar\u0131 resmi olarak <strong>BM\u0130D\u00c7S<\/strong>&#8216;ye sunmayan di\u011fer \u00fclkeler taraf\u0131ndan da bu hedeflerin tam olarak <img loading=\"lazy\" class=\"alignright wp-image-134405\" src=\"https:\/\/www.enerjigazetesi.ist\/wp-content\/uploads\/2021\/05\/paris-anlasmasina-yonelik-taahhutler-kuresel-isinma-tahminlerini-iyilestirdi.jpg\" alt=\"\" width=\"320\" height=\"262\" srcset=\"https:\/\/www.enerjigazetesi.ist\/wp-content\/uploads\/2021\/05\/paris-anlasmasina-yonelik-taahhutler-kuresel-isinma-tahminlerini-iyilestirdi.jpg 550w, https:\/\/www.enerjigazetesi.ist\/wp-content\/uploads\/2021\/05\/paris-anlasmasina-yonelik-taahhutler-kuresel-isinma-tahminlerini-iyilestirdi-300x245.jpg 300w, https:\/\/www.enerjigazetesi.ist\/wp-content\/uploads\/2021\/05\/paris-anlasmasina-yonelik-taahhutler-kuresel-isinma-tahminlerini-iyilestirdi-489x400.jpg 489w, https:\/\/www.enerjigazetesi.ist\/wp-content\/uploads\/2021\/05\/paris-anlasmasina-yonelik-taahhutler-kuresel-isinma-tahminlerini-iyilestirdi-61x50.jpg 61w, https:\/\/www.enerjigazetesi.ist\/wp-content\/uploads\/2021\/05\/paris-anlasmasina-yonelik-taahhutler-kuresel-isinma-tahminlerini-iyilestirdi-500x409.jpg 500w\" sizes=\"(max-width: 320px) 100vw, 320px\" \/>uyguland\u0131\u011f\u0131 varsay\u0131ld\u0131\u011f\u0131nda, <strong>2100 <\/strong>y\u0131l\u0131na kadar<strong> k\u00fcresel \u0131s\u0131nma art\u0131\u015f\u0131 2.0 \u00b0C&#8217;ye <\/strong>kadar d\u00fc\u015febilir (\u0130yimser Hedefler Senaryosu).<\/p>\n<p><strong>K\u00fcresel sera gaz\u0131 emisyonlar\u0131n\u0131n %73&#8217;\u00fcne sebep olan 131 \u00fclke, net s\u0131f\u0131r hedeflerini benimsedi veya planl\u0131yor<\/strong> <a href=\"https:\/\/ecf.apms5.com\/anywhere\/m?s=ecf&amp;m=s_11a9b98c-19f6-40cd-9ece-a291d92157ba&amp;u=e1jq4wvfdtfk2d9k6mrmcc1r5mv32d255mu42ctr5n130hj55mum4e2168wm4chn68t44&amp;r2=d1u78w3k78qjyrvcd5pp2x35c5hq8ubfdtu74rb3ddjq4bkfe9kjyt3fcduputbeehtjye1j74qm6gambwt30chg5mrk4b9g65fm4wk9cnk6jvk7bx3prvv2c5p5aw34c5u6aqugc5t6jwtnb5jp2wkkbx26artj60t30bkgchk0&amp;n=2\" target=\"_blank\" rel=\"noopener\">(<\/a><a href=\"https:\/\/ecf.apms5.com\/anywhere\/m?s=ecf&amp;m=s_11a9b98c-19f6-40cd-9ece-a291d92157ba&amp;u=e1jq4wvfdtfk2d9k6mrmcc1r5mv32d255mu42ctr5n130hj55mum4e2168wm4chn68t44&amp;r2=d1u78w3k78qjyrvcd5pp2x35c5hq8ubfdtu74rb3ddjq4bkfe9kjyt3fcduputbeehtjye1j74qm6gambwt30chg5mrk4b9g65fm4wk9cnk6jvk7bx3prvv2c5p5aw34c5u6aqugc5t6jwtnb5jp2wkkbx26artj60t30bkgchk0&amp;n=2\" target=\"_blank\" rel=\"noopener\">son de\u011ferlendirmemizden bu yana d\u00f6rt art\u0131\u015f<\/a><a href=\"https:\/\/ecf.apms5.com\/anywhere\/m?s=ecf&amp;m=s_11a9b98c-19f6-40cd-9ece-a291d92157ba&amp;u=e1jq4wvfdtfk2d9k6mrmcc1r5mv32d255mu42ctr5n130hj55mum4e2168wm4chn68t44&amp;r2=d1u78w3k78qjyrvcd5pp2x35c5hq8ubfdtu74rb3ddjq4bkfe9kjyt3fcduputbeehtjye1j74qm6gambwt30chg5mrk4b9g65fm4wk9cnk6jvk7bx3prvv2c5p5aw34c5u6aqugc5t6jwtnb5jp2wkkbx26artj60t30bkgchk0&amp;n=3\">)<\/a>. Ancak, bu d\u00f6rt \u00fclkeden ziyade, \u00f6ng\u00f6r\u00fclen \u0131s\u0131nmadaki d\u00fc\u015f\u00fc\u015fe en fazla katk\u0131da bulunan, <strong>g\u00fcncellenmi\u015f 2030 sera gaz\u0131 azalt\u0131m hedefleridir;<\/strong> bu da daha g\u00fc\u00e7l\u00fc yak\u0131n vadeli hedeflerin \u00f6nemini g\u00f6steriyor.<\/p>\n<p>T\u00fcm bu geli\u015fmeler memnuniyetle kar\u015f\u0131lan\u0131rken, <strong>hedefler<\/strong> ve <strong>taahh\u00fctlere<\/strong> dayanarak <strong>k\u00fcresel \u0131s\u0131nma art\u0131\u015f\u0131<\/strong>, en iyimser varsay\u0131mlar alt\u0131nda bile, hala <strong>Paris Anla\u015fmas\u0131<\/strong>&#8216;n\u0131n <strong>1.5\u02daC<\/strong> s\u0131cakl\u0131k s\u0131n\u0131r\u0131n\u0131n olduk\u00e7a \u00fczerinde.<\/p>\n<p>2030 i\u00e7in, <strong>Paris Anla\u015fmas\u0131\u2019<\/strong>na y\u00f6nelik taahh\u00fct ve hedefler ile <strong>1.5 \u00b0C<\/strong>\u2019lik <strong>s\u0131cakl\u0131k art\u0131\u015f\u0131 hedefi<\/strong> ile uyumlu yollar aras\u0131ndaki <strong>emisyon a\u00e7\u0131\u011f\u0131<\/strong> yakla\u015f\u0131k <strong>% 11-14<\/strong> (2.6-3.9 GtCO2e) darald\u0131. <strong>En b\u00fcy\u00fck katk\u0131 ABD, Avrupa Birli\u011fi, \u00c7in ve Japonya&#8217;dan geldi<\/strong>.<\/p>","protected":false},"excerpt":{"rendered":"<p>Sorry, this entry is only available in Turkish. For the sake of viewer convenience, the content is shown below in the alternative language. You may click the link to switch the active language. \u0130klim Liderleri Zirvesi\u2019nde ABD\u2019nin yeni iklim hedefleri a\u00e7\u0131klamas\u0131 ve ge\u00e7en Eyl\u00fcl ay\u0131ndan bu yana a\u00e7\u0131klanan di\u011fer taahh\u00fctlerle, \u0130klim Eylemi Takip\u00e7isi (Climate Action [&hellip;]<\/p>\n","protected":false},"author":1,"featured_media":134405,"comment_status":"open","ping_status":"open","sticky":false,"template":"","format":"standard","meta":[],"categories":[53,52],"tags":[90078,90077,90080,90079,62328,61426,27427,90081,57125],"views":202,"_links":{"self":[{"href":"https:\/\/www.enerjigazetesi.ist\/en\/wp-json\/wp\/v2\/posts\/134402"}],"collection":[{"href":"https:\/\/www.enerjigazetesi.ist\/en\/wp-json\/wp\/v2\/posts"}],"about":[{"href":"https:\/\/www.enerjigazetesi.ist\/en\/wp-json\/wp\/v2\/types\/post"}],"author":[{"embeddable":true,"href":"https:\/\/www.enerjigazetesi.ist\/en\/wp-json\/wp\/v2\/users\/1"}],"replies":[{"embeddable":true,"href":"https:\/\/www.enerjigazetesi.ist\/en\/wp-json\/wp\/v2\/comments?post=134402"}],"version-history":[{"count":0,"href":"https:\/\/www.enerjigazetesi.ist\/en\/wp-json\/wp\/v2\/posts\/134402\/revisions"}],"wp:featuredmedia":[{"embeddable":true,"href":"https:\/\/www.enerjigazetesi.ist\/en\/wp-json\/wp\/v2\/media\/134405"}],"wp:attachment":[{"href":"https:\/\/www.enerjigazetesi.ist\/en\/wp-json\/wp\/v2\/media?parent=134402"}],"wp:term":[{"taxonomy":"category","embeddable":true,"href":"https:\/\/www.enerjigazetesi.ist\/en\/wp-json\/wp\/v2\/categories?post=134402"},{"taxonomy":"post_tag","embeddable":true,"href":"https:\/\/www.enerjigazetesi.ist\/en\/wp-json\/wp\/v2\/tags?post=134402"}],"curies":[{"name":"wp","href":"https:\/\/api.w.org\/{rel}","templated":true}]}}