{"id":134370,"date":"2021-05-04T13:24:34","date_gmt":"2021-05-04T10:24:34","guid":{"rendered":"https:\/\/www.enerjigazetesi.ist\/?p=134370"},"modified":"2021-05-04T13:24:34","modified_gmt":"2021-05-04T10:24:34","slug":"yeni-ab-enerji-etiketi-uyumlu-cihazlar-ile-daha-surdurulebilir-bir-yasam","status":"publish","type":"post","link":"https:\/\/www.enerjigazetesi.ist\/en\/yeni-ab-enerji-etiketi-uyumlu-cihazlar-ile-daha-surdurulebilir-bir-yasam\/","title":{"rendered":"(Turkish) Yeni AB Enerji Etiketi Uyumlu Cihazlar ile Daha S\u00fcrd\u00fcr\u00fclebilir Bir Ya\u015fam!"},"content":{"rendered":"<p class=\"qtranxs-available-languages-message qtranxs-available-languages-message-en\">Sorry, this entry is only available in <a href=\"https:\/\/www.enerjigazetesi.ist\/tr\/wp-json\/wp\/v2\/posts\/134370\" class=\"qtranxs-available-language-link qtranxs-available-language-link-tr\" title=\"Turkish\">Turkish<\/a>. For the sake of viewer convenience, the content is shown below in the alternative language. You may click the link to switch the active language.<\/p><p><\/p>\n<h1>AB\u2019nin 2030 y\u0131l\u0131na kadar enerji t\u00fcketimini % 32,5 azaltma \u00e7abalar\u0131n\u0131n bir par\u00e7as\u0131 olarak Mart 2021\u2019de Avrupa Birli\u011fi\u2019nde (AB) yeni bir enerji etiketi piyasaya s\u00fcr\u00fcld\u00fc (2007\u2019de belirlenen \u00f6ng\u00f6r\u00fclen seviyelere g\u00f6re). AB Enerji Etiketi veya E-etiketi, A +++ ila D enerji kullan\u0131m\u0131 s\u0131n\u0131fland\u0131rma sistemini kullanmay\u0131 sonland\u0131r\u0131rken, t\u00fcm s\u0131n\u0131flar i\u00e7in enerji t\u00fcketimi kriterlerinin s\u0131k\u0131la\u015ft\u0131r\u0131ld\u0131\u011f\u0131, takip etmesi kolay A&#8217;dan G&#8217;ye sistemini kullanmaya ba\u015fl\u0131yor.<\/h1>\n<p>T\u00fcketicilerin AB\u2019nin yeni sistemindeki bir \u00fcr\u00fcn\u00fcn <strong>enerji s\u0131n\u0131f\u0131n\u0131 belirleyen<\/strong> ana g\u00f6stergeleri g\u00f6rmek i\u00e7in cihaz\u0131n <strong>E-etiketine<\/strong> \u00e7ok dikkatli bakmas\u0131 gerekiyor. Bir <strong>\u00e7ama\u015f\u0131r makinesi<\/strong> veya <strong>kurutucu<\/strong> <img loading=\"lazy\" class=\"alignright wp-image-134375\" src=\"https:\/\/www.enerjigazetesi.ist\/wp-content\/uploads\/2021\/05\/yeni-ab-enerji-etiketi-uyumlu-cihazlar-ile-daha-surdurulebilir-bir-yasam-1.jpg\" alt=\"\" width=\"320\" height=\"193\" srcset=\"https:\/\/www.enerjigazetesi.ist\/wp-content\/uploads\/2021\/05\/yeni-ab-enerji-etiketi-uyumlu-cihazlar-ile-daha-surdurulebilir-bir-yasam-1.jpg 550w, https:\/\/www.enerjigazetesi.ist\/wp-content\/uploads\/2021\/05\/yeni-ab-enerji-etiketi-uyumlu-cihazlar-ile-daha-surdurulebilir-bir-yasam-1-300x181.jpg 300w, https:\/\/www.enerjigazetesi.ist\/wp-content\/uploads\/2021\/05\/yeni-ab-enerji-etiketi-uyumlu-cihazlar-ile-daha-surdurulebilir-bir-yasam-1-500x302.jpg 500w, https:\/\/www.enerjigazetesi.ist\/wp-content\/uploads\/2021\/05\/yeni-ab-enerji-etiketi-uyumlu-cihazlar-ile-daha-surdurulebilir-bir-yasam-1-80x48.jpg 80w\" sizes=\"(max-width: 320px) 100vw, 320px\" \/>al\u0131rken <strong>enerji t\u00fcketimi, s\u0131kmal\u0131 kurutma verimlili\u011fi, su t\u00fcketimi<\/strong> ve <strong>g\u00fcr\u00fclt\u00fc seviyeleri<\/strong> dikkate al\u0131nmas\u0131 gereken \u00f6nemli unsurlar olarak g\u00f6steriliyor. Buzdolab\u0131 sat\u0131n al\u0131rken ise, t\u00fcm saklama b\u00f6lmelerinin toplam hacmi ile ilgili <strong>enerji t\u00fcketimi<\/strong> ve<strong> g\u00fcr\u00fclt\u00fc seviyeleri<\/strong> dikkat edilmesi gereken temel fakt\u00f6rler. <strong>Yeni E-etiket<\/strong>, t\u00fcm bu temel bilgileri a\u00e7\u0131k\u00e7a g\u00f6steriyor ve t\u00fcketicilerin Avrupa Komisyonu&#8217;nun veri taban\u0131ndan ek \u00fcr\u00fcn verilerine eri\u015fmesini sa\u011flayan yerle\u015fik bir <strong>QR kodu<\/strong> i\u00e7eriyor.<\/p>\n<p>Teknoloji liderli\u011finin yan\u0131 s\u0131ra, d\u00fcnyam\u0131z i\u00e7in daha fazla s\u00fcrd\u00fcr\u00fclebilirlik ve daha iyi bir gelecek sa\u011flamaya odaklanan LG Electronics (LG) ve <strong>y\u00fcksek verimli cihazlar\u0131<\/strong>, yeni <strong>E-etiketinin<\/strong> daha kat\u0131 standartlar\u0131n\u0131 tam olarak kar\u015f\u0131layabiliyor.<\/p>\n<h2><strong>LG\u2019den D\u00fcnya\u2019ya ESG Taahh\u00fcd\u00fc<\/strong><\/h2>\n<p>\u00c7evre y\u00f6netimini son derece ciddiye alan LG, <strong>d\u00fcnya kaynaklar\u0131n\u0131 korumaya<\/strong> ve<strong> kirlenmesini azaltmaya yard\u0131mc\u0131 olmak<\/strong> i\u00e7in tasarlanm\u0131\u015f bir dizi <strong>ESG (\u00c7evresel, Sosyal ve Kurumsal Y\u00f6neti\u015fim Program\u0131)<\/strong> uyguluyor. LG 2019&#8217;da, 2030 y\u0131l\u0131na kadar <strong>S\u0131f\u0131r Karbon giri\u015fimi<\/strong>ni duyurmu\u015f ve 2030 y\u0131l\u0131na kadar t\u00fcm k\u00fcresel operasyonlardan <strong>net s\u0131f\u0131r karbon emisyonu<\/strong> elde etmeyi taahh\u00fct etmi\u015fti. \u015eirket, t\u00fcm i\u015f alanlar\u0131nda tutarl\u0131, <strong>sistematik bir yakla\u015f\u0131mla hedefine<\/strong> ula\u015fmay\u0131 planl\u0131yor.<\/p>\n<p>LG&#8217;nin <strong>s\u00fcrd\u00fcr\u00fclebilir bir gelecek<\/strong> arzusunu <strong>te\u015fvik etme<\/strong> ve <strong>payla\u015fma yollar\u0131ndan<\/strong> biri olarak, k\u0131yafet at\u0131klar\u0131yla ilgili \u00e7evresel sorun hakk\u0131nda fark\u0131ndal\u0131k yaratan <strong>#CareForWhatYouWear<\/strong> kampanyas\u0131 g\u00f6sterilebilir. Kampanya t\u00fcketicileri, dayan\u0131kl\u0131, \u00e7evreye duyarl\u0131 giysiler sat\u0131n alarak, giysileri yeniden tasarlayarak ve art\u0131k kullan\u0131lmayan e\u015fyalar\u0131 giyebilecek ki\u015filere aktararak durumu iyile\u015ftirmek i\u00e7in \u00fczerlerine d\u00fc\u015feni yapmaya davet ediyor. LG ayr\u0131ca,<strong> #CareForWhatYouWear<\/strong>&#8216;\u0131n bir par\u00e7as\u0131 olarak <strong>NET-A-PORTER<\/strong> ile i\u015fbirli\u011fi yaparak do\u011fal, makinede y\u0131kanabilir malzemelerden yap\u0131lm\u0131\u015f, d\u00fczg\u00fcn bir \u015fekilde bak\u0131ld\u0131\u011f\u0131nda uzun y\u0131llar dayanacak s\u00fcrd\u00fcr\u00fclebilir bir moda \u00e7izgisi yaratt\u0131.<\/p>\n<h2><strong>Daha S\u00fcrd\u00fcr\u00fclebilir Bir \u00c7ama\u015f\u0131r Odas\u0131<\/strong><\/h2>\n<p>LG\u2019nin <strong>\u00e7ama\u015f\u0131r y\u0131kama \u00e7\u00f6z\u00fcmleri<\/strong>, t\u00fcketicilerin sevdikleri giysilerin \u00f6mr\u00fcn\u00fc uzatmak i\u00e7in yaln\u0131zca kuma\u015f hasar\u0131n\u0131<sup>2<\/sup>\u00a0azaltarak de\u011fil, ayn\u0131 zamanda bir\u00e7ok rakip \u00fcr\u00fcnden <strong>daha az elektrik<\/strong> ve<strong> su<\/strong> kullanarak do\u011fayla daha fazla denge kurulmas\u0131na yard\u0131mc\u0131 oluyor.<\/p>\n<p>\u015eirketin <strong>DUAL Inverter Heat Pump \u00f6zellikli kurutucusu<\/strong>, gereksiz a\u015f\u0131nma ve y\u0131pranmay\u0131 \u00f6nlemek i\u00e7in d\u00fc\u015f\u00fck s\u0131cakl\u0131kta kurutma kullanarak giysilerin iyi durumda tutulmas\u0131na da yard\u0131mc\u0131 oluyor. Ek olarak bu cihaz, minimum \u00e7evresel etkisinin tan\u0131nmas\u0131yla d\u00fcnyada T\u00dcV Rheinland\u2019dan<sup>5<\/sup>\u00a0Ye\u015fil \u00dcr\u00fcn sertifikas\u0131 alan ilk kurutucu oldu. LG\u2019nin kendi <strong>Eco Hybrid\u2122 teknolojisi<sup>6<\/sup><\/strong>\u00a0ile donat\u0131lan kurutucu, enerji kullan\u0131m\u0131n\u0131 <strong>% 15<\/strong> (Enerji modu) azalt\u0131yor, s\u00fcrelerini <strong>% 18<\/strong>\u2019e kadar k\u0131salt\u0131yor (Zaman modu).<\/p>\n<h2><strong>Daha Ye\u015fil Bir Mutfak \u0130\u00e7in Enerji T\u00fcketimini ve G\u0131da \u0130sraf\u0131 En Az Seviyede<\/strong><\/h2>\n<p>LG ayr\u0131ca y\u00fcksek kaliteli, <strong>E-etiketli buzdolaplar\u0131<\/strong> ile t\u00fcketicilerin mutfakta daha <strong>s\u00fcrd\u00fcr\u00fclebilir bir ya\u015fam tarz\u0131n\u0131n keyfini \u00e7\u0131karmalar\u0131na<\/strong> yard\u0131mc\u0131 oluyor. <strong>Verband Deutscher Elektrotechniker (VDE)<\/strong> taraf\u0131ndan <strong>20 y\u0131ld\u0131r<sup>9<\/sup>\u00a0\u00e7al\u0131\u015ft\u0131\u011f\u0131<\/strong> do\u011frulanan <strong>Inverter linear Compressor\u2122 \u00f6zelli\u011fine<\/strong> sahip olan LG\u2019nin geli\u015fmi\u015f buzdolaplar\u0131, enerji t\u00fcketimini <strong>% 32<\/strong>&#8216;ye<sup>10<\/sup>\u00a0kadar d\u00fc\u015f\u00fcr\u00fcrken <strong>ola\u011fan\u00fcst\u00fc dayan\u0131kl\u0131l\u0131k<\/strong> sunuyor.<\/p>","protected":false},"excerpt":{"rendered":"<p>Sorry, this entry is only available in Turkish. For the sake of viewer convenience, the content is shown below in the alternative language. You may click the link to switch the active language. AB\u2019nin 2030 y\u0131l\u0131na kadar enerji t\u00fcketimini % 32,5 azaltma \u00e7abalar\u0131n\u0131n bir par\u00e7as\u0131 olarak Mart 2021\u2019de Avrupa Birli\u011fi\u2019nde (AB) yeni bir enerji etiketi [&hellip;]<\/p>\n","protected":false},"author":1,"featured_media":134375,"comment_status":"open","ping_status":"open","sticky":false,"template":"","format":"standard","meta":[],"categories":[53,52],"tags":[90042,90043,90046,26559,90040,73259,90041,90044,793,90045],"views":160,"_links":{"self":[{"href":"https:\/\/www.enerjigazetesi.ist\/en\/wp-json\/wp\/v2\/posts\/134370"}],"collection":[{"href":"https:\/\/www.enerjigazetesi.ist\/en\/wp-json\/wp\/v2\/posts"}],"about":[{"href":"https:\/\/www.enerjigazetesi.ist\/en\/wp-json\/wp\/v2\/types\/post"}],"author":[{"embeddable":true,"href":"https:\/\/www.enerjigazetesi.ist\/en\/wp-json\/wp\/v2\/users\/1"}],"replies":[{"embeddable":true,"href":"https:\/\/www.enerjigazetesi.ist\/en\/wp-json\/wp\/v2\/comments?post=134370"}],"version-history":[{"count":0,"href":"https:\/\/www.enerjigazetesi.ist\/en\/wp-json\/wp\/v2\/posts\/134370\/revisions"}],"wp:featuredmedia":[{"embeddable":true,"href":"https:\/\/www.enerjigazetesi.ist\/en\/wp-json\/wp\/v2\/media\/134375"}],"wp:attachment":[{"href":"https:\/\/www.enerjigazetesi.ist\/en\/wp-json\/wp\/v2\/media?parent=134370"}],"wp:term":[{"taxonomy":"category","embeddable":true,"href":"https:\/\/www.enerjigazetesi.ist\/en\/wp-json\/wp\/v2\/categories?post=134370"},{"taxonomy":"post_tag","embeddable":true,"href":"https:\/\/www.enerjigazetesi.ist\/en\/wp-json\/wp\/v2\/tags?post=134370"}],"curies":[{"name":"wp","href":"https:\/\/api.w.org\/{rel}","templated":true}]}}