{"id":134309,"date":"2021-05-03T13:00:24","date_gmt":"2021-05-03T10:00:24","guid":{"rendered":"https:\/\/www.enerjigazetesi.ist\/?p=134309"},"modified":"2021-05-03T13:05:11","modified_gmt":"2021-05-03T10:05:11","slug":"trakyada-toprak-ve-su-kaynaklarinin-durumu-ve-gelecegi-incelendi","status":"publish","type":"post","link":"https:\/\/www.enerjigazetesi.ist\/en\/trakyada-toprak-ve-su-kaynaklarinin-durumu-ve-gelecegi-incelendi\/","title":{"rendered":"(Turkish) &#8217;Trakya\u2019da &#8216;Toprak ve Su Kaynaklar\u0131n\u0131n Durumu ve Gelece\u011fi&#8217; \u0130ncelendi"},"content":{"rendered":"<p class=\"qtranxs-available-languages-message qtranxs-available-languages-message-en\">Sorry, this entry is only available in <a href=\"https:\/\/www.enerjigazetesi.ist\/tr\/wp-json\/wp\/v2\/posts\/134309\" class=\"qtranxs-available-language-link qtranxs-available-language-link-tr\" title=\"Turkish\">Turkish<\/a>. For the sake of viewer convenience, the content is shown below in the alternative language. You may click the link to switch the active language.<\/p><p><\/p>\n<h1><strong>T\u00fcrkiye \u00c7evre Platformu (T\u00dcR\u00c7EP) ve Marmara \u00c7evre Platformu (MAR\u00c7EP) ortakla\u015fa d\u00fczenledi\u011fi ve bir \u00e7ok \u00e7evreci \u00f6rg\u00fctlerin kat\u0131ld\u0131\u011f\u0131 bilgilendirme ve de\u011ferlendirme toplant\u0131s\u0131 \u00e7evrimi\u00e7i olarak yap\u0131ld\u0131.<\/strong><\/h1>\n<p style=\"text-align: center;\"><img loading=\"lazy\" class=\"aligncenter wp-image-134317\" src=\"https:\/\/www.enerjigazetesi.ist\/wp-content\/uploads\/2021\/05\/trakyada-toprak-ve-su-kaynaklarinin-durumu-ve-gelecegi-incelendi-3.jpg\" alt=\"\" width=\"550\" height=\"289\" srcset=\"https:\/\/www.enerjigazetesi.ist\/wp-content\/uploads\/2021\/05\/trakyada-toprak-ve-su-kaynaklarinin-durumu-ve-gelecegi-incelendi-3.jpg 736w, https:\/\/www.enerjigazetesi.ist\/wp-content\/uploads\/2021\/05\/trakyada-toprak-ve-su-kaynaklarinin-durumu-ve-gelecegi-incelendi-3-300x158.jpg 300w, https:\/\/www.enerjigazetesi.ist\/wp-content\/uploads\/2021\/05\/trakyada-toprak-ve-su-kaynaklarinin-durumu-ve-gelecegi-incelendi-3-500x263.jpg 500w, https:\/\/www.enerjigazetesi.ist\/wp-content\/uploads\/2021\/05\/trakyada-toprak-ve-su-kaynaklarinin-durumu-ve-gelecegi-incelendi-3-80x42.jpg 80w\" sizes=\"(max-width: 550px) 100vw, 550px\" \/><\/p>\n<p>Moderat\u00f6rl\u00fc\u011f\u00fcn\u00fc MAR\u00c7EP d\u00f6nem Sekreteri <strong>H\u00fcseyin ER\u00c7\u0130N<\/strong>&#8216;in yapt\u0131\u011f\u0131, <strong>\u201cTrakya\u2019da Toprak ve Su Kaynaklar\u0131n\u0131n Durumu ve Gelece\u011fi\u201d<\/strong> temal\u0131 bilgilenme toplant\u0131s\u0131nda Tekirda\u011f Nam\u0131k Kemal \u00dcniversitesinden <strong>Prof.Dr. Halim ORTA<\/strong> sunumunda a\u015fa\u011f\u0131daki bilgileri \u00e7evreciler ile payla\u015fm\u0131\u015ft\u0131r.<\/p>\n<p>T\u00fcrkiye y\u0131lda\u00a0<strong>40 milyar m3<\/strong> su kullanmakta olup, <strong>Trakya\u2019daki su kullan\u0131m\u0131<\/strong> bunun <strong>% 3<\/strong> \u00fc( 1,5 milyar m3 ) kadard\u0131r.<\/p>\n<p>Kullan\u0131lan su miktar\u0131n\u0131n <strong>4\/3\u00a0<\/strong>( 30 Milyar m3 ) tar\u0131mda\u00a0 kullan\u0131ld\u0131\u011f\u0131n\u0131 g\u00f6z \u00f6n\u00fcne al\u0131rsak <strong>tar\u0131mda sulamay\u0131 islah etmemiz gerekti\u011fi<\/strong> bir kez daha dikkatinize sunulmu\u015ftur.<\/p>\n<p>D\u00fcnya\u2019da ve T\u00fcrkiye\u2019 de su kaynaklar\u0131n\u0131n \u00e7ok fazla oldu\u011fu her taraf\u0131n denizlerle kapl\u0131 olmas\u0131na kar\u015f\u0131l\u0131k <strong>temiz su kaynaklar\u0131 \u00e7ok k\u0131t oldu\u011funu<\/strong> akl\u0131m\u0131zdan \u00e7\u0131kartmamam\u0131z gerekmektedir.<\/p>\n<p><strong>T\u00fcrkiye\u2019deki toplam 77,8 milyon hektarl\u0131k\u00a0 topra\u011f\u0131n:\u00a0 27,7 milyon hektar\u0131<\/strong> i\u015flenen toprak,\u00a0<strong>23,5 milyon hektar\u0131<\/strong>\u00a0 Orman, 22 milyon hektar\u0131 mera, 3,8 milyon hektar\u0131 di\u011fer araziler olup, Trakya\u2019da i\u015flenen toprak1,4 milyon hektar, 0,7 milyon hektar Orman olmas\u0131na ra\u011fmen akarsular\u0131m\u0131z\u00a0 \u00e7ok kirli akmaktad\u0131r. Bu da <strong>tar\u0131m\u0131 olumsuz y\u00f6nde<\/strong> etkilemektedir.<\/p>\n<p><strong>T\u00fcrkiye\u2019de kullanabilir su miktar\u0131\u00a0 toplam\u0131 110 milyar m3 olup:<\/strong> yer \u00fcst\u00fc su miktar\u0131 <strong>95 milyar m3<\/strong> , yer alt\u0131 su miktar\u0131 <strong>12 milyar m3<\/strong> ve yurt d\u0131\u015f\u0131 kaynakl\u0131 (nehirler vs) su miktar\u0131\u00a0 <strong>3 milyar m3\u00a0<\/strong> olmaktad\u0131r. Trakya\u2019da su miktar\u0131 bu miktarlar\u0131n yakla\u015f\u0131k <strong>% 3<\/strong> leri mertebesindedir.<\/p>\n<p><strong>Zoom \u00fczerinden<\/strong> yap\u0131lan toplant\u0131da toplant\u0131ya kat\u0131lan \u00e7evreci kurulu\u015f temsilcilerin <strong>sorular\u0131<\/strong> ve <strong>a\u00e7\u0131klay\u0131c\u0131<\/strong> ve <strong>doyurucu bilgiler ile<\/strong> toplant\u0131 sona ermi\u015ftir. <strong>Escevder (Eski\u015fehir \u00c7evre Koruma ve Geli\u015ftirme Derne\u011fi)\u00a0<\/strong>de kat\u0131l\u0131mc\u0131lar aras\u0131nda yer alm\u0131\u015ft\u0131r.<\/p>\n<p><strong>T\u00dcR\u00c7EP ( T\u00fcrkiye \u00c7evre Platformu )<\/strong> \u00f6nderli\u011finde yap\u0131lan bu s\u00f6yle\u015filere \u00e7evrimi\u00e7i toplant\u0131 \u015feklinde devam edece\u011fimizi kamuoyuna a\u00e7\u0131klamaktan mutluluk duyuyoruz.<\/p>\n<p style=\"text-align: center;\">T\u00dcR\u00c7EP KOOD\u0130NAT\u00d6R\u00dc\u00a0\u00a0\u00a0\u00a0\u00a0\u00a0\u00a0\u00a0\u00a0\u00a0\u00a0\u00a0\u00a0\u00a0\u00a0\u00a0\u00a0\u00a0\u00a0\u00a0\u00a0\u00a0\u00a0\u00a0\u00a0\u00a0\u00a0\u00a0\u00a0\u00a0 \u00a0\u00a0\u00a0\u00a0\u00a0\u00a0\u00a0\u00a0\u00a0\u00a0\u00a0\u00a0\u00a0\u00a0\u00a0\u00a0\u00a0\u00a0\u00a0\u00a0\u00a0\u00a0\u00a0\u00a0\u00a0\u00a0T\u00dcR\u00c7EP SEKRETER\u0130<\/p>\n<p style=\"text-align: center;\">\u00a0 \u00a0 \u00a0Prof.Dr. Tanay S\u0131dk\u0131 UYAR\u00a0\u00a0\u00a0\u00a0\u00a0\u00a0\u00a0\u00a0\u00a0\u00a0\u00a0\u00a0\u00a0\u00a0\u00a0\u00a0\u00a0\u00a0\u00a0\u00a0\u00a0\u00a0\u00a0\u00a0\u00a0\u00a0\u00a0\u00a0\u00a0\u00a0\u00a0\u00a0\u00a0\u00a0\u00a0\u00a0\u00a0\u00a0\u00a0\u00a0\u00a0\u00a0\u00a0\u00a0\u00a0\u00a0\u00a0\u00a0\u00a0\u00a0\u00a0\u00a0\u00a0 Ahmet Oktay DEM\u0130RKAN<\/p>\n<p><\/p>","protected":false},"excerpt":{"rendered":"<p>Sorry, this entry is only available in Turkish. For the sake of viewer convenience, the content is shown below in the alternative language. You may click the link to switch the active language. T\u00fcrkiye \u00c7evre Platformu (T\u00dcR\u00c7EP) ve Marmara \u00c7evre Platformu (MAR\u00c7EP) ortakla\u015fa d\u00fczenledi\u011fi ve bir \u00e7ok \u00e7evreci \u00f6rg\u00fctlerin kat\u0131ld\u0131\u011f\u0131 bilgilendirme ve de\u011ferlendirme toplant\u0131s\u0131 \u00e7evrimi\u00e7i [&hellip;]<\/p>\n","protected":false},"author":1,"featured_media":134316,"comment_status":"open","ping_status":"open","sticky":false,"template":"","format":"standard","meta":[],"categories":[53,52],"tags":[90011,90012,70472],"views":148,"_links":{"self":[{"href":"https:\/\/www.enerjigazetesi.ist\/en\/wp-json\/wp\/v2\/posts\/134309"}],"collection":[{"href":"https:\/\/www.enerjigazetesi.ist\/en\/wp-json\/wp\/v2\/posts"}],"about":[{"href":"https:\/\/www.enerjigazetesi.ist\/en\/wp-json\/wp\/v2\/types\/post"}],"author":[{"embeddable":true,"href":"https:\/\/www.enerjigazetesi.ist\/en\/wp-json\/wp\/v2\/users\/1"}],"replies":[{"embeddable":true,"href":"https:\/\/www.enerjigazetesi.ist\/en\/wp-json\/wp\/v2\/comments?post=134309"}],"version-history":[{"count":0,"href":"https:\/\/www.enerjigazetesi.ist\/en\/wp-json\/wp\/v2\/posts\/134309\/revisions"}],"wp:featuredmedia":[{"embeddable":true,"href":"https:\/\/www.enerjigazetesi.ist\/en\/wp-json\/wp\/v2\/media\/134316"}],"wp:attachment":[{"href":"https:\/\/www.enerjigazetesi.ist\/en\/wp-json\/wp\/v2\/media?parent=134309"}],"wp:term":[{"taxonomy":"category","embeddable":true,"href":"https:\/\/www.enerjigazetesi.ist\/en\/wp-json\/wp\/v2\/categories?post=134309"},{"taxonomy":"post_tag","embeddable":true,"href":"https:\/\/www.enerjigazetesi.ist\/en\/wp-json\/wp\/v2\/tags?post=134309"}],"curies":[{"name":"wp","href":"https:\/\/api.w.org\/{rel}","templated":true}]}}